{"id":2479,"date":"2019-07-06T22:08:30","date_gmt":"2019-07-06T20:08:30","guid":{"rendered":"http:\/\/skalickyobzor.sk\/cms\/?p=2479"},"modified":"2019-07-06T22:29:12","modified_gmt":"2019-07-06T20:29:12","slug":"vzacne-si-chranme","status":"publish","type":"post","link":"http:\/\/skalickyobzor.sk\/cms\/vzacne-si-chranme\/","title":{"rendered":"Vz\u00e1cn\u00e9 si chr\u00e1\u0148me!"},"content":{"rendered":"<p>Bilo leto, kr\u00e1sni tepl\u00ed de\u0148. Rekel sem si, \u017ee zajedu hore (tak v\u00a0ro\u010fi\u0148e r\u00edkame, ket ideme do vinohradu) a\u00a0naob\u00edram si do konvi\u010dki p\u00e1r slatk\u00edch mal\u00edn na pochutn\u00e1\u0148\u00ed. Zaparkoval sem auto a\u00a0kr\u00e1\u010dam hore vinohradem v\u00a0Propas\u0165\u00e1ch. Po\u010d\u00fav\u00e1m spjef vt\u00e1k\u00fa a\u00a0bzukot f\u010deli\u010dek. \u010e\u00edvam sa na hrozni, ker\u00e9 sa u\u0161 nal\u00e9vaj\u00fa, \u0165e\u0161\u00edm sa s\u00a0kr\u00e1snej pr\u00edrodi a\u00a0zastanu pri mali\u0148e. Visa\u010fil ju e\u0161\u0165e m\u00faj stare\u010dek a\u00a0je vz\u00e1cn\u00e1 n\u00e9 enom pro mja, lebo m\u00e1 is\u0165e vjec jak sto rok\u00fa a\u00a0por\u00e1t ro\u010f\u00ed slatk\u00e9 malini. U\u0161 jak mal\u00ed frkan sem po \u0148\u00ed lozil a\u00a0\u010ficki ruki, hubu, tri\u010dko, ba aj teniski, sem si zafarbil na \u010derveno-fialovo. Zral\u00e9 malini sa \u0165a\u0161ko ob\u00edraj\u00fa, lebo hnet z\u00a0\u0148ich te\u010de \u0161\u0165\u00e1va a\u00a0l\u00e1k\u00e1 f\u010deli. E\u0161\u0165e\u017ee mja stare\u010dk\u00e9 nau\u010dili, jak aspo\u0148 ruki a\u00a0hubu ot tej dobroti o\u010dis\u0165it.<\/p>\n<p>Jak? Jednoducho \u2013 ze \u0161\u0165\u00e1v\u00fa ze zelen\u00edch nezral\u00edch mal\u00edn. Ale jak sa tak \u010f\u00edv\u00e1m, ostal sem st\u00e1t jak pribit\u00ed \u2013 na kme\u0148i stromu, ker\u00ed je po d\u00e9lce praskl\u00ed, vi\u010f\u00edm hada. Je to mo\u017en\u00e9? Co f\u010d\u00edl? Hnet sem sa oto\u010dil, \u017ee si sko\u010d\u00edm pro fo\u0165\u00e1k, ale ket sem sa vr\u00e1\u0165il, u\u0161 tam had nebil. Lud\u00e9 sa vje\u010din\u00fa hada b\u00f3j\u00e1. No tento ne\u0148i jedovat\u00ed, ale je velice u\u017eite\u010dn\u00ed, lebo u\u017eofka stromov\u00e1 po\u017e\u00edr\u00e1 b\u00e1rsjak\u00fa h\u00e1ve\u0165 na stromoch aj na zemi. \u0160koda, \u017ee nedok\u00e1\u017ee po\u017e\u00edrat e\u0161te aj \u0161pa\u010dk\u00fa. T\u00edch, ket je moc, je to hotov\u00e1 pohroma, ober\u00fa hrozni raz-dva.<\/p>\n<p>O\u00a0tejto pr\u00edho\u010fe z\u00a0hadem na stromje sem vipr\u00e1vjal kolegovi ze \u0161koli Lacovi Bellaimu. Rekel mi, \u017ee aj on u\u0161 tehoto hada ve vinohra\u010fe vi\u010fel. A\u00a0sn\u00e1t n\u00e1s je v\u00edcej, co sme mjeli \u0161\u0165es\u0165\u00ed vi\u010fet ho v\u00a0na\u0161em raj\u00f3\u0148e, proto\u017ee u\u0161 je to pohlet velice vz\u00e1cn\u00ed. Chr\u00e1\u0148me si na\u0161u pr\u00edrodu. A\u00a0zvl\u00e1\u0161\u0165 stromi. M\u00e1m moc smutn\u00e9 o\u010di, ket vi\u010f\u00edm negde naschv\u00e1l zlomen\u00ed mlad\u00ed stromek. Ja si moju storo\u010dn\u00fa malinu chr\u00e1\u0148\u00edm. Okrem in\u0161\u00edho aj proto, jak\u00e1 je z\u00a0\u0148\u00ed dobr\u00e1 51 % malinovica. A\u00a0pri \u0148\u00ed sa tak dobre spom\u00edn\u00e1\u00a0&#8230;<\/p>\n<p>P\u00ed\u0161u enom to, co sem v\u00a0mojem \u017eivo\u0165e vi\u010fel, \u010dul a\u00a0za\u017eil.<\/p>\n<p>&nbsp;<\/p>\n<p><em>Miloslav Tom\u0161ej st.,<\/em><br \/>\n<em>Skali\u010dan \u0165elem aj du\u0161\u00fa<\/em><\/p>\n","protected":false},"excerpt":{"rendered":"<div class=\"mh-excerpt\"><p>Bilo leto, kr\u00e1sni tepl\u00ed de\u0148. Rekel sem si, \u017ee zajedu hore (tak v\u00a0ro\u010fi\u0148e r\u00edkame, ket ideme do vinohradu) a\u00a0naob\u00edram si do konvi\u010dki p\u00e1r slatk\u00edch mal\u00edn na pochutn\u00e1\u0148\u00ed. Zaparkoval sem auto a\u00a0kr\u00e1\u010dam hore vinohradem v\u00a0Propas\u0165\u00e1ch. Po\u010d\u00fav\u00e1m <a class=\"mh-excerpt-more\" href=\"http:\/\/skalickyobzor.sk\/cms\/vzacne-si-chranme\/\" title=\"Vz\u00e1cn\u00e9 si chr\u00e1\u0148me!\">[&#8230;]<\/a><\/p>\n<\/div>","protected":false},"author":17,"featured_media":2488,"comment_status":"closed","ping_status":"closed","sticky":false,"template":"","format":"standard","meta":{"footnotes":""},"categories":[4],"tags":[],"class_list":{"0":"post-2479","1":"post","2":"type-post","3":"status-publish","4":"format-standard","5":"has-post-thumbnail","7":"category-ja-su-ze-skalice"},"_links":{"self":[{"href":"http:\/\/skalickyobzor.sk\/cms\/wp-json\/wp\/v2\/posts\/2479","targetHints":{"allow":["GET"]}}],"collection":[{"href":"http:\/\/skalickyobzor.sk\/cms\/wp-json\/wp\/v2\/posts"}],"about":[{"href":"http:\/\/skalickyobzor.sk\/cms\/wp-json\/wp\/v2\/types\/post"}],"author":[{"embeddable":true,"href":"http:\/\/skalickyobzor.sk\/cms\/wp-json\/wp\/v2\/users\/17"}],"replies":[{"embeddable":true,"href":"http:\/\/skalickyobzor.sk\/cms\/wp-json\/wp\/v2\/comments?post=2479"}],"version-history":[{"count":2,"href":"http:\/\/skalickyobzor.sk\/cms\/wp-json\/wp\/v2\/posts\/2479\/revisions"}],"predecessor-version":[{"id":2490,"href":"http:\/\/skalickyobzor.sk\/cms\/wp-json\/wp\/v2\/posts\/2479\/revisions\/2490"}],"wp:featuredmedia":[{"embeddable":true,"href":"http:\/\/skalickyobzor.sk\/cms\/wp-json\/wp\/v2\/media\/2488"}],"wp:attachment":[{"href":"http:\/\/skalickyobzor.sk\/cms\/wp-json\/wp\/v2\/media?parent=2479"}],"wp:term":[{"taxonomy":"category","embeddable":true,"href":"http:\/\/skalickyobzor.sk\/cms\/wp-json\/wp\/v2\/categories?post=2479"},{"taxonomy":"post_tag","embeddable":true,"href":"http:\/\/skalickyobzor.sk\/cms\/wp-json\/wp\/v2\/tags?post=2479"}],"curies":[{"name":"wp","href":"https:\/\/api.w.org\/{rel}","templated":true}]}}