{"id":2513,"date":"2019-07-06T22:03:46","date_gmt":"2019-07-06T20:03:46","guid":{"rendered":"http:\/\/skalickyobzor.sk\/cms\/?p=2513"},"modified":"2019-07-06T22:28:37","modified_gmt":"2019-07-06T20:28:37","slug":"kaleidoskop-19","status":"publish","type":"post","link":"http:\/\/skalickyobzor.sk\/cms\/kaleidoskop-19\/","title":{"rendered":"Kaleidoskop"},"content":{"rendered":"<figure id=\"attachment_2515\" aria-describedby=\"caption-attachment-2515\" style=\"width: 800px\" class=\"wp-caption aligncenter\"><img loading=\"lazy\" decoding=\"async\" class=\"size-full wp-image-2515\" src=\"http:\/\/skalickyobzor.sk\/cms\/wp-content\/uploads\/2019\/07\/kaleidoskop_7_2019_2.jpg\" alt=\"\" width=\"800\" height=\"449\" srcset=\"http:\/\/skalickyobzor.sk\/cms\/wp-content\/uploads\/2019\/07\/kaleidoskop_7_2019_2.jpg 800w, http:\/\/skalickyobzor.sk\/cms\/wp-content\/uploads\/2019\/07\/kaleidoskop_7_2019_2-300x168.jpg 300w, http:\/\/skalickyobzor.sk\/cms\/wp-content\/uploads\/2019\/07\/kaleidoskop_7_2019_2-768x431.jpg 768w, http:\/\/skalickyobzor.sk\/cms\/wp-content\/uploads\/2019\/07\/kaleidoskop_7_2019_2-678x381.jpg 678w\" sizes=\"auto, (max-width: 800px) 100vw, 800px\" \/><figcaption id=\"caption-attachment-2515\" class=\"wp-caption-text\">FESTIVAL DETSK\u00ddCH TALENTOV \u2013 5. ro\u010dn\u00edk | 29. 5. 2019<br \/>Arch\u00edv: Radovan Blaha<\/figcaption><\/figure>\n<figure id=\"attachment_2516\" aria-describedby=\"caption-attachment-2516\" style=\"width: 800px\" class=\"wp-caption aligncenter\"><img loading=\"lazy\" decoding=\"async\" class=\"size-full wp-image-2516\" src=\"http:\/\/skalickyobzor.sk\/cms\/wp-content\/uploads\/2019\/07\/kaleidoskop_7_2019_4.jpg\" alt=\"\" width=\"800\" height=\"449\" srcset=\"http:\/\/skalickyobzor.sk\/cms\/wp-content\/uploads\/2019\/07\/kaleidoskop_7_2019_4.jpg 800w, http:\/\/skalickyobzor.sk\/cms\/wp-content\/uploads\/2019\/07\/kaleidoskop_7_2019_4-300x168.jpg 300w, http:\/\/skalickyobzor.sk\/cms\/wp-content\/uploads\/2019\/07\/kaleidoskop_7_2019_4-768x431.jpg 768w, http:\/\/skalickyobzor.sk\/cms\/wp-content\/uploads\/2019\/07\/kaleidoskop_7_2019_4-678x381.jpg 678w\" sizes=\"auto, (max-width: 800px) 100vw, 800px\" \/><figcaption id=\"caption-attachment-2516\" class=\"wp-caption-text\">FESTIVAL DETSK\u00ddCH TALENTOV \u2013 5. ro\u010dn\u00edk | 29. 5. 2019<br \/>Arch\u00edv: Radovan Blaha<\/figcaption><\/figure>\n<figure id=\"attachment_2517\" aria-describedby=\"caption-attachment-2517\" style=\"width: 800px\" class=\"wp-caption aligncenter\"><img loading=\"lazy\" decoding=\"async\" class=\"size-full wp-image-2517\" src=\"http:\/\/skalickyobzor.sk\/cms\/wp-content\/uploads\/2019\/07\/kaleidoskop_7_2019_5.jpg\" alt=\"\" width=\"800\" height=\"449\" srcset=\"http:\/\/skalickyobzor.sk\/cms\/wp-content\/uploads\/2019\/07\/kaleidoskop_7_2019_5.jpg 800w, http:\/\/skalickyobzor.sk\/cms\/wp-content\/uploads\/2019\/07\/kaleidoskop_7_2019_5-300x168.jpg 300w, http:\/\/skalickyobzor.sk\/cms\/wp-content\/uploads\/2019\/07\/kaleidoskop_7_2019_5-768x431.jpg 768w, http:\/\/skalickyobzor.sk\/cms\/wp-content\/uploads\/2019\/07\/kaleidoskop_7_2019_5-678x381.jpg 678w\" sizes=\"auto, (max-width: 800px) 100vw, 800px\" \/><figcaption id=\"caption-attachment-2517\" class=\"wp-caption-text\">FESTIVAL DETSK\u00ddCH TALENTOV \u2013 5. ro\u010dn\u00edk | 29. 5. 2019<br \/>Arch\u00edv: Radovan Blaha<\/figcaption><\/figure>\n<figure id=\"attachment_2518\" aria-describedby=\"caption-attachment-2518\" style=\"width: 800px\" class=\"wp-caption aligncenter\"><img loading=\"lazy\" decoding=\"async\" class=\"size-full wp-image-2518\" src=\"http:\/\/skalickyobzor.sk\/cms\/wp-content\/uploads\/2019\/07\/kaleidoskop_7_2019_6.jpg\" alt=\"\" width=\"800\" height=\"449\" srcset=\"http:\/\/skalickyobzor.sk\/cms\/wp-content\/uploads\/2019\/07\/kaleidoskop_7_2019_6.jpg 800w, http:\/\/skalickyobzor.sk\/cms\/wp-content\/uploads\/2019\/07\/kaleidoskop_7_2019_6-300x168.jpg 300w, http:\/\/skalickyobzor.sk\/cms\/wp-content\/uploads\/2019\/07\/kaleidoskop_7_2019_6-768x431.jpg 768w, http:\/\/skalickyobzor.sk\/cms\/wp-content\/uploads\/2019\/07\/kaleidoskop_7_2019_6-678x381.jpg 678w\" sizes=\"auto, (max-width: 800px) 100vw, 800px\" \/><figcaption id=\"caption-attachment-2518\" class=\"wp-caption-text\">FESTIVAL DETSK\u00ddCH TALENTOV \u2013 5. ro\u010dn\u00edk | 29. 5. 2019<br \/>Arch\u00edv: Radovan Blaha<\/figcaption><\/figure>\n<figure id=\"attachment_2519\" aria-describedby=\"caption-attachment-2519\" style=\"width: 800px\" class=\"wp-caption aligncenter\"><img loading=\"lazy\" decoding=\"async\" class=\"size-full wp-image-2519\" src=\"http:\/\/skalickyobzor.sk\/cms\/wp-content\/uploads\/2019\/07\/kaleidoskop_7_2019_7.jpg\" alt=\"\" width=\"800\" height=\"449\" srcset=\"http:\/\/skalickyobzor.sk\/cms\/wp-content\/uploads\/2019\/07\/kaleidoskop_7_2019_7.jpg 800w, http:\/\/skalickyobzor.sk\/cms\/wp-content\/uploads\/2019\/07\/kaleidoskop_7_2019_7-300x168.jpg 300w, http:\/\/skalickyobzor.sk\/cms\/wp-content\/uploads\/2019\/07\/kaleidoskop_7_2019_7-768x431.jpg 768w, http:\/\/skalickyobzor.sk\/cms\/wp-content\/uploads\/2019\/07\/kaleidoskop_7_2019_7-678x381.jpg 678w\" sizes=\"auto, (max-width: 800px) 100vw, 800px\" \/><figcaption id=\"caption-attachment-2519\" class=\"wp-caption-text\">FESTIVAL DETSK\u00ddCH TALENTOV \u2013 5. ro\u010dn\u00edk | 29. 5. 2019<br \/>Arch\u00edv: Radovan Blaha<\/figcaption><\/figure>\n<figure id=\"attachment_2520\" aria-describedby=\"caption-attachment-2520\" style=\"width: 600px\" class=\"wp-caption aligncenter\"><img loading=\"lazy\" decoding=\"async\" class=\"size-full wp-image-2520\" src=\"http:\/\/skalickyobzor.sk\/cms\/wp-content\/uploads\/2019\/07\/kaleidoskop_7_2019_8.jpg\" alt=\"\" width=\"600\" height=\"800\" srcset=\"http:\/\/skalickyobzor.sk\/cms\/wp-content\/uploads\/2019\/07\/kaleidoskop_7_2019_8.jpg 600w, http:\/\/skalickyobzor.sk\/cms\/wp-content\/uploads\/2019\/07\/kaleidoskop_7_2019_8-225x300.jpg 225w\" sizes=\"auto, (max-width: 600px) 100vw, 600px\" \/><figcaption id=\"caption-attachment-2520\" class=\"wp-caption-text\">NAJMLAD\u0160IA \u010cITATE\u013dKA \u2013 rodina Miku\u0161ov\u00e1 | 15. 5. 2019<br \/>Foto: Adriana Miku\u0161ov\u00e1<\/figcaption><\/figure>\n<figure id=\"attachment_2521\" aria-describedby=\"caption-attachment-2521\" style=\"width: 800px\" class=\"wp-caption aligncenter\"><img loading=\"lazy\" decoding=\"async\" class=\"size-full wp-image-2521\" src=\"http:\/\/skalickyobzor.sk\/cms\/wp-content\/uploads\/2019\/07\/kaleidoskop_7_2019_3.jpg\" alt=\"\" width=\"800\" height=\"533\" srcset=\"http:\/\/skalickyobzor.sk\/cms\/wp-content\/uploads\/2019\/07\/kaleidoskop_7_2019_3.jpg 800w, http:\/\/skalickyobzor.sk\/cms\/wp-content\/uploads\/2019\/07\/kaleidoskop_7_2019_3-300x200.jpg 300w, http:\/\/skalickyobzor.sk\/cms\/wp-content\/uploads\/2019\/07\/kaleidoskop_7_2019_3-768x512.jpg 768w\" sizes=\"auto, (max-width: 800px) 100vw, 800px\" \/><figcaption id=\"caption-attachment-2521\" class=\"wp-caption-text\">VIA HUMANA \u2013 maturanti | 1. 6. 2019<br \/>Arch\u00edv: Via Humana<\/figcaption><\/figure>\n<figure id=\"attachment_2522\" aria-describedby=\"caption-attachment-2522\" style=\"width: 800px\" class=\"wp-caption aligncenter\"><img loading=\"lazy\" decoding=\"async\" class=\"size-full wp-image-2522\" src=\"http:\/\/skalickyobzor.sk\/cms\/wp-content\/uploads\/2019\/07\/kaleidoskop_7_2019_1.jpg\" alt=\"\" width=\"800\" height=\"600\" srcset=\"http:\/\/skalickyobzor.sk\/cms\/wp-content\/uploads\/2019\/07\/kaleidoskop_7_2019_1.jpg 800w, http:\/\/skalickyobzor.sk\/cms\/wp-content\/uploads\/2019\/07\/kaleidoskop_7_2019_1-300x225.jpg 300w, http:\/\/skalickyobzor.sk\/cms\/wp-content\/uploads\/2019\/07\/kaleidoskop_7_2019_1-768x576.jpg 768w, http:\/\/skalickyobzor.sk\/cms\/wp-content\/uploads\/2019\/07\/kaleidoskop_7_2019_1-678x509.jpg 678w, http:\/\/skalickyobzor.sk\/cms\/wp-content\/uploads\/2019\/07\/kaleidoskop_7_2019_1-326x245.jpg 326w, http:\/\/skalickyobzor.sk\/cms\/wp-content\/uploads\/2019\/07\/kaleidoskop_7_2019_1-80x60.jpg 80w\" sizes=\"auto, (max-width: 800px) 100vw, 800px\" \/><figcaption id=\"caption-attachment-2522\" class=\"wp-caption-text\">SCHAEFFLER DE\u0164OM M\u0160 HURBANOVA \u2013 \u0160a\u0161o Jaro u\u00a0Sedmokr\u00e1sok | 7. 6. 2019<br \/>Arch\u00edv: M\u0160 Hviezdoslavova<\/figcaption><\/figure>\n<figure id=\"attachment_2523\" aria-describedby=\"caption-attachment-2523\" style=\"width: 800px\" class=\"wp-caption aligncenter\"><img loading=\"lazy\" decoding=\"async\" class=\"size-full wp-image-2523\" src=\"http:\/\/skalickyobzor.sk\/cms\/wp-content\/uploads\/2019\/07\/kaleidoskop_7_2019_9.jpg\" alt=\"\" width=\"800\" height=\"534\" srcset=\"http:\/\/skalickyobzor.sk\/cms\/wp-content\/uploads\/2019\/07\/kaleidoskop_7_2019_9.jpg 800w, http:\/\/skalickyobzor.sk\/cms\/wp-content\/uploads\/2019\/07\/kaleidoskop_7_2019_9-300x200.jpg 300w, http:\/\/skalickyobzor.sk\/cms\/wp-content\/uploads\/2019\/07\/kaleidoskop_7_2019_9-768x513.jpg 768w\" sizes=\"auto, (max-width: 800px) 100vw, 800px\" \/><figcaption id=\"caption-attachment-2523\" class=\"wp-caption-text\">SKALICK\u00c1 MESTSK\u00c1 RE\u010c \u2013 Uv\u00edtanie knihy | 13.\u00a06. 2019<br \/>Foto: J\u00e1n Pardubsk\u00fd<\/figcaption><\/figure>\n<figure id=\"attachment_2524\" aria-describedby=\"caption-attachment-2524\" style=\"width: 800px\" class=\"wp-caption aligncenter\"><img loading=\"lazy\" decoding=\"async\" class=\"size-full wp-image-2524\" src=\"http:\/\/skalickyobzor.sk\/cms\/wp-content\/uploads\/2019\/07\/kaleidoskop_7_2019_18.jpg\" alt=\"\" width=\"800\" height=\"450\" srcset=\"http:\/\/skalickyobzor.sk\/cms\/wp-content\/uploads\/2019\/07\/kaleidoskop_7_2019_18.jpg 800w, http:\/\/skalickyobzor.sk\/cms\/wp-content\/uploads\/2019\/07\/kaleidoskop_7_2019_18-300x169.jpg 300w, http:\/\/skalickyobzor.sk\/cms\/wp-content\/uploads\/2019\/07\/kaleidoskop_7_2019_18-768x432.jpg 768w, http:\/\/skalickyobzor.sk\/cms\/wp-content\/uploads\/2019\/07\/kaleidoskop_7_2019_18-678x381.jpg 678w\" sizes=\"auto, (max-width: 800px) 100vw, 800px\" \/><figcaption id=\"caption-attachment-2524\" class=\"wp-caption-text\">SKALICK\u00c1 MESTSK\u00c1 RE\u010c \u2013 Uv\u00edtanie knihy | 13.\u00a06. 2019<br \/>Foto: Anton\u00edn Vrba<\/figcaption><\/figure>\n<figure id=\"attachment_2525\" aria-describedby=\"caption-attachment-2525\" style=\"width: 800px\" class=\"wp-caption aligncenter\"><img loading=\"lazy\" decoding=\"async\" class=\"size-full wp-image-2525\" src=\"http:\/\/skalickyobzor.sk\/cms\/wp-content\/uploads\/2019\/07\/kaleidoskop_7_2019_19.jpg\" alt=\"\" width=\"800\" height=\"627\" srcset=\"http:\/\/skalickyobzor.sk\/cms\/wp-content\/uploads\/2019\/07\/kaleidoskop_7_2019_19.jpg 800w, http:\/\/skalickyobzor.sk\/cms\/wp-content\/uploads\/2019\/07\/kaleidoskop_7_2019_19-300x235.jpg 300w, http:\/\/skalickyobzor.sk\/cms\/wp-content\/uploads\/2019\/07\/kaleidoskop_7_2019_19-768x602.jpg 768w\" sizes=\"auto, (max-width: 800px) 100vw, 800px\" \/><figcaption id=\"caption-attachment-2525\" class=\"wp-caption-text\">SKALICK\u00c1 MESTSK\u00c1 RE\u010c \u2013 Uv\u00edtanie knihy | 13.\u00a06. 2019<br \/>Foto: Miroslav Min\u010f\u00e1\u0161<\/figcaption><\/figure>\n<figure id=\"attachment_2526\" aria-describedby=\"caption-attachment-2526\" style=\"width: 800px\" class=\"wp-caption aligncenter\"><img loading=\"lazy\" decoding=\"async\" class=\"size-full wp-image-2526\" src=\"http:\/\/skalickyobzor.sk\/cms\/wp-content\/uploads\/2019\/07\/kaleidoskop_7_2019_20.jpg\" alt=\"\" width=\"800\" height=\"533\" srcset=\"http:\/\/skalickyobzor.sk\/cms\/wp-content\/uploads\/2019\/07\/kaleidoskop_7_2019_20.jpg 800w, http:\/\/skalickyobzor.sk\/cms\/wp-content\/uploads\/2019\/07\/kaleidoskop_7_2019_20-300x200.jpg 300w, http:\/\/skalickyobzor.sk\/cms\/wp-content\/uploads\/2019\/07\/kaleidoskop_7_2019_20-768x512.jpg 768w\" sizes=\"auto, (max-width: 800px) 100vw, 800px\" \/><figcaption id=\"caption-attachment-2526\" class=\"wp-caption-text\">SKALICK\u00c1 MESTSK\u00c1 RE\u010c \u2013 Uv\u00edtanie knihy | 13.\u00a06. 2019<br \/>Foto: Miroslav Min\u010f\u00e1\u0161<\/figcaption><\/figure>\n<figure id=\"attachment_2527\" aria-describedby=\"caption-attachment-2527\" style=\"width: 800px\" class=\"wp-caption aligncenter\"><img loading=\"lazy\" decoding=\"async\" class=\"size-full wp-image-2527\" src=\"http:\/\/skalickyobzor.sk\/cms\/wp-content\/uploads\/2019\/07\/kaleidoskop_7_2019_16.jpg\" alt=\"\" width=\"800\" height=\"600\" srcset=\"http:\/\/skalickyobzor.sk\/cms\/wp-content\/uploads\/2019\/07\/kaleidoskop_7_2019_16.jpg 800w, http:\/\/skalickyobzor.sk\/cms\/wp-content\/uploads\/2019\/07\/kaleidoskop_7_2019_16-300x225.jpg 300w, http:\/\/skalickyobzor.sk\/cms\/wp-content\/uploads\/2019\/07\/kaleidoskop_7_2019_16-768x576.jpg 768w, http:\/\/skalickyobzor.sk\/cms\/wp-content\/uploads\/2019\/07\/kaleidoskop_7_2019_16-678x509.jpg 678w, http:\/\/skalickyobzor.sk\/cms\/wp-content\/uploads\/2019\/07\/kaleidoskop_7_2019_16-326x245.jpg 326w, http:\/\/skalickyobzor.sk\/cms\/wp-content\/uploads\/2019\/07\/kaleidoskop_7_2019_16-80x60.jpg 80w\" sizes=\"auto, (max-width: 800px) 100vw, 800px\" \/><figcaption id=\"caption-attachment-2527\" class=\"wp-caption-text\">INDI\u00c1NSKE LETO \u2013 Stretnutie M\u0160 skalick\u00e9ho okresu | 12.\u00a06. 2019<br \/>Arch\u00edv: M\u0160 Skalica<\/figcaption><\/figure>\n<figure id=\"attachment_2528\" aria-describedby=\"caption-attachment-2528\" style=\"width: 800px\" class=\"wp-caption aligncenter\"><img loading=\"lazy\" decoding=\"async\" class=\"size-full wp-image-2528\" src=\"http:\/\/skalickyobzor.sk\/cms\/wp-content\/uploads\/2019\/07\/kaleidoskop_7_2019_17.jpg\" alt=\"\" width=\"800\" height=\"600\" srcset=\"http:\/\/skalickyobzor.sk\/cms\/wp-content\/uploads\/2019\/07\/kaleidoskop_7_2019_17.jpg 800w, http:\/\/skalickyobzor.sk\/cms\/wp-content\/uploads\/2019\/07\/kaleidoskop_7_2019_17-300x225.jpg 300w, http:\/\/skalickyobzor.sk\/cms\/wp-content\/uploads\/2019\/07\/kaleidoskop_7_2019_17-768x576.jpg 768w, http:\/\/skalickyobzor.sk\/cms\/wp-content\/uploads\/2019\/07\/kaleidoskop_7_2019_17-678x509.jpg 678w, http:\/\/skalickyobzor.sk\/cms\/wp-content\/uploads\/2019\/07\/kaleidoskop_7_2019_17-326x245.jpg 326w, http:\/\/skalickyobzor.sk\/cms\/wp-content\/uploads\/2019\/07\/kaleidoskop_7_2019_17-80x60.jpg 80w\" sizes=\"auto, (max-width: 800px) 100vw, 800px\" \/><figcaption id=\"caption-attachment-2528\" class=\"wp-caption-text\">INDI\u00c1NSKE LETO \u2013 Stretnutie M\u0160 skalick\u00e9ho okresu | 12.\u00a06. 2019<br \/>Arch\u00edv: M\u0160 Skalica<\/figcaption><\/figure>\n<figure id=\"attachment_2529\" aria-describedby=\"caption-attachment-2529\" style=\"width: 800px\" class=\"wp-caption aligncenter\"><img loading=\"lazy\" decoding=\"async\" class=\"size-full wp-image-2529\" src=\"http:\/\/skalickyobzor.sk\/cms\/wp-content\/uploads\/2019\/07\/kaleidoskop_7_2019_10.jpg\" alt=\"\" width=\"800\" height=\"534\" srcset=\"http:\/\/skalickyobzor.sk\/cms\/wp-content\/uploads\/2019\/07\/kaleidoskop_7_2019_10.jpg 800w, http:\/\/skalickyobzor.sk\/cms\/wp-content\/uploads\/2019\/07\/kaleidoskop_7_2019_10-300x200.jpg 300w, http:\/\/skalickyobzor.sk\/cms\/wp-content\/uploads\/2019\/07\/kaleidoskop_7_2019_10-768x513.jpg 768w\" sizes=\"auto, (max-width: 800px) 100vw, 800px\" \/><figcaption id=\"caption-attachment-2529\" class=\"wp-caption-text\">SPOMIENKA NA ANTONA SRHOLCA \u2013 Jezuitsk\u00fd kostol | 9.\u00a06. 2019<br \/>Foto: J\u00e1n Pardubsk\u00fd<\/figcaption><\/figure>\n<figure id=\"attachment_2530\" aria-describedby=\"caption-attachment-2530\" style=\"width: 534px\" class=\"wp-caption aligncenter\"><img loading=\"lazy\" decoding=\"async\" class=\"size-full wp-image-2530\" src=\"http:\/\/skalickyobzor.sk\/cms\/wp-content\/uploads\/2019\/07\/kaleidoskop_7_2019_12.jpg\" alt=\"\" width=\"534\" height=\"800\" srcset=\"http:\/\/skalickyobzor.sk\/cms\/wp-content\/uploads\/2019\/07\/kaleidoskop_7_2019_12.jpg 534w, http:\/\/skalickyobzor.sk\/cms\/wp-content\/uploads\/2019\/07\/kaleidoskop_7_2019_12-200x300.jpg 200w\" sizes=\"auto, (max-width: 534px) 100vw, 534px\" \/><figcaption id=\"caption-attachment-2530\" class=\"wp-caption-text\">SPOMIENKA NA ANTONA SRHOLCA \u2013 Jezuitsk\u00fd kostol | 9.\u00a06. 2019<br \/>Foto: J\u00e1n Pardubsk\u00fd<\/figcaption><\/figure>\n<figure id=\"attachment_2531\" aria-describedby=\"caption-attachment-2531\" style=\"width: 800px\" class=\"wp-caption aligncenter\"><img loading=\"lazy\" decoding=\"async\" class=\"size-full wp-image-2531\" src=\"http:\/\/skalickyobzor.sk\/cms\/wp-content\/uploads\/2019\/07\/kaleidoskop_7_2019_13.jpg\" alt=\"\" width=\"800\" height=\"534\" srcset=\"http:\/\/skalickyobzor.sk\/cms\/wp-content\/uploads\/2019\/07\/kaleidoskop_7_2019_13.jpg 800w, http:\/\/skalickyobzor.sk\/cms\/wp-content\/uploads\/2019\/07\/kaleidoskop_7_2019_13-300x200.jpg 300w, http:\/\/skalickyobzor.sk\/cms\/wp-content\/uploads\/2019\/07\/kaleidoskop_7_2019_13-768x513.jpg 768w\" sizes=\"auto, (max-width: 800px) 100vw, 800px\" \/><figcaption id=\"caption-attachment-2531\" class=\"wp-caption-text\">SPOMIENKA NA ANTONA SRHOLCA \u2013 Jezuitsk\u00fd kostol | 9.\u00a06. 2019<br \/>Foto: J\u00e1n Pardubsk\u00fd<\/figcaption><\/figure>\n<figure id=\"attachment_2532\" aria-describedby=\"caption-attachment-2532\" style=\"width: 800px\" class=\"wp-caption aligncenter\"><img loading=\"lazy\" decoding=\"async\" class=\"size-full wp-image-2532\" src=\"http:\/\/skalickyobzor.sk\/cms\/wp-content\/uploads\/2019\/07\/kaleidoskop_7_2019_15.jpg\" alt=\"\" width=\"800\" height=\"534\" srcset=\"http:\/\/skalickyobzor.sk\/cms\/wp-content\/uploads\/2019\/07\/kaleidoskop_7_2019_15.jpg 800w, http:\/\/skalickyobzor.sk\/cms\/wp-content\/uploads\/2019\/07\/kaleidoskop_7_2019_15-300x200.jpg 300w, http:\/\/skalickyobzor.sk\/cms\/wp-content\/uploads\/2019\/07\/kaleidoskop_7_2019_15-768x513.jpg 768w\" sizes=\"auto, (max-width: 800px) 100vw, 800px\" \/><figcaption id=\"caption-attachment-2532\" class=\"wp-caption-text\">SPOMIENKA NA ANTONA SRHOLCA \u2013 Jezuitsk\u00fd kostol | 9.\u00a06. 2019<br \/>Foto: J\u00e1n Pardubsk\u00fd<\/figcaption><\/figure>\n<figure id=\"attachment_2533\" aria-describedby=\"caption-attachment-2533\" style=\"width: 800px\" class=\"wp-caption aligncenter\"><img loading=\"lazy\" decoding=\"async\" class=\"size-full wp-image-2533\" src=\"http:\/\/skalickyobzor.sk\/cms\/wp-content\/uploads\/2019\/07\/kaleidoskop_7_2019_11.jpg\" alt=\"\" width=\"800\" height=\"533\" srcset=\"http:\/\/skalickyobzor.sk\/cms\/wp-content\/uploads\/2019\/07\/kaleidoskop_7_2019_11.jpg 800w, http:\/\/skalickyobzor.sk\/cms\/wp-content\/uploads\/2019\/07\/kaleidoskop_7_2019_11-300x200.jpg 300w, http:\/\/skalickyobzor.sk\/cms\/wp-content\/uploads\/2019\/07\/kaleidoskop_7_2019_11-768x512.jpg 768w\" sizes=\"auto, (max-width: 800px) 100vw, 800px\" \/><figcaption id=\"caption-attachment-2533\" class=\"wp-caption-text\">FAMILY DAY \u2013 Skalick\u00fd golf | 15.\u00a06. 2019<br \/>Arch\u00edv: So\u0148a Postov\u00e1<\/figcaption><\/figure>\n<figure id=\"attachment_2534\" aria-describedby=\"caption-attachment-2534\" style=\"width: 800px\" class=\"wp-caption aligncenter\"><img loading=\"lazy\" decoding=\"async\" class=\"size-full wp-image-2534\" src=\"http:\/\/skalickyobzor.sk\/cms\/wp-content\/uploads\/2019\/07\/kaleidoskop_7_2019_14.jpg\" alt=\"\" width=\"800\" height=\"533\" srcset=\"http:\/\/skalickyobzor.sk\/cms\/wp-content\/uploads\/2019\/07\/kaleidoskop_7_2019_14.jpg 800w, http:\/\/skalickyobzor.sk\/cms\/wp-content\/uploads\/2019\/07\/kaleidoskop_7_2019_14-300x200.jpg 300w, http:\/\/skalickyobzor.sk\/cms\/wp-content\/uploads\/2019\/07\/kaleidoskop_7_2019_14-768x512.jpg 768w\" sizes=\"auto, (max-width: 800px) 100vw, 800px\" \/><figcaption id=\"caption-attachment-2534\" class=\"wp-caption-text\">FAMILY DAY \u2013 Skalick\u00fd golf | 15.\u00a06. 2019<br \/>Arch\u00edv: So\u0148a Postov\u00e1<\/figcaption><\/figure>\n","protected":false},"excerpt":{"rendered":"<div class=\"mh-excerpt\"><\/div>","protected":false},"author":1,"featured_media":2514,"comment_status":"closed","ping_status":"closed","sticky":false,"template":"","format":"standard","meta":{"footnotes":""},"categories":[6],"tags":[],"class_list":{"0":"post-2513","1":"post","2":"type-post","3":"status-publish","4":"format-standard","5":"has-post-thumbnail","7":"category-kaleidoskop"},"_links":{"self":[{"href":"http:\/\/skalickyobzor.sk\/cms\/wp-json\/wp\/v2\/posts\/2513","targetHints":{"allow":["GET"]}}],"collection":[{"href":"http:\/\/skalickyobzor.sk\/cms\/wp-json\/wp\/v2\/posts"}],"about":[{"href":"http:\/\/skalickyobzor.sk\/cms\/wp-json\/wp\/v2\/types\/post"}],"author":[{"embeddable":true,"href":"http:\/\/skalickyobzor.sk\/cms\/wp-json\/wp\/v2\/users\/1"}],"replies":[{"embeddable":true,"href":"http:\/\/skalickyobzor.sk\/cms\/wp-json\/wp\/v2\/comments?post=2513"}],"version-history":[{"count":1,"href":"http:\/\/skalickyobzor.sk\/cms\/wp-json\/wp\/v2\/posts\/2513\/revisions"}],"predecessor-version":[{"id":2535,"href":"http:\/\/skalickyobzor.sk\/cms\/wp-json\/wp\/v2\/posts\/2513\/revisions\/2535"}],"wp:featuredmedia":[{"embeddable":true,"href":"http:\/\/skalickyobzor.sk\/cms\/wp-json\/wp\/v2\/media\/2514"}],"wp:attachment":[{"href":"http:\/\/skalickyobzor.sk\/cms\/wp-json\/wp\/v2\/media?parent=2513"}],"wp:term":[{"taxonomy":"category","embeddable":true,"href":"http:\/\/skalickyobzor.sk\/cms\/wp-json\/wp\/v2\/categories?post=2513"},{"taxonomy":"post_tag","embeddable":true,"href":"http:\/\/skalickyobzor.sk\/cms\/wp-json\/wp\/v2\/tags?post=2513"}],"curies":[{"name":"wp","href":"https:\/\/api.w.org\/{rel}","templated":true}]}}