{"id":2545,"date":"2019-07-06T22:05:43","date_gmt":"2019-07-06T20:05:43","guid":{"rendered":"http:\/\/skalickyobzor.sk\/cms\/?p=2545"},"modified":"2019-07-06T22:28:54","modified_gmt":"2019-07-06T20:28:54","slug":"druhy-dych","status":"publish","type":"post","link":"http:\/\/skalickyobzor.sk\/cms\/druhy-dych\/","title":{"rendered":"Druh\u00fd dych"},"content":{"rendered":"<p>Cesta zav\u0161e vedie pustatinou,<br \/>\nvyschnut\u00fdmi d\u0148ami ne\u00farody,<br \/>\nv\u00a0kraji \u0161tip\u013eav\u00fdch a\u00a0teskn\u00fdch dymov,<br \/>\nkadia\u013e vietor v\u00a0pra\u0161nom pl\u00e1\u0161ti chod\u00ed,<\/p>\n<p>a\u00a0ke\u010f n\u00e1s u\u017e iba v\u00f4\u013ea nesie<br \/>\npopri trsoch sm\u00e4dn\u00fdch tr\u00e1v a\u00a0lod\u00fdh,<br \/>\nzazur\u010d\u00ed v\u00a0n\u00e1s \u010dosi ako piese\u0148,<br \/>\nroztvor\u00ed zrak prame\u0148 \u017eivej vody.<\/p>\n<p>Duny nepokojn\u00fdch pieskov v\u00a0du\u0161i<br \/>\nskrotn\u00fa vlahou, dym sa rozutek\u00e1,<br \/>\nkrok sa st\u00e1va rezkej\u0161\u00ed a\u00a0prud\u0161\u00ed<br \/>\na\u00a0dnu op\u00e4\u0165 kl\u00ed\u010di zrno pre \u010dloveka.<\/p>\n","protected":false},"excerpt":{"rendered":"<div class=\"mh-excerpt\"><p>Cesta zav\u0161e vedie pustatinou, vyschnut\u00fdmi d\u0148ami ne\u00farody, v\u00a0kraji \u0161tip\u013eav\u00fdch a\u00a0teskn\u00fdch dymov, kadia\u013e vietor v\u00a0pra\u0161nom pl\u00e1\u0161ti chod\u00ed, a\u00a0ke\u010f n\u00e1s u\u017e iba v\u00f4\u013ea nesie popri trsoch sm\u00e4dn\u00fdch tr\u00e1v a\u00a0lod\u00fdh, zazur\u010d\u00ed v\u00a0n\u00e1s \u010dosi ako piese\u0148, roztvor\u00ed zrak prame\u0148 <a class=\"mh-excerpt-more\" href=\"http:\/\/skalickyobzor.sk\/cms\/druhy-dych\/\" title=\"Druh\u00fd dych\">[&#8230;]<\/a><\/p>\n<\/div>","protected":false},"author":10,"featured_media":2548,"comment_status":"closed","ping_status":"closed","sticky":false,"template":"","format":"standard","meta":{"footnotes":""},"categories":[13],"tags":[],"class_list":{"0":"post-2545","1":"post","2":"type-post","3":"status-publish","4":"format-standard","5":"has-post-thumbnail","7":"category-kultura-a-umenie"},"_links":{"self":[{"href":"http:\/\/skalickyobzor.sk\/cms\/wp-json\/wp\/v2\/posts\/2545","targetHints":{"allow":["GET"]}}],"collection":[{"href":"http:\/\/skalickyobzor.sk\/cms\/wp-json\/wp\/v2\/posts"}],"about":[{"href":"http:\/\/skalickyobzor.sk\/cms\/wp-json\/wp\/v2\/types\/post"}],"author":[{"embeddable":true,"href":"http:\/\/skalickyobzor.sk\/cms\/wp-json\/wp\/v2\/users\/10"}],"replies":[{"embeddable":true,"href":"http:\/\/skalickyobzor.sk\/cms\/wp-json\/wp\/v2\/comments?post=2545"}],"version-history":[{"count":1,"href":"http:\/\/skalickyobzor.sk\/cms\/wp-json\/wp\/v2\/posts\/2545\/revisions"}],"predecessor-version":[{"id":2547,"href":"http:\/\/skalickyobzor.sk\/cms\/wp-json\/wp\/v2\/posts\/2545\/revisions\/2547"}],"wp:featuredmedia":[{"embeddable":true,"href":"http:\/\/skalickyobzor.sk\/cms\/wp-json\/wp\/v2\/media\/2548"}],"wp:attachment":[{"href":"http:\/\/skalickyobzor.sk\/cms\/wp-json\/wp\/v2\/media?parent=2545"}],"wp:term":[{"taxonomy":"category","embeddable":true,"href":"http:\/\/skalickyobzor.sk\/cms\/wp-json\/wp\/v2\/categories?post=2545"},{"taxonomy":"post_tag","embeddable":true,"href":"http:\/\/skalickyobzor.sk\/cms\/wp-json\/wp\/v2\/tags?post=2545"}],"curies":[{"name":"wp","href":"https:\/\/api.w.org\/{rel}","templated":true}]}}