{"id":255,"date":"2017-12-13T22:31:04","date_gmt":"2017-12-13T21:31:04","guid":{"rendered":"http:\/\/skalickyobzor.sk\/cms\/?p=255"},"modified":"2017-12-13T22:35:42","modified_gmt":"2017-12-13T21:35:42","slug":"tak-si-myslim-ze-jedine-ked-budeme-stastni","status":"publish","type":"post","link":"http:\/\/skalickyobzor.sk\/cms\/tak-si-myslim-ze-jedine-ked-budeme-stastni\/","title":{"rendered":"Tak si mysl\u00edm, \u017ee jedine, ke\u010f budeme \u0161\u0165astn\u00ed&#8230;"},"content":{"rendered":"<p>Tak si mysl\u00edm, \u017ee jedine ke\u010f my budeme \u0161\u0165astn\u00ed, bud\u00fa \u0161\u0165astn\u00ed i v\u0161etci okolo n\u00e1s.<\/p>\n<p>V novembri sme mali tri v\u00fdznamn\u00e9 udalosti \u2013 verejn\u00e9 prerokovanie \u00fazemn\u00e9ho pl\u00e1nu v Skalici, vo\u013eby do V\u00daC, a najz\u00e1sadnej\u0161ou udalos\u0165ou bolo v\u00fdro\u010die 17. novembra. P\u00f4vodne som mala v \u00famysle p\u00edsa\u0165 o nich, lebo v\u0161etky maj\u00fa spolo\u010dn\u00e9ho menovate\u013ea. T\u00fdkaj\u00fa sa s\u00edce minulosti a pr\u00edtomnosti, no v\u00fdznamne ovplyvnili na\u0161u bud\u00facnos\u0165. Z dlhodob\u00e9ho h\u013eadiska sp\u00f4sobili zmenu v dennom \u017eivote ka\u017ed\u00e9ho z n\u00e1s, i ke\u010f si to pr\u00e1ve v tempe toho \u017eivota v\u00f4bec neuvedomujeme. Mali vlastne e\u0161te jedno spolo\u010dn\u00e9. V novembri 1989 n\u00e1\u0161 \u017eivot zmenilo akt\u00edvnych 10 % ob\u010danov, vo vo\u013eb\u00e1ch do V\u00daC 30 % ob\u010danov a na verejnom prerokovan\u00ed \u00daP sa ned\u00e1 hovori\u0165 ani o nieko\u013ek\u00fdch percent\u00e1ch. Stoj\u00ed za zamyslenie, \u017ee \u00fa\u010das\u0165 poslancov zo stavebnej komisie bola po v\u00e4\u010d\u0161inu rokovania 0 %.<\/p>\n<p>Sama som sa ale zamyslela nad pr\u00ed\u010dinami toho, pre\u010do nech\u00e1me o v\u00e1\u017enych rozhodnutiach s dlhodob\u00fdmi dopadmi rozhodova\u0165 men\u0161inu ob\u010danov, ktor\u00ed pr\u00eddu a rozhodn\u00fa za n\u00e1s. A mo\u017eno niektor\u00ed z n\u00e1s aj chceli pr\u00eds\u0165, ale pri dennodenn\u00fdch starostiach, ktor\u00e9 n\u00e1s valcuj\u00fa, to nevy\u0161lo&#8230; No, tak som sa predsa neubr\u00e1nila prehov\u00e1raniu n\u00e1m do du\u0161\u00ed. M\u00e1m v\u0161ak pocit, \u017ee to je to posledn\u00e9, \u010do na\u0161e du\u0161e pr\u00e1ve potrebuj\u00fa. V dobe, ke\u010f v\u0161etko let\u00ed a \u017eijeme vo v\u00edre udalost\u00ed, potrebujeme sk\u00f4r zastavi\u0165 a st\u00ed\u0161i\u0165 sa. Dokonca n\u00e1m nahr\u00e1va i \u010das, ktor\u00fd nastal, \u010das adventn\u00fd. Asi jedin\u00e9 obdobie, kedy sme ochotn\u00ed po\u010du\u0165 na zastavenie sa a urovnanie si prior\u00edt \u017eivota. A jedin\u00e9, \u010do k tomu potrebujeme, je TICHO. Ticho v sebe. Potrebujeme v tom tichu vojs\u0165 do svojho vn\u00fatra a prec\u00edti\u0165 slov\u00e1 MIER, VIERA, L\u00c1SKA, N\u00c1DEJ. Nem\u00e1me sa kam pon\u00e1h\u013ea\u0165, na ka\u017ed\u00e9 z t\u00fdch slov m\u00e1me cel\u00fd t\u00fd\u017ede\u0148.<\/p>\n<p>Na z\u00e1ver n\u00e1m v\u0161etk\u00fdm \u017eel\u00e1m spolo\u010dn\u00fd viano\u010dn\u00fd dar \u2013 n\u00e1js\u0165 MIER vo svojej du\u0161i, VIERU v seba, L\u00c1SKU k sebe, a ke\u010f ob\u010das nie\u010do nevyjde, tak N\u00c1DEJ, \u017ee pri v\u0161etkej m\u00e1rnej snahe vsta\u0165 po \u0165a\u017ekom p\u00e1de stretneme \u013eud\u00ed, ktor\u00ed n\u00e1m podaj\u00fa pomocn\u00fa ruku.<\/p>\n","protected":false},"excerpt":{"rendered":"<div class=\"mh-excerpt\"><p>Tak si mysl\u00edm, \u017ee jedine ke\u010f my budeme \u0161\u0165astn\u00ed, bud\u00fa \u0161\u0165astn\u00ed i v\u0161etci okolo n\u00e1s. V novembri sme mali tri v\u00fdznamn\u00e9 udalosti \u2013 verejn\u00e9 prerokovanie \u00fazemn\u00e9ho pl\u00e1nu v Skalici, vo\u013eby do V\u00daC, a najz\u00e1sadnej\u0161ou udalos\u0165ou <a class=\"mh-excerpt-more\" href=\"http:\/\/skalickyobzor.sk\/cms\/tak-si-myslim-ze-jedine-ked-budeme-stastni\/\" title=\"Tak si mysl\u00edm, \u017ee jedine, ke\u010f budeme \u0161\u0165astn\u00ed&#8230;\">[&#8230;]<\/a><\/p>\n<\/div>","protected":false},"author":2,"featured_media":241,"comment_status":"closed","ping_status":"closed","sticky":false,"template":"","format":"standard","meta":{"footnotes":""},"categories":[3],"tags":[],"class_list":{"0":"post-255","1":"post","2":"type-post","3":"status-publish","4":"format-standard","5":"has-post-thumbnail","7":"category-tak-si-myslim"},"_links":{"self":[{"href":"http:\/\/skalickyobzor.sk\/cms\/wp-json\/wp\/v2\/posts\/255","targetHints":{"allow":["GET"]}}],"collection":[{"href":"http:\/\/skalickyobzor.sk\/cms\/wp-json\/wp\/v2\/posts"}],"about":[{"href":"http:\/\/skalickyobzor.sk\/cms\/wp-json\/wp\/v2\/types\/post"}],"author":[{"embeddable":true,"href":"http:\/\/skalickyobzor.sk\/cms\/wp-json\/wp\/v2\/users\/2"}],"replies":[{"embeddable":true,"href":"http:\/\/skalickyobzor.sk\/cms\/wp-json\/wp\/v2\/comments?post=255"}],"version-history":[{"count":1,"href":"http:\/\/skalickyobzor.sk\/cms\/wp-json\/wp\/v2\/posts\/255\/revisions"}],"predecessor-version":[{"id":256,"href":"http:\/\/skalickyobzor.sk\/cms\/wp-json\/wp\/v2\/posts\/255\/revisions\/256"}],"wp:featuredmedia":[{"embeddable":true,"href":"http:\/\/skalickyobzor.sk\/cms\/wp-json\/wp\/v2\/media\/241"}],"wp:attachment":[{"href":"http:\/\/skalickyobzor.sk\/cms\/wp-json\/wp\/v2\/media?parent=255"}],"wp:term":[{"taxonomy":"category","embeddable":true,"href":"http:\/\/skalickyobzor.sk\/cms\/wp-json\/wp\/v2\/categories?post=255"},{"taxonomy":"post_tag","embeddable":true,"href":"http:\/\/skalickyobzor.sk\/cms\/wp-json\/wp\/v2\/tags?post=255"}],"curies":[{"name":"wp","href":"https:\/\/api.w.org\/{rel}","templated":true}]}}