{"id":2638,"date":"2019-09-08T21:05:05","date_gmt":"2019-09-08T19:05:05","guid":{"rendered":"http:\/\/skalickyobzor.sk\/cms\/?p=2638"},"modified":"2019-09-08T21:42:15","modified_gmt":"2019-09-08T19:42:15","slug":"2638-2","status":"publish","type":"post","link":"http:\/\/skalickyobzor.sk\/cms\/2638-2\/","title":{"rendered":"? ? ?"},"content":{"rendered":"<p>Som p\u00fatnik. Ako d\u00e1\u017e\u010f,<br \/>\n\u010do tmou sa prikr\u00e1da potajme z\u010faleka:<br \/>\nh\u013ead\u00e1, kam zlo\u017ei\u0165 si v\u00a0\u00fanave mokr\u00fd pl\u00e1\u0161\u0165,<br \/>\nzaklopa\u0165 na oblok, na srdce \u010dloveka.<\/p>\n<p>Kto mi v\u0161ak otvor\u00ed na plach\u00e9 klopanie?<br \/>\nVe\u010f ka\u017ed\u00fd skr\u00fdva sa pred da\u017e\u010fom pod strechu,<br \/>\nnevezme skrehnut\u00e9 prst\u00edky do dlane,<br \/>\nnepod\u00e1 vrel\u00fd \u010daj, do du\u0161e \u00fatechu.<\/p>\n<p>Som p\u00fatnik pod no\u010dnou ml\u010diacou oblohou,<br \/>\nako d\u00e1\u017e\u010f; do r\u00e1na \u010do po mne zostane?<br \/>\nAzda len vtierav\u00e1 spomienka niekoho,<br \/>\n\u017ee za\u010dul v\u00a0svojom sne nesmel\u00e9 klopanie.<\/p>\n<p>Kto srdce otvor\u00ed na moje klopanie?<\/p>\n","protected":false},"excerpt":{"rendered":"<div class=\"mh-excerpt\"><p>Som p\u00fatnik. Ako d\u00e1\u017e\u010f, \u010do tmou sa prikr\u00e1da potajme z\u010faleka: h\u013ead\u00e1, kam zlo\u017ei\u0165 si v\u00a0\u00fanave mokr\u00fd pl\u00e1\u0161\u0165, zaklopa\u0165 na oblok, na srdce \u010dloveka. Kto mi v\u0161ak otvor\u00ed na plach\u00e9 klopanie? Ve\u010f ka\u017ed\u00fd skr\u00fdva sa pred <a class=\"mh-excerpt-more\" href=\"http:\/\/skalickyobzor.sk\/cms\/2638-2\/\" title=\"? ? ?\">[&#8230;]<\/a><\/p>\n<\/div>","protected":false},"author":10,"featured_media":2639,"comment_status":"closed","ping_status":"closed","sticky":false,"template":"","format":"standard","meta":{"footnotes":""},"categories":[13],"tags":[],"class_list":{"0":"post-2638","1":"post","2":"type-post","3":"status-publish","4":"format-standard","5":"has-post-thumbnail","7":"category-kultura-a-umenie"},"_links":{"self":[{"href":"http:\/\/skalickyobzor.sk\/cms\/wp-json\/wp\/v2\/posts\/2638","targetHints":{"allow":["GET"]}}],"collection":[{"href":"http:\/\/skalickyobzor.sk\/cms\/wp-json\/wp\/v2\/posts"}],"about":[{"href":"http:\/\/skalickyobzor.sk\/cms\/wp-json\/wp\/v2\/types\/post"}],"author":[{"embeddable":true,"href":"http:\/\/skalickyobzor.sk\/cms\/wp-json\/wp\/v2\/users\/10"}],"replies":[{"embeddable":true,"href":"http:\/\/skalickyobzor.sk\/cms\/wp-json\/wp\/v2\/comments?post=2638"}],"version-history":[{"count":1,"href":"http:\/\/skalickyobzor.sk\/cms\/wp-json\/wp\/v2\/posts\/2638\/revisions"}],"predecessor-version":[{"id":2640,"href":"http:\/\/skalickyobzor.sk\/cms\/wp-json\/wp\/v2\/posts\/2638\/revisions\/2640"}],"wp:featuredmedia":[{"embeddable":true,"href":"http:\/\/skalickyobzor.sk\/cms\/wp-json\/wp\/v2\/media\/2639"}],"wp:attachment":[{"href":"http:\/\/skalickyobzor.sk\/cms\/wp-json\/wp\/v2\/media?parent=2638"}],"wp:term":[{"taxonomy":"category","embeddable":true,"href":"http:\/\/skalickyobzor.sk\/cms\/wp-json\/wp\/v2\/categories?post=2638"},{"taxonomy":"post_tag","embeddable":true,"href":"http:\/\/skalickyobzor.sk\/cms\/wp-json\/wp\/v2\/tags?post=2638"}],"curies":[{"name":"wp","href":"https:\/\/api.w.org\/{rel}","templated":true}]}}