{"id":2641,"date":"2019-09-08T21:10:10","date_gmt":"2019-09-08T19:10:10","guid":{"rendered":"http:\/\/skalickyobzor.sk\/cms\/?p=2641"},"modified":"2019-09-08T21:42:45","modified_gmt":"2019-09-08T19:42:45","slug":"tak-si-myslim-ze-casto-nevidime-za-roh","status":"publish","type":"post","link":"http:\/\/skalickyobzor.sk\/cms\/tak-si-myslim-ze-casto-nevidime-za-roh\/","title":{"rendered":"Tak si mysl\u00edm, \u017ee \u010dasto nevid\u00edme za roh"},"content":{"rendered":"<p>Ob\u010das ma prekvapuje vedom\u00e9 ignorovanie vec\u00ed, ktor\u00e9 sa t\u00fdkaj\u00fa n\u00e1s v\u0161etk\u00fdch. Je jasn\u00e9, \u017ee nem\u00f4\u017eeme priklada\u0165 d\u00f4le\u017eitos\u0165 probl\u00e9mom, o ktor\u00fdch nevieme. Nest\u00edhame sledova\u0165 v\u0161etko a nie e\u0161te tvori\u0165 si n\u00e1zory. Preto som rada, \u017ee vznikaj\u00fa k probl\u00e9mom r\u00f4zne diskusie, z ktor\u00fdch m\u00f4\u017eeme z\u00edska\u0165 viac inform\u00e1ci\u00ed. \u010casto v\u0161ak po\u010dujem, \u017ee to ma nezauj\u00edma, lebo sa ma to net\u00fdka, alebo nechcem sa zaobera\u0165 probl\u00e9mami spolo\u010dnosti, m\u00e1m dos\u0165 svojich. Pr\u00edstup p\u0161trosa s hlavou v piesku, ani nepochopen\u00e9 porekadlo star\u00fdch m\u00e1m Nehas \u010do \u0165a nep\u00e1li! n\u00e1s ur\u010dite pred dopadmi probl\u00e9mov nezachr\u00e1nia. Bud\u00facnos\u0165 n\u00e1s v\u017edy dobehne a ak nie, tak dobehne t\u00fdch po n\u00e1s.<\/p>\n<p>V\u00a0poslednej dobe sa v\u00a0Skalici otvorilo ve\u013ea celospolo\u010densk\u00fdch t\u00e9m, od hazardn\u00fdch hier, cez nedostatok vody, ale aj t\u00e9m zdanlivo vzdialen\u00fdch, od lesov v\u00a0Tatr\u00e1ch, a\u017e po rusk\u00fa horiacu tajgu. \u010c\u00edm \u010falej od n\u00e1s, t\u00fdm menej sa n\u00e1s to t\u00fdka. Teda, aspo\u0148 tak sa n\u00e1m to jav\u00ed. No, bohu\u017eia\u013e, u\u017e \u010dasto zatv\u00e1rame o\u010di aj pred t\u00fdm, \u010do sa deje v\u00a0na\u0161om meste a\u00a0presved\u010dili sme sami seba, \u017ee sa to net\u00fdka na\u0161ej rodiny. Uvid\u00edme, \u010di dospejeme k\u00a0tomu, \u017ee ak sa to bude t\u00fdka\u0165 rodiny, za\u010dneme tvrdi\u0165, \u017ee sa to net\u00fdka priamo n\u00e1s. Mo\u017eno n\u00e1m potom d\u00f4jde, \u017ee to, \u010do sa t\u00fdka spolo\u010dnosti, sa dot\u00fdka v\u017edy aj n\u00e1s, aj ke\u010f to pr\u00e1ve v\u00a0tej chv\u00edli hne\u010f nepoci\u0165ujeme na vlastnej ko\u017ei.<\/p>\n<p>Aj touto na\u0161ou absenciou pocitu spolun\u00e1le\u017eitosti, mo\u017eno vyvolanou nedostatkom inform\u00e1ci\u00ed, tvor\u00edme bud\u00facnos\u0165. Spolo\u010dn\u00fa bud\u00facnos\u0165 a, teda, aj na\u0161u. Hovor\u00ed sa, \u017ee bud\u00facnos\u0165 n\u00e1s dobehne, no ona n\u00e1s u\u017e dnes pomaly dobieha. Uvedomujeme si to? Uvedomujeme si, ke\u010f vrav\u00edme, \u017ee doba je tak\u00e1, \u017ee m\u00e1me na nej svoj podiel?<\/p>\n<p>Bohu\u017eia\u013e, \u010dasto has\u00edme, a\u017e to p\u00e1li priamo n\u00e1s. No, niekedy je u\u017e neskoro alebo na hasenie potrebujeme to\u013eko vody, \u017ee po n\u00e1s potopa &#8230;.<\/p>\n<p><em>S\u00a0\u00factou<\/em><br \/>\n<em>hasiaca \u017delm\u00edra Mach\u00e1\u010dkov\u00e1<\/em><\/p>\n","protected":false},"excerpt":{"rendered":"<div class=\"mh-excerpt\"><p>Ob\u010das ma prekvapuje vedom\u00e9 ignorovanie vec\u00ed, ktor\u00e9 sa t\u00fdkaj\u00fa n\u00e1s v\u0161etk\u00fdch. Je jasn\u00e9, \u017ee nem\u00f4\u017eeme priklada\u0165 d\u00f4le\u017eitos\u0165 probl\u00e9mom, o ktor\u00fdch nevieme. Nest\u00edhame sledova\u0165 v\u0161etko a nie e\u0161te tvori\u0165 si n\u00e1zory. Preto som rada, \u017ee vznikaj\u00fa <a class=\"mh-excerpt-more\" href=\"http:\/\/skalickyobzor.sk\/cms\/tak-si-myslim-ze-casto-nevidime-za-roh\/\" title=\"Tak si mysl\u00edm, \u017ee \u010dasto nevid\u00edme za roh\">[&#8230;]<\/a><\/p>\n<\/div>","protected":false},"author":2,"featured_media":241,"comment_status":"closed","ping_status":"closed","sticky":false,"template":"","format":"standard","meta":{"footnotes":""},"categories":[3],"tags":[],"class_list":{"0":"post-2641","1":"post","2":"type-post","3":"status-publish","4":"format-standard","5":"has-post-thumbnail","7":"category-tak-si-myslim"},"_links":{"self":[{"href":"http:\/\/skalickyobzor.sk\/cms\/wp-json\/wp\/v2\/posts\/2641","targetHints":{"allow":["GET"]}}],"collection":[{"href":"http:\/\/skalickyobzor.sk\/cms\/wp-json\/wp\/v2\/posts"}],"about":[{"href":"http:\/\/skalickyobzor.sk\/cms\/wp-json\/wp\/v2\/types\/post"}],"author":[{"embeddable":true,"href":"http:\/\/skalickyobzor.sk\/cms\/wp-json\/wp\/v2\/users\/2"}],"replies":[{"embeddable":true,"href":"http:\/\/skalickyobzor.sk\/cms\/wp-json\/wp\/v2\/comments?post=2641"}],"version-history":[{"count":1,"href":"http:\/\/skalickyobzor.sk\/cms\/wp-json\/wp\/v2\/posts\/2641\/revisions"}],"predecessor-version":[{"id":2642,"href":"http:\/\/skalickyobzor.sk\/cms\/wp-json\/wp\/v2\/posts\/2641\/revisions\/2642"}],"wp:featuredmedia":[{"embeddable":true,"href":"http:\/\/skalickyobzor.sk\/cms\/wp-json\/wp\/v2\/media\/241"}],"wp:attachment":[{"href":"http:\/\/skalickyobzor.sk\/cms\/wp-json\/wp\/v2\/media?parent=2641"}],"wp:term":[{"taxonomy":"category","embeddable":true,"href":"http:\/\/skalickyobzor.sk\/cms\/wp-json\/wp\/v2\/categories?post=2641"},{"taxonomy":"post_tag","embeddable":true,"href":"http:\/\/skalickyobzor.sk\/cms\/wp-json\/wp\/v2\/tags?post=2641"}],"curies":[{"name":"wp","href":"https:\/\/api.w.org\/{rel}","templated":true}]}}