{"id":267,"date":"2017-12-13T22:50:15","date_gmt":"2017-12-13T21:50:15","guid":{"rendered":"http:\/\/skalickyobzor.sk\/cms\/?p=267"},"modified":"2017-12-13T22:50:15","modified_gmt":"2017-12-13T21:50:15","slug":"kde-lezia-nase-dejiny","status":"publish","type":"post","link":"http:\/\/skalickyobzor.sk\/cms\/kde-lezia-nase-dejiny\/","title":{"rendered":"Kde le\u017eia na\u0161e dejiny?"},"content":{"rendered":"<p><strong>Na\u0161a pam\u00e4\u0165 neobsiahne viacej ako tri gener\u00e1cie pred nami a tri po n\u00e1s. Vlastne to nie je a\u017e tak m\u00e1lo, no i tak nieko\u013eko desa\u0165ro\u010d\u00ed po na\u0161om odchode u\u017e nebude nikto, s k\u00fdm sme sa rozpr\u00e1vali.<\/strong><\/p>\n<p><!--more--><\/p>\n<p>Na Du\u0161i\u010dky sa cintor\u00edny znovu rozsvietili a zaplnili spomienkami. Medzi na\u0161imi bl\u00edzkymi le\u017eia i pam\u00e4tn\u00edky s ve\u013ek\u00fdmi menami. S\u00fa na n\u00e1ro\u017eiach ul\u00edc, v n\u00e1zvoch in\u0161tit\u00faci\u00ed, na tituloch v\u00fdznamn\u00fdch diel, no ich hroby je niekedy takmer nemo\u017en\u00e9 n\u00e1js\u0165. Mo\u017eno odpo\u010d\u00edvaj\u00fa v pokoji a\u017e pr\u00edli\u0161.<\/p>\n<p>Pred \u010dasom sme za\u010dali zbiera\u0165 inform\u00e1cie o miestach posledn\u00e9ho odpo\u010dinku v\u00fdznamn\u00fdch osobnost\u00ed, ktor\u00e9 tu s nami \u017eili, alebo sa len po smrti vr\u00e1tili na miesto, ktor\u00e9 vo svojom srdci mo\u017eno nikdy neopustili. Do rozpracovanej t\u00e9my sme dostali do redakcie list od p\u00e1na \u0160imona Kotvasa, ktor\u00fd n\u00e1s pote\u0161il u\u017e t\u00fdm, \u017ee \u013eu\u010fom medzi nami z\u00e1le\u017e\u00ed na rovnak\u00fdch veciach a \u017ee na\u0161a snaha nezanikne v pr\u00e1zdne.<\/p>\n<figure id=\"attachment_270\" aria-describedby=\"caption-attachment-270\" style=\"width: 709px\" class=\"wp-caption aligncenter\"><img loading=\"lazy\" decoding=\"async\" class=\"size-full wp-image-270\" src=\"http:\/\/skalickyobzor.sk\/cms\/wp-content\/uploads\/2017\/12\/dejiny1.jpg\" alt=\"\" width=\"709\" height=\"930\" srcset=\"http:\/\/skalickyobzor.sk\/cms\/wp-content\/uploads\/2017\/12\/dejiny1.jpg 709w, http:\/\/skalickyobzor.sk\/cms\/wp-content\/uploads\/2017\/12\/dejiny1-229x300.jpg 229w\" sizes=\"auto, (max-width: 709px) 100vw, 709px\" \/><figcaption id=\"caption-attachment-270\" class=\"wp-caption-text\">Foto: \u017delm\u00edra Mach\u00e1\u010dkov\u00e1<\/figcaption><\/figure>\n<p>P\u00e1n Kotvas p\u00ed\u0161e: \u201e<em>Ke\u010f sa rozpr\u00e1vame o Skalici, \u010dasto po\u010d\u00favame, ak\u00e9 to bolo v minulosti v\u00fdznamn\u00e9 mesto. Prekvitala v \u0148om vzdelanos\u0165, p\u00f4sobili tu spolo\u010densky v\u00fdznamn\u00ed a vplyvn\u00ed \u013eudia, ktor\u00ed mnohokr\u00e1t p\u00edsali slovensk\u00e9 dejiny. (&#8230;) Zamysleli ste sa niekedy nad t\u00fdm, kde s\u00fa na\u0161e osobnosti pochovan\u00e9? Na r\u00f4znych miestach. Ako pr\u00edklad n\u00e1m posl\u00fa\u017ei N\u00e1rodn\u00fd cintor\u00edn v Martine, Martinsk\u00fd alebo Ondrejsk\u00fd cintor\u00edn v Bratislave. No i na skalick\u00fdch cintor\u00ednoch odpo\u010d\u00edvaj\u00fa osobnosti. Za\u010dnem najnov\u0161ie pochovan\u00fdmi: Mari\u00e1n Varga, Anton Srholec, \u010falej Pavel Blaho, Dr. Janko Blaho, prof. Jozef \u0160\u00e1tek. T\u00edto na\u0161i rod\u00e1ci maj\u00fa to \u0161\u0165astie alebo miluj\u00facich potomkov, ktor\u00ed sa im o hroby pr\u00edkladne staraj\u00fa. \u017dia\u013ebohu, mus\u00edm uvies\u0165 aj tak\u00fdch \u013eud\u00ed, ktor\u00fdch miesta posledn\u00e9ho odpo\u010dinku nie s\u00fa udr\u017eiavan\u00e9. S\u00fa zarasten\u00e9, zanedban\u00e9, nepov\u0161imnut\u00e9. Napr\u00edklad doktor \u013dudov\u00edt Ok\u00e1nik m\u00e1 pekn\u00fa sochu za farsk\u00fdm kostolom, no hrobov\u00e9 miesto je pust\u00e9 a zanedban\u00e9. I hrob prv\u00e9ho slovensk\u00e9ho novin\u00e1ra, Daniela Licharda, je osirel\u00fd. Pritom jeho socha pri evanjelickom kostole je ur\u010dite popul\u00e1rne miesto na fotenie spolo\u010densky unavenej ml\u00e1de\u017ee. Pred n\u00edm ost\u00e1vaj\u00fa podobne nepov\u0161imnut\u00e9 aj neboh\u00e9 sestry Jurkovi\u010dov\u00e9. A napokon, i hroby skalick\u00fdch kn\u00edhtla\u010diarov Jozefa Tesl\u00edka a Jozefa \u0160karnicla na tom nie s\u00fa o ni\u010d lep\u0161ie. T\u00fdmto sme otvorili pred mesiacom m\u00fazeum a vychva\u013eovali ich pr\u00e1cu, no miesto ich posledn\u00e9ho odpo\u010dinku n\u00e1s u\u017e netr\u00e1pi.<\/em><\/p>\n<p><em>Ak pr\u00edbuzn\u00ed na\u0161ich osobnost\u00ed nie s\u00fa v bl\u00edzkosti, respekt\u00edve nemaj\u00fa z\u00e1ujem stara\u0165 sa o tieto hroby, zost\u00e1va t\u00e1to \u00faloha na pleciach n\u00e1s v\u0161etk\u00fdch, na ob\u010danoch mesta Skalica. T\u00fdmto v\u00e1s, \u010ditate\u013eov i na\u0161ich politick\u00fdch predstavite\u013eov, vyz\u00fdvam: prem\u00fd\u0161\u013eajte, ako tento nevyhovuj\u00faci stav vyrie\u0161i\u0165. Pred cintor\u00edn m\u00f4\u017eeme osadi\u0165 tabu\u013eu, aby sme my nezabudli a turisti vedeli, \u017ee sme boli d\u00f4le\u017eit\u00e9 mesto. A pravideln\u00e9 \u010distenie hrobov\u00e9ho miesta spojen\u00e9 s v\u00fdsadbou kvetov ur\u010dite nie s\u00fa n\u00e1kladn\u00e9 invest\u00edcie. S\u00e1m som sk\u00fasil o\u010disti\u0165 \u017eulov\u00fd n\u00e1hrobok Jozefovi \u0160karniclovi. N\u00e1\u0161 hrob je bl\u00edzko a v tom \u010dase sme ho \u010distili, tak som sk\u00fasil t\u00fa ist\u00fa pr\u00e1cu aj na jeho hrobe. V\u00fdsledok vidite\u013en\u00fd, n\u00e1klady minim\u00e1lne. Pr\u00e1ve na n\u00e1hrobnom kameni Jozefa \u0160karnicla je pod jeho menom vyryt\u00e9: \u201eV\u010fa\u010dn\u00fd n\u00e1rod nezab\u00fada.\u201c Zamyslime sa, \u010di naozaj sme v\u010fa\u010dn\u00fd n\u00e1rod a nezab\u00fadame na pr\u00e1cu na\u0161ich predkov.<\/em>\u201c<\/p>\n<h3>HROBY BY MALI ROZPR\u00c1VA\u0164<\/h3>\n<p>V citovanom liste, a napokon aj na cintor\u00ednoch samotn\u00fdch, sa objavuje hne\u010f nieko\u013eko probl\u00e9mov na rie\u0161enie \u2013 starostlivos\u0165 o hroby, orient\u00e1cia na cintor\u00ednoch i ochrana pomn\u00edkov, ktor\u00e9 maj\u00fa \u010dasto umeleck\u00fa a historick\u00fa hodnotu. Nie v\u017edy to v\u0161etko automaticky s\u00favis\u00ed. Na skalick\u00fdch cintor\u00ednoch (katol\u00edckom, evanjelickom a. v. aj \u017eidovskom) mus\u00ed \u010dlovek niektor\u00e9 hroby usilovne h\u013eada\u0165, a to nie v\u017edy \u00faspe\u0161ne. Nehovoriac o n\u00e1v\u0161tevn\u00edkoch mesta, ktor\u00ed by mali tento \u00famysel. Je mo\u017en\u00e9 namieta\u0165, \u017ee hroby mnoh\u00fdch svetov\u00fdch osobnost\u00ed s\u00fa ve\u013emi jednoduch\u00e9 a na prv\u00fd poh\u013ead opusten\u00e9 \u2013 hrob Vincenta van Gogha je zarasten\u00fd pod vrstvou zelene, ak chcete n\u00e1js\u0165 miesto odpo\u010dinku Romaina Rollanda, mus\u00edte odhrn\u00fa\u0165 z\u00e1voj bre\u010dtanu&#8230; Len\u017ee bolo to ich \u017eelanie, a napriek tomu nem\u00e1 n\u00e1v\u0161tevn\u00edk probl\u00e9m, kde sa im pokloni\u0165.<\/p>\n<figure id=\"attachment_268\" aria-describedby=\"caption-attachment-268\" style=\"width: 713px\" class=\"wp-caption aligncenter\"><img loading=\"lazy\" decoding=\"async\" class=\"size-full wp-image-268\" src=\"http:\/\/skalickyobzor.sk\/cms\/wp-content\/uploads\/2017\/12\/dejiny3.jpg\" alt=\"\" width=\"713\" height=\"939\" srcset=\"http:\/\/skalickyobzor.sk\/cms\/wp-content\/uploads\/2017\/12\/dejiny3.jpg 713w, http:\/\/skalickyobzor.sk\/cms\/wp-content\/uploads\/2017\/12\/dejiny3-228x300.jpg 228w\" sizes=\"auto, (max-width: 713px) 100vw, 713px\" \/><figcaption id=\"caption-attachment-268\" class=\"wp-caption-text\">Foto: \u017delm\u00edra Mach\u00e1\u010dkov\u00e1<\/figcaption><\/figure>\n<p>V\u00e4\u010d\u0161ina z hrobov, o ktor\u00e9 n\u00e1m tu ide, samozrejme nie je v spr\u00e1ve mesta, patria rodine, preto ani mesto nem\u00f4\u017ee zasahova\u0165 do ich stavu. Nie je v\u0161ak d\u00f4le\u017eit\u00fd ani tak stav hrobu, ako spomienka, ktor\u00e1 na osobnosti zostala do dne\u0161n\u00fdch dn\u00ed. N\u00e1v\u0161tevn\u00edk ktor\u00e9hoko\u013evek skalick\u00e9ho cintor\u00edna, \u010di u\u017e je to miestny, alebo turista, mus\u00ed ma\u0165 mo\u017enos\u0165 z\u00edska\u0165 inform\u00e1ciu, kde sa ktor\u00e1 osobnos\u0165 nach\u00e1dza. Z tohto poh\u013eadu je umiestnenie orienta\u010dn\u00e9ho pl\u00e1nu pred vchodom do cintor\u00edna skvel\u00fd n\u00e1pad. Preh\u013eadn\u00e1 mapa, na ktorej by boli zn\u00e1zornen\u00e9 hroby osobnost\u00ed, ale aj najstar\u0161ie hroby \u010di pozoruhodn\u00e9 pam\u00e4tn\u00edky (napr\u00edklad autorom \u0161tyroch je sl\u00e1vny architekt Du\u0161an Jurkovi\u010d), by dala tomuto pietnemu miestu z\u00e1rove\u0148 historick\u00fa pointu. Napokon, koncom septembra mestsk\u00e9 zastupite\u013estvo v Skalici schv\u00e1lilo zoznam objektov s kult\u00farno-historickou hodnotou mesta Skalica. Nach\u00e1dzaj\u00fa sa na \u0148om okrem v\u00fdznamn\u00fdch hrobov aj historick\u00e9 objekty \u2013 kostoly, k\u00faria, domy, ale aj zauj\u00edmav\u00e9 objekty s ve\u013emi mladou hist\u00f3riou \u2013 napr\u00edklad Z\u00e1hor\u00e1cka socha pohody pred penzi\u00f3nom Maxim. Pova\u017eujeme to za nevyhnutn\u00fd z\u00e1klad pre ich ochranu. Pre ob\u010danov v\u0161ak z\u00edska zoznam pridan\u00fa hodnotu jeho vyu\u017eit\u00edm v skuto\u010dnom \u017eivote. Pr\u00e1ve tak jednoduch\u00e9 rie\u0161enie ako informa\u010dn\u00e1 tabu\u013ea pri vchode na cintor\u00edn by bola dobr\u00fdm prv\u00fdm krokom, ako si n\u00e1js\u0165 in\u00fa cestu k t\u00fdm, ktor\u00ed budovali sl\u00e1vu n\u00e1\u0161ho mesta d\u00e1vno pred nami.<\/p>\n<p>&nbsp;<\/p>\n<pre>OCE\u0147UJEME VA\u0160E N\u00c1VRHY A AKTIVITU\r\n\r\nBudeme ich na\u010falej podporova\u0165 a n\u00e1vrh na spracovanie orienta\u010dn\u00fdch pl\u00e1nov a realiz\u00e1ciu tab\u00fa\u013e na skalick\u00fdch cintor\u00ednoch predlo\u017e\u00ed redakcia Skalick\u00e9ho Obzoru kult\u00farnej komisii mesta.<\/pre>\n","protected":false},"excerpt":{"rendered":"<div class=\"mh-excerpt\"><p>Na\u0161a pam\u00e4\u0165 neobsiahne viacej ako tri gener\u00e1cie pred nami a tri po n\u00e1s. Vlastne to nie je a\u017e tak m\u00e1lo, no i tak nieko\u013eko desa\u0165ro\u010d\u00ed po na\u0161om odchode u\u017e nebude nikto, s k\u00fdm sme sa <a class=\"mh-excerpt-more\" href=\"http:\/\/skalickyobzor.sk\/cms\/kde-lezia-nase-dejiny\/\" title=\"Kde le\u017eia na\u0161e dejiny?\">[&#8230;]<\/a><\/p>\n<\/div>","protected":false},"author":1,"featured_media":269,"comment_status":"closed","ping_status":"closed","sticky":false,"template":"","format":"standard","meta":{"footnotes":""},"categories":[5],"tags":[],"class_list":{"0":"post-267","1":"post","2":"type-post","3":"status-publish","4":"format-standard","5":"has-post-thumbnail","7":"category-toto-sa-nas-tyka"},"_links":{"self":[{"href":"http:\/\/skalickyobzor.sk\/cms\/wp-json\/wp\/v2\/posts\/267","targetHints":{"allow":["GET"]}}],"collection":[{"href":"http:\/\/skalickyobzor.sk\/cms\/wp-json\/wp\/v2\/posts"}],"about":[{"href":"http:\/\/skalickyobzor.sk\/cms\/wp-json\/wp\/v2\/types\/post"}],"author":[{"embeddable":true,"href":"http:\/\/skalickyobzor.sk\/cms\/wp-json\/wp\/v2\/users\/1"}],"replies":[{"embeddable":true,"href":"http:\/\/skalickyobzor.sk\/cms\/wp-json\/wp\/v2\/comments?post=267"}],"version-history":[{"count":1,"href":"http:\/\/skalickyobzor.sk\/cms\/wp-json\/wp\/v2\/posts\/267\/revisions"}],"predecessor-version":[{"id":271,"href":"http:\/\/skalickyobzor.sk\/cms\/wp-json\/wp\/v2\/posts\/267\/revisions\/271"}],"wp:featuredmedia":[{"embeddable":true,"href":"http:\/\/skalickyobzor.sk\/cms\/wp-json\/wp\/v2\/media\/269"}],"wp:attachment":[{"href":"http:\/\/skalickyobzor.sk\/cms\/wp-json\/wp\/v2\/media?parent=267"}],"wp:term":[{"taxonomy":"category","embeddable":true,"href":"http:\/\/skalickyobzor.sk\/cms\/wp-json\/wp\/v2\/categories?post=267"},{"taxonomy":"post_tag","embeddable":true,"href":"http:\/\/skalickyobzor.sk\/cms\/wp-json\/wp\/v2\/tags?post=267"}],"curies":[{"name":"wp","href":"https:\/\/api.w.org\/{rel}","templated":true}]}}