{"id":2700,"date":"2019-10-09T01:03:55","date_gmt":"2019-10-08T23:03:55","guid":{"rendered":"http:\/\/skalickyobzor.sk\/cms\/?p=2700"},"modified":"2019-10-09T01:55:50","modified_gmt":"2019-10-08T23:55:50","slug":"su-pre-mladez-noviny-starinou","status":"publish","type":"post","link":"http:\/\/skalickyobzor.sk\/cms\/su-pre-mladez-noviny-starinou\/","title":{"rendered":"S\u00fa pre ml\u00e1de\u017e noviny starinou?"},"content":{"rendered":"<p><strong><em>Ni\u010d nie je star\u0161ie ako v\u010deraj\u0161ie noviny, hovor\u00ed okr\u00eddlen\u00e9 \u00faslovie, ktor\u00e9ho autorom je Karel \u010capek. Ni\u010d lep\u0161ie nevystihuje ich kr\u00e1tky \u017eivot, preto\u017ee zajtra vyjd\u00fa nov\u00e9, celkom in\u00e9. A s\u00fa\u010dasne i ni\u010d nie je lep\u0161\u00edm pr\u00edkladom ak\u00e9hosi plytvania pr\u00edrodn\u00fdmi surovinami. Ak tento probl\u00e9m spoj\u00edme s mo\u017enos\u0165ami s\u00fa\u010dasn\u00fdch elektronick\u00fdch m\u00e9di\u00ed, mobilitu zariaden\u00ed a st\u00e1le radik\u00e1lnej\u0161ie ekologick\u00e9 postoje t\u00edned\u017eerov, dost\u00e1vame sa bl\u00edzko k\u00a0odpovediam ml\u00e1de\u017ee na ot\u00e1zky o\u00a0\u010d\u00edtan\u00ed period\u00edk v\u00a0papierovej podobe. <\/em><\/strong><\/p>\n<p><strong><em>K\u00a0t\u00e9me n\u00e1m nap\u00edsala svoj pr\u00edspevok Anabela Buchov\u00e1, \u0161tudentka masmedi\u00e1lnej komunik\u00e1cie na Univerzite sv. Cyrila a\u00a0Metoda v\u00a0Trnave.<\/em><\/strong><\/p>\n<hr \/>\n<h4>PAPIER VERSUS OBRAZOVKA<\/h4>\n<p>O n\u00e1zory mlad\u00fdch Skali\u010danov sa zauj\u00edmam st\u00e1le. Teraz som sa zamerala na to, \u010di v\u00f4bec \u010d\u00edtaj\u00fa v dne\u0161nej dobe noviny v papierovej podobe. Av\u0161ak aj \u010do \u010d\u00edtaj\u00fa, \u010do ich zauj\u00edma, \u010di odkia\u013e sa dozvedaj\u00fa aktu\u00e1lne spr\u00e1vy. Anketa medzi mlad\u00fdmi \u013eu\u010fmi vo veku 20-26 rokov poskytla ve\u013ea zauj\u00edmav\u00fdch a niekedy mo\u017eno aj prekvapiv\u00fdch odpoved\u00ed. Pripadlo mi ve\u013emi vhodn\u00e9 spracova\u0165 a uverejni\u0165 jej v\u00fdsledky pr\u00e1ve v miestnych ob\u010dianskych novin\u00e1ch, ur\u010den\u00fdch pre v\u0161etk\u00fdch obyvate\u013eov Skalice, teda, i pre ml\u00e1de\u017e.<\/p>\n<p>NOVINY<br \/>\nAj ke\u010f s\u00fa noviny publik\u00e1ciou na jedno pou\u017eitie, ktor\u00e9 po pre\u010d\u00edtan\u00ed v\u00e4\u010d\u0161inou putuj\u00fa priamo do ko\u0161a, st\u00e1le s\u00fa u viacer\u00fdch \u013eud\u00ed ob\u013e\u00faben\u00fdm inform\u00e1torom v\u0161eobecn\u00e9ho diania. S\u00a0prihliadnut\u00edm na v\u00fdsledky ankety, a\u00a0pokles n\u00e1kladov aj ve\u013ek\u00fdch denn\u00edkov a\u00a0magaz\u00ednov, \u00e9ra nov\u00edn v\u00a0papierovej podobe pomaly, ale pravdepodobne zanik\u00e1. Mo\u017eno je to sp\u00f4soben\u00e9 pr\u00e1ve t\u00fdm, \u017ee ml\u00e1de\u017e v\u00a0mojom veku si u\u017e noviny vytla\u010den\u00e9 na papieri v\u00f4bec nekupuje. Iste nie je vyd\u00e1vanie zalo\u017een\u00e9 na tom, \u010di noviny \u010d\u00edtaj\u00fa mlad\u0161\u00ed alebo star\u0161\u00ed, av\u0161ak, ke\u010f star\u00e1 gener\u00e1cia, ktor\u00e1 noviny e\u0161te st\u00e1le \u010d\u00edta, s\u00a0odpusten\u00edm vymrie, zostane tu t\u00e1 moja gener\u00e1cia, ktor\u00e1 hovor\u00ed novin\u00e1m v\u00a0papierovej podobe ve\u013ek\u00e9 NIE, a\u00a0to u\u017e by mohol by\u0165 probl\u00e9m. Napokon \u2013 u\u017e d\u00e1vno v\u00e4\u010d\u0161ina v\u00fdznamn\u00fdch titulov vych\u00e1dza aj v\u00a0elektronickej podobe.<\/p>\n<h4>DNE\u0160N\u00c1 ML\u00c1DE\u017d<\/h4>\n<p>Nedok\u00e1\u017eeme odhadn\u00fa\u0165, \u010di tu noviny bud\u00fa o nejak\u00fdch 50 rokov. Tak \u010faleko v\u0161ak nedok\u00e1\u017eeme odhadn\u00fa\u0165 ani existenciu mnoh\u00fdch vec\u00ed, ktor\u00e9 dnes be\u017ene pou\u017e\u00edvame. Mo\u017eno gener\u00e1cia vtedaj\u0161\u00edch mlad\u00fdch zavrhne mobily ako pre\u017eit\u00e9 a neekologick\u00e9. Treba si v\u0161ak uvedomi\u0165, \u017ee 50 rokov nasp\u00e4\u0165 v\u00f4bec neexistoval internet, mobiln\u00e9 telef\u00f3ny, GPS, satelity, \u010di osobn\u00e9 po\u010d\u00edta\u010de. Av\u0161ak s istotou vieme, \u017ee dnes internet napreduje a st\u00e1va sa akoby ka\u017edodennou s\u00fa\u010das\u0165ou n\u00e1\u0161ho \u017eivota. Ml\u00e1de\u017e tr\u00e1vi st\u00e1le viac \u010dasu so smartf\u00f3nmi, \u010do umo\u017e\u0148uje st\u00e1le jednoduch\u0161\u00ed a r\u00fdchlej\u0161\u00ed pr\u00edstup. Samozrejme, d\u00f4le\u017eit\u00e1 je narastaj\u00faca ponuka. Ke\u010f\u017ee na internete je dnes u\u017e naozaj v\u0161etko, stalo sa, \u017ee displej za\u010dal nahr\u00e1dza\u0165 papier. No, d\u00f4sledkom je aj to, \u017ee nielen\u017ee mlad\u00ed ne\u010d\u00edtaj\u00fa noviny, oni toti\u017e prestali \u010d\u00edta\u0165 u\u017e aj knihy, preto\u017ee pod\u013ea nich internet h\u00fdbe svetom a najzauj\u00edmavej\u0161ie pr\u00edbehy s\u00fa st\u00e1le r\u00fdchlej\u0161ie sfilmovan\u00e9.<\/p>\n<h4>M\u00c1ME TO V\u00a0RUK\u00c1CH MY<\/h4>\n<p>Ke\u010f toto \u010d\u00edtaj\u00fa star\u0161\u00ed \u013eudia, tak sa im m\u00f4\u017ee nad t\u00fdm pozastavova\u0165 rozum. Jedin\u00ed, kto s\u00a0t\u00fdm m\u00f4\u017ee nie\u010do urobi\u0165 sme MY, mlad\u00ed \u013eudia. Mo\u017eno sa treba zamyslie\u0165, \u010di novinky na internete n\u00e1m daj\u00fa to, \u010do by n\u00e1m dali noviny, keby sme ich re\u00e1lne dr\u017eali vytla\u010den\u00e9 v\u00a0ruke. \u010c\u00edtan\u00edm nov\u00edn sa u\u010d\u00edme ma\u0165 svoj n\u00e1zor na vec. Ako to raz povedal americk\u00fd kongregacionalistick\u00fd duchovn\u00fd, soci\u00e1lny reform\u00e1tor a\u00a0re\u010dn\u00edk Henry Ward Beecher: \u201eNoviny s\u00fa u\u010ditelia jednoduch\u00fdch \u013eud\u00ed\u201c. A\u00a0preto \u010d\u00edtajme noviny aj na\u010falej!<\/p>\n<h4>REAGUJEME V\u00a0PRIESTORE KOMUNIK\u00c1CIE?<\/h4>\n<p>Internet je dnes najpopul\u00e1rnej\u0161\u00edm m\u00e9diom aj pre m\u0148a a mojich rovesn\u00edkov. Pr\u00e1ve preto som si zvolila na komunik\u00e1ciu s mlad\u00fdmi Skali\u010danmi pr\u00e1ve t\u00fato cestu a polo\u017eila som im nieko\u013eko anketov\u00fdch ot\u00e1zok. Z odpoved\u00ed m\u00f4\u017eeme vidie\u0165 nielen\u017ee internet je pre nich naozaj tou najjednoduch\u0161ou cesta ako sa dosta\u0165 ku konkr\u00e9tnym inform\u00e1ci\u00e1m a\u00a0novink\u00e1m, ale s\u00fa\u010dasne aj spo\u013eahlivou cestou, ako ich oslovova\u0165. Odpovede na anketov\u00e9 ot\u00e1zky s\u00fa v\u0161ak najcennej\u0161ie v\u00a0tom, \u017ee poskytuj\u00fa obraz o\u00a0skuto\u010dnom postoji a\u00a0n\u00e1zoroch tej skupiny mlad\u00fdch \u013eud\u00ed, ktor\u00ed zareagovali a\u00a0odpovedali.<\/p>\n<p><em>Anabela Buchov\u00e1<\/em><\/p>\n<hr \/>\n<h3>ANKETA K\u00a0\u010cL\u00c1NKU<\/h3>\n<p><strong><em>Autorka \u010dl\u00e1nku urobila anketu, v\u010faka ktorej sme z\u00edskali preh\u013ead o n\u00e1zoroch a d\u00f4vodoch. Aby oslovila cie\u013eov\u00fa skupinu, rozhodla sa ot\u00e1zky uverejni\u0165 na Instagrame. Za zamyslenie stoj\u00ed u\u017e to, \u017ee ot\u00e1zky videlo 150 \u013eud\u00ed, no iba 15 bolo ochotn\u00fdch na ne odpoveda\u0165. A v podstate a\u017e odpove\u010fami za\u010d\u00edna skuto\u010dn\u00e9 prekvapenie. Alebo aj nie.<\/em><\/strong><\/p>\n<p>Z\u00a0p\u00e4tn\u00e1stich odpovedaj\u00facich mlad\u00fdch \u013eud\u00ed \u010d\u00edtaj\u00fa noviny v\u00a0papierovej podobe len \u0161tyria, no v\u0161etci do jedn\u00e9ho bulv\u00e1rne noviny. Ostatn\u00ed, jeden\u00e1sti, maj\u00fa svoje d\u00f4vody pre odvrhnutie papiera:<\/p>\n<p>Dominik, 24 r.: Nebudem zbyto\u010dne vyhadzova\u0165 peniaze za to, \u010do si m\u00f4\u017eem pre\u010d\u00edta\u0165 aj na internete.<\/p>\n<p>Zuzana, 22 r.: \u0160etr\u00edm stromy a mysl\u00edm ekologicky, za m\u0148a ur\u010dite \u201epaperless\u201c.<\/p>\n<p>Viktor, 23 r.: Preferujem novinky na internete.<\/p>\n<p>Jakub, 24 r.: Ja r\u00e1d \u010d\u00edtam novinky na internete, noviny v\u00a0papierovej podobe s\u00fa ve\u013ek\u00e9 a\u00a0nemal by som si ich kam da\u0165, ke\u010f napr\u00edklad idem niekam vlakom.<\/p>\n<p>Nikola, 20 r.: Nezauj\u00edma ma, \u010do sa tam p\u00ed\u0161e a\u00a0ani na to nem\u00e1m \u010das.<\/p>\n<p>Romana, 22 r.: Ke\u010f otvor\u00edm noviny, skoro v\u00a0ka\u017ed\u00fdch sa p\u00ed\u0161e, \u010do u\u017e sa stalo a\u00a0to ma ve\u013emi nezauj\u00edma.<\/p>\n<p>Petra, 26 r.: Nerada str\u00e1cam \u010das \u010d\u00edtan\u00edm, rad\u0161ej si nie\u010do vypo\u010dujem v\u00a0r\u00e1diu.<\/p>\n<p>Krist\u00edna, 23 r.: Tie noviny by som si najsk\u00f4r musela \u00eds\u0165 k\u00fapi\u0165 a\u00a0potom ich \u010d\u00edta\u0165, no pre m\u0148a je pohodlnej\u0161ie si otvori\u0165 mobil a\u00a0tam si n\u00e1js\u0165 novinky, ktor\u00e9 ma zauj\u00edmaj\u00fa, kedyko\u013evek a\u00a0kdeko\u013evek.<\/p>\n<p>Majka, 21 r.: Nem\u00e1m \u010das.<\/p>\n<p>Filip, 20 r.: Ja \u010d\u00edtam len \u0161port a\u00a0kv\u00f4li tomu si ich sn\u00e1\u010f nebudem kupova\u0165, ke\u010f si to pozriem kedyko\u013evek na internete.<\/p>\n<p>Michaela, 25 r.: Nem\u00e1m rada \u010d\u00edtanie v\u0161eobecne.<\/p>\n<p><strong><em>Odpovede na nasleduj\u00face tri ot\u00e1zky ponech\u00e1vame v\u00a0tabu\u013eke, tak ako ich autorka spracovala. Mysl\u00edme, \u017ee takto to v\u00a0st\u013apcoch a\u00a0s\u00fa\u010dasne i\u00a0riadkoch lep\u0161ie vypoved\u00e1 o\u00a0n\u00e1zoroch jednotliv\u00fdch mlad\u00fdch \u013eud\u00ed.<\/em><\/strong><\/p>\n<p><a href=\"http:\/\/skalickyobzor.sk\/cms\/wp-content\/uploads\/2019\/10\/anketa.jpg\"><img loading=\"lazy\" decoding=\"async\" class=\"aligncenter wp-image-2701\" src=\"http:\/\/skalickyobzor.sk\/cms\/wp-content\/uploads\/2019\/10\/anketa-678x381.jpg\" alt=\"\" width=\"490\" height=\"700\" srcset=\"http:\/\/skalickyobzor.sk\/cms\/wp-content\/uploads\/2019\/10\/anketa-210x300.jpg 210w, http:\/\/skalickyobzor.sk\/cms\/wp-content\/uploads\/2019\/10\/anketa.jpg 700w\" sizes=\"auto, (max-width: 490px) 100vw, 490px\" \/><\/a><\/p>\n<h4>&#8230; A\u00a0E\u0160TE SLOVO REDAKCIE<\/h4>\n<p>Re\u0161pektujeme, \u017ee toto je t\u00e9ma mlad\u00fdch, ned\u00e1 n\u00e1m predsa len nepripomen\u00fa\u0165 na \u010do sa \u010dasto zab\u00fada (a plat\u00ed to pre star\u0161\u00edch i mlad\u00fdch) a je to dok\u00e1zan\u00e9 odborn\u00fdmi \u0161t\u00fadiami \u2013 a to, ke\u010f \u010d\u00edtame vytla\u010den\u00e9 inform\u00e1cie, \u010di literat\u00faru, tak:<\/p>\n<ul>\n<li>\u010d\u00edtame o\u00a025 % r\u00fdchlej\u0161ie<\/li>\n<li>pam\u00e4t\u00e1me si o 30 % viac<\/li>\n<li>rozumieme o 30 % viac (\u010d\u00edtanie s porozumen\u00edm)<\/li>\n<li>menej si nam\u00e1hame a unavujeme o\u010di<\/li>\n<li>rozv\u00edja sa na\u0161a schopnos\u0165 s\u00fastredenia<\/li>\n<li>zlep\u0161ujeme svoju priestorov\u00fa orient\u00e1ciu<\/li>\n<li>rozv\u00edja sa na\u0161a schopnos\u0165 kritick\u00e9ho myslenia<\/li>\n<li>rozv\u00edjame empatiu a t\u00fdm medzi\u013eudsk\u00e9 vz\u0165ahy<\/li>\n<\/ul>\n<p>A\u00a0to je dos\u0165 na to, priatelia, aby sme d\u00fafali, \u017ee displej nevytla\u010d\u00ed papier, rovnako ako film nezni\u010dil divadlo a\u00a0DVD neprinieslo koniec k\u00edn.<\/p>\n","protected":false},"excerpt":{"rendered":"<div class=\"mh-excerpt\"><p>Ni\u010d nie je star\u0161ie ako v\u010deraj\u0161ie noviny, hovor\u00ed okr\u00eddlen\u00e9 \u00faslovie, ktor\u00e9ho autorom je Karel \u010capek. Ni\u010d lep\u0161ie nevystihuje ich kr\u00e1tky \u017eivot, preto\u017ee zajtra vyjd\u00fa nov\u00e9, celkom in\u00e9. A s\u00fa\u010dasne i ni\u010d nie je lep\u0161\u00edm pr\u00edkladom <a class=\"mh-excerpt-more\" href=\"http:\/\/skalickyobzor.sk\/cms\/su-pre-mladez-noviny-starinou\/\" title=\"S\u00fa pre ml\u00e1de\u017e noviny starinou?\">[&#8230;]<\/a><\/p>\n<\/div>","protected":false},"author":1,"featured_media":17,"comment_status":"closed","ping_status":"closed","sticky":false,"template":"","format":"standard","meta":{"footnotes":""},"categories":[7],"tags":[],"class_list":{"0":"post-2700","1":"post","2":"type-post","3":"status-publish","4":"format-standard","5":"has-post-thumbnail","7":"category-studentsky-obzor"},"_links":{"self":[{"href":"http:\/\/skalickyobzor.sk\/cms\/wp-json\/wp\/v2\/posts\/2700","targetHints":{"allow":["GET"]}}],"collection":[{"href":"http:\/\/skalickyobzor.sk\/cms\/wp-json\/wp\/v2\/posts"}],"about":[{"href":"http:\/\/skalickyobzor.sk\/cms\/wp-json\/wp\/v2\/types\/post"}],"author":[{"embeddable":true,"href":"http:\/\/skalickyobzor.sk\/cms\/wp-json\/wp\/v2\/users\/1"}],"replies":[{"embeddable":true,"href":"http:\/\/skalickyobzor.sk\/cms\/wp-json\/wp\/v2\/comments?post=2700"}],"version-history":[{"count":5,"href":"http:\/\/skalickyobzor.sk\/cms\/wp-json\/wp\/v2\/posts\/2700\/revisions"}],"predecessor-version":[{"id":2706,"href":"http:\/\/skalickyobzor.sk\/cms\/wp-json\/wp\/v2\/posts\/2700\/revisions\/2706"}],"wp:featuredmedia":[{"embeddable":true,"href":"http:\/\/skalickyobzor.sk\/cms\/wp-json\/wp\/v2\/media\/17"}],"wp:attachment":[{"href":"http:\/\/skalickyobzor.sk\/cms\/wp-json\/wp\/v2\/media?parent=2700"}],"wp:term":[{"taxonomy":"category","embeddable":true,"href":"http:\/\/skalickyobzor.sk\/cms\/wp-json\/wp\/v2\/categories?post=2700"},{"taxonomy":"post_tag","embeddable":true,"href":"http:\/\/skalickyobzor.sk\/cms\/wp-json\/wp\/v2\/tags?post=2700"}],"curies":[{"name":"wp","href":"https:\/\/api.w.org\/{rel}","templated":true}]}}