{"id":2707,"date":"2019-10-09T01:11:11","date_gmt":"2019-10-08T23:11:11","guid":{"rendered":"http:\/\/skalickyobzor.sk\/cms\/?p=2707"},"modified":"2019-10-09T01:56:56","modified_gmt":"2019-10-08T23:56:56","slug":"vazena-pani-primatorka-vazeni-poslanci-8","status":"publish","type":"post","link":"http:\/\/skalickyobzor.sk\/cms\/vazena-pani-primatorka-vazeni-poslanci-8\/","title":{"rendered":"V\u00e1\u017een\u00e1 pani prim\u00e1torka, v\u00e1\u017een\u00ed poslanci!"},"content":{"rendered":"<p>Okt\u00f3brov\u00e9 \u010d\u00edslo Obzoru venujeme Mesiacu \u00facty k\u00a0star\u0161\u00edm a\u00a0tam s\u00fa smerovan\u00e9 aj na\u0161e ot\u00e1zky. Medzi poslancami s\u00fa seniori \u2013 ob\u010dania v\u00a0d\u00f4chodkovom veku, av\u0161ak v\u00e4\u010d\u0161ina poslancov s\u00fa ob\u010dania v\u00a0mlad\u0161om, akt\u00edvnom veku. \u010casto verejne akt\u00edvni ob\u010dania \u2013 poslanci po odchode z\u00a0akt\u00edvneho \u017eivota odch\u00e1dzaj\u00fa celkom do \u00fazadia. Ost\u00e1vaj\u00fa v\u0161ak studnicou inform\u00e1ci\u00ed.<\/p>\n<p><strong>OT\u00c1ZKY:<\/strong><\/p>\n<ol>\n<li>Rad\u00edte sa pri svojej poslaneckej pr\u00e1ci a\u00a0rozhodovan\u00ed sa aj s\u00a0b\u00fdval\u00fdmi poslancami, ktor\u00ed s\u00fa u\u017e dnes na d\u00f4chodku?<\/li>\n<li>Priv\u00edtali by ste nie\u010do ako \u201eradu star\u0161\u00edch\u201c, zlo\u017een\u00fa zo sk\u00fasen\u00fdch seniorov, ktor\u00e1 by bola ak\u00fdmsi poradn\u00fdm org\u00e1nom a\u00a0partnerom MsZ?<\/li>\n<\/ol>\n<p><strong>Odpove\u010f: \u00c1NO\/NIE\/NEVIEM<\/strong><\/p>\n<p>Budeme radi, ak okrem zaslania odpoved\u00ed, za\u0161lete aj va\u0161e n\u00e1zory a\u00a0podel\u00edte sa s\u00a0nami o\u00a0va\u0161e sk\u00fasenosti. K\u00a0tejto t\u00e9me pripravujeme aj \u010dl\u00e1nok a\u00a0va\u0161e podnety bud\u00fa pre n\u00e1s ve\u013emi u\u017eito\u010dn\u00e9.<\/p>\n<p><strong>VYSVETLIVKY:<\/strong><\/p>\n<p><strong>0 neodpovedal<\/strong><br \/>\n<strong>? nedal jednozna\u010dn\u00fa odpove\u010f<\/strong><\/p>\n<div id=\"poslanci\">\n<div class=\"poslanec\">\n<div class=\"foto\"><img decoding=\"async\" src=\"http:\/\/skalickyobzor.sk\/cms\/wp-content\/uploads\/2019\/01\/anna_mierna.jpg\" \/><\/div>\n<div class=\"meno\">MIERNA Anna<\/div>\n<div class=\"odpoved\">\u00c1NO \/ \u00c1NO<\/div>\n<\/div>\n<div class=\"poslanec\">\n<div class=\"foto\"><img decoding=\"async\" src=\"http:\/\/skalickyobzor.sk\/cms\/wp-content\/uploads\/2017\/10\/fotka_poslanca.jpg\" \/><\/div>\n<div class=\"meno\">BAR\u00c1T \u013dudov\u00edt<\/div>\n<div class=\"odpoved\">0<\/div>\n<\/div>\n<div class=\"poslanec\">\n<div class=\"foto\"><img decoding=\"async\" src=\"http:\/\/skalickyobzor.sk\/cms\/wp-content\/uploads\/2019\/01\/lubica_buckova.jpg\" \/><\/div>\n<div class=\"meno\">BU\u010cKOV\u00c1 \u013dubica<\/div>\n<div class=\"odpoved\">\u00c1NO \/ \u00c1NO<\/div>\n<\/div>\n<div class=\"poslanec\">\n<div class=\"foto\"><img decoding=\"async\" src=\"http:\/\/skalickyobzor.sk\/cms\/wp-content\/uploads\/2019\/01\/veronika_hanzalikova.jpg\" \/><\/div>\n<div class=\"meno\">HANZAL\u00cdKOV\u00c1 Veronika<\/div>\n<div class=\"odpoved\">\u00c1NO \/ \u00c1NO<\/div>\n<\/div>\n<div class=\"poslanec\">\n<div class=\"foto\"><img decoding=\"async\" src=\"http:\/\/skalickyobzor.sk\/cms\/wp-content\/uploads\/2019\/01\/adrian_hertl.jpg\" \/><\/div>\n<div class=\"meno\">HERTL Adri\u00e1n<\/div>\n<div class=\"odpoved\">\u00c1NO \/ \u00c1NO<\/div>\n<\/div>\n<div class=\"poslanec\">\n<div class=\"foto\"><img decoding=\"async\" src=\"http:\/\/skalickyobzor.sk\/cms\/wp-content\/uploads\/2019\/01\/miroslav_hornak.jpg\" \/><\/div>\n<div class=\"meno\">HOR\u0147\u00c1K Miroslav<\/div>\n<div class=\"odpoved\">\u00c1NO \/ \u00c1NO<\/div>\n<\/div>\n<div class=\"poslanec\">\n<div class=\"foto\"><img decoding=\"async\" src=\"http:\/\/skalickyobzor.sk\/cms\/wp-content\/uploads\/2019\/02\/vladislav_hornak.jpg\" \/><\/div>\n<div class=\"meno\">HOR\u0147\u00c1K Vladislav<\/div>\n<div class=\"odpoved\">0<\/div>\n<\/div>\n<div class=\"poslanec\">\n<div class=\"foto\"><img decoding=\"async\" src=\"http:\/\/skalickyobzor.sk\/cms\/wp-content\/uploads\/2019\/01\/katarina_chovancova.jpg\" \/><\/div>\n<div class=\"meno\">CHOVANCOV\u00c1 Katar\u00edna<\/div>\n<div class=\"odpoved\">\u00c1NO \/ \u00c1NO<\/div>\n<\/div>\n<div class=\"poslanec\">\n<div class=\"foto\"><img decoding=\"async\" src=\"http:\/\/skalickyobzor.sk\/cms\/wp-content\/uploads\/2019\/01\/frantisek_kadlecik.jpg\" \/><\/div>\n<div class=\"meno\">KADLE\u010c\u00cdK Franti\u0161ek<\/div>\n<div class=\"odpoved\">0<\/div>\n<\/div>\n<div class=\"poslanec\">\n<div class=\"foto\"><img decoding=\"async\" src=\"http:\/\/skalickyobzor.sk\/cms\/wp-content\/uploads\/2017\/10\/martin_kojs.jpg\" \/><\/div>\n<div class=\"meno\">KOJ\u0160 Martin<\/div>\n<div class=\"odpoved\">\u00c1NO \/ NIE<\/div>\n<\/div>\n<div class=\"poslanec\">\n<div class=\"foto\"><img decoding=\"async\" src=\"http:\/\/skalickyobzor.sk\/cms\/wp-content\/uploads\/2017\/10\/fotka_poslanca.jpg\" \/><\/div>\n<div class=\"meno\">KO\u0160\u00cdK Peter<\/div>\n<div class=\"odpoved\">0<\/div>\n<\/div>\n<div class=\"poslanec\">\n<div class=\"foto\"><img decoding=\"async\" src=\"http:\/\/skalickyobzor.sk\/cms\/wp-content\/uploads\/2019\/01\/miroslav_lipovsky.jpg\" \/><\/div>\n<div class=\"meno\">LIPOVSK\u00dd Miroslav<\/div>\n<div class=\"odpoved\">0<\/div>\n<\/div>\n<div class=\"poslanec\">\n<div class=\"foto\"><img decoding=\"async\" src=\"http:\/\/skalickyobzor.sk\/cms\/wp-content\/uploads\/2017\/10\/anna_ozabalova.jpg\" \/><\/div>\n<div class=\"meno\">OZ\u00c1BALOV\u00c1 Anna<\/div>\n<div class=\"odpoved\">\u00c1NO \/ \u00c1NO<\/div>\n<\/div>\n<div class=\"poslanec\">\n<div class=\"foto\"><img decoding=\"async\" src=\"http:\/\/skalickyobzor.sk\/cms\/wp-content\/uploads\/2017\/12\/peter_pagac.jpg\" \/><\/div>\n<div class=\"meno\">PAG\u00c1\u010c Peter<\/div>\n<div class=\"odpoved\">0<\/div>\n<\/div>\n<div class=\"poslanec\">\n<div class=\"foto\"><img decoding=\"async\" src=\"http:\/\/skalickyobzor.sk\/cms\/wp-content\/uploads\/2019\/01\/zigmund_palffy.jpg\" \/><\/div>\n<div class=\"meno\">P\u00c1LFFY \u017digmund<\/div>\n<div class=\"odpoved\">\u00c1NO \/ NIE<\/div>\n<\/div>\n<div class=\"poslanec\">\n<div class=\"foto\"><img decoding=\"async\" src=\"http:\/\/skalickyobzor.sk\/cms\/wp-content\/uploads\/2019\/01\/erik_rangl.jpg\" \/><\/div>\n<div class=\"meno\">RANGL Erik<\/div>\n<div class=\"odpoved\">0<\/div>\n<\/div>\n<div class=\"poslanec\">\n<div class=\"foto\"><img decoding=\"async\" src=\"http:\/\/skalickyobzor.sk\/cms\/wp-content\/uploads\/2017\/10\/jana_rekosova.jpg\" \/><\/div>\n<div class=\"meno\">REKO\u0160OV\u00c1 Jana<\/div>\n<div class=\"odpoved\">\u00c1NO \/ NEVIEM<\/div>\n<\/div>\n<div class=\"poslanec\">\n<div class=\"foto\"><img decoding=\"async\" src=\"http:\/\/skalickyobzor.sk\/cms\/wp-content\/uploads\/2017\/10\/fotka_poslanca.jpg\" \/><\/div>\n<div class=\"meno\">ROMAN Milan<\/div>\n<div class=\"odpoved\">0<\/div>\n<\/div>\n<div class=\"poslanec\">\n<div class=\"foto\"><img decoding=\"async\" src=\"http:\/\/skalickyobzor.sk\/cms\/wp-content\/uploads\/2019\/01\/jozef_skala.jpg\" \/><\/div>\n<div class=\"meno\">SK\u00c1LA Jozef<\/div>\n<div class=\"odpoved\">\u00c1NO \/ \u00c1NO<\/div>\n<\/div>\n<div class=\"poslanec\">\n<div class=\"foto\"><img decoding=\"async\" src=\"http:\/\/skalickyobzor.sk\/cms\/wp-content\/uploads\/2017\/10\/fotka_poslanca.jpg\" \/><\/div>\n<div class=\"meno\">\u0160ANTAV\u00dd Rudolf<\/div>\n<div class=\"odpoved\">0<\/div>\n<\/div>\n<\/div>\n","protected":false},"excerpt":{"rendered":"<div class=\"mh-excerpt\"><p>Okt\u00f3brov\u00e9 \u010d\u00edslo Obzoru venujeme Mesiacu \u00facty k\u00a0star\u0161\u00edm a\u00a0tam s\u00fa smerovan\u00e9 aj na\u0161e ot\u00e1zky. Medzi poslancami s\u00fa seniori \u2013 ob\u010dania v\u00a0d\u00f4chodkovom veku, av\u0161ak v\u00e4\u010d\u0161ina poslancov s\u00fa ob\u010dania v\u00a0mlad\u0161om, akt\u00edvnom veku. \u010casto verejne akt\u00edvni ob\u010dania \u2013 poslanci <a class=\"mh-excerpt-more\" href=\"http:\/\/skalickyobzor.sk\/cms\/vazena-pani-primatorka-vazeni-poslanci-8\/\" title=\"V\u00e1\u017een\u00e1 pani prim\u00e1torka, v\u00e1\u017een\u00ed poslanci!\">[&#8230;]<\/a><\/p>\n<\/div>","protected":false},"author":1,"featured_media":239,"comment_status":"closed","ping_status":"closed","sticky":false,"template":"","format":"standard","meta":{"footnotes":""},"categories":[9],"tags":[],"class_list":{"0":"post-2707","1":"post","2":"type-post","3":"status-publish","4":"format-standard","5":"has-post-thumbnail","7":"category-vazeni-poslanci"},"_links":{"self":[{"href":"http:\/\/skalickyobzor.sk\/cms\/wp-json\/wp\/v2\/posts\/2707","targetHints":{"allow":["GET"]}}],"collection":[{"href":"http:\/\/skalickyobzor.sk\/cms\/wp-json\/wp\/v2\/posts"}],"about":[{"href":"http:\/\/skalickyobzor.sk\/cms\/wp-json\/wp\/v2\/types\/post"}],"author":[{"embeddable":true,"href":"http:\/\/skalickyobzor.sk\/cms\/wp-json\/wp\/v2\/users\/1"}],"replies":[{"embeddable":true,"href":"http:\/\/skalickyobzor.sk\/cms\/wp-json\/wp\/v2\/comments?post=2707"}],"version-history":[{"count":2,"href":"http:\/\/skalickyobzor.sk\/cms\/wp-json\/wp\/v2\/posts\/2707\/revisions"}],"predecessor-version":[{"id":2709,"href":"http:\/\/skalickyobzor.sk\/cms\/wp-json\/wp\/v2\/posts\/2707\/revisions\/2709"}],"wp:featuredmedia":[{"embeddable":true,"href":"http:\/\/skalickyobzor.sk\/cms\/wp-json\/wp\/v2\/media\/239"}],"wp:attachment":[{"href":"http:\/\/skalickyobzor.sk\/cms\/wp-json\/wp\/v2\/media?parent=2707"}],"wp:term":[{"taxonomy":"category","embeddable":true,"href":"http:\/\/skalickyobzor.sk\/cms\/wp-json\/wp\/v2\/categories?post=2707"},{"taxonomy":"post_tag","embeddable":true,"href":"http:\/\/skalickyobzor.sk\/cms\/wp-json\/wp\/v2\/tags?post=2707"}],"curies":[{"name":"wp","href":"https:\/\/api.w.org\/{rel}","templated":true}]}}