{"id":2715,"date":"2019-10-09T01:07:32","date_gmt":"2019-10-08T23:07:32","guid":{"rendered":"http:\/\/skalickyobzor.sk\/cms\/?p=2715"},"modified":"2019-10-09T01:56:24","modified_gmt":"2019-10-08T23:56:24","slug":"tepli-a-bublavi","status":"publish","type":"post","link":"http:\/\/skalickyobzor.sk\/cms\/tepli-a-bublavi\/","title":{"rendered":"Tepl\u00ed a bublav\u00ed"},"content":{"rendered":"<p>Dobr\u00ed slatk\u00ed bur\u010d\u00e1k je (aj) v\u00a0m\u00edrnem po\u017ei\u0165\u00ed velice zdrav\u00ed. Je to vlas\u0148e vitam\u00ednov\u00e1 bomba. R\u00edka sa, \u017ee vi\u010dis\u0165\u00ed streva aj kr\u00e9f a\u00a0tak ne\u0148i teho vinohrad\u0148\u00edka, ker\u00ed bi sa ze zdravot\u0148\u00edch d\u00favod\u00fa ne\u0165e\u0161il na dobr\u00fa \u00farodu hrozna. Na\u0161a ro\u010fina m\u00e1 vinohrad v\u00a0Propas\u0165\u00e1ch a\u00a0ket sa f \u010dasi bur\u010d\u00e1ku vinari stretn\u00fa, prv\u00e9, co sa p\u00edtaj\u00fa je, jak to ve sklepje vipad\u00e1. Je to tak trochu v\u00edzva na ko\u0161tov\u00e1\u0148\u00ed, \u010di u\u0161 je naozaj dobr\u00ed.<\/p>\n<p>Mos\u00edm povje\u010fet, \u017ee n\u00e9 enom bur\u010d\u00e1k, ale aj s\u00fased\u00fa m\u00e1me dobr\u00edch kamar\u00e1d\u00fa. V temto obdob\u00ed sme sa naf\u0161\u0165evovali, ko\u0161tovali, hodno\u0165ili a bavili sa. Jeden r\u00e1s ve sklepje u mja, potom u Mach\u00e1\u010dk\u00fa, u dochtora Bobovn\u00edck\u00e9ho, Krajsu alebo \u010cemana. Nekedi sa n\u00e1m tam pripl\u00e9tli aj man\u017eelki. Abi sa vis\u0165ihel tento n\u00e1poj co najlep\u0161\u00ed, tepl\u00ed a bublav\u00ed, tak sme si v robo\u0165e aj dovolenku zebrali. Najlep\u0161\u00ed chu\u0165\u00ed vit\u00e1hl\u00ed pr\u00edmo z be\u010dki ko\u0161t\u00edrem a ve skepje sa velice dobre pije. Ale pozor, sklep mos\u00ed bit dobre vivjetran\u00ed, abi sa nestalo ne\u0161\u0165es\u0165\u00ed, proto\u017ee plini z bur\u010d\u00e1ku s\u00fa jedovat\u00e9, a\u0161 smrteln\u00e9. Aj tak, ket sa vijde ven na \u010dist\u00ed vzduch, tak to je jak kebi \u0165a mjechem pra\u0161\u010dil a chv\u00edlu sa \u0165i f\u0161ecko okolo to\u010d\u00ed jak na koloto\u010di.<\/p>\n<p>Po sklepje ko\u0161t\u00fafka pokra\u010dovala hore v\u00a0b\u00fa\u010fe, hr\u00e1vali sa karti a\u00a0b\u00e1rsjak\u00e9 hri. Premlelo sa tam f\u0161ecko mo\u017en\u00e9 \u2013 kult\u00fara, \u0161port, politika a\u00a0jak in\u00e1\u010d \u2013 aj \u017eeni. Hod\u0148e sa \u010felali aj v\u0161elijak\u00e9 srandi, jak sa r\u00edka, jeden druh\u00e9mu napotvoru. Negdo si otsko\u010dil na v\u00e9cko a\u00a0ket sa vr\u00e1\u0165il, mjel v\u00a0poh\u00e1rku s\u00a0bur\u010d\u00e1kem trochu soli. Za\u0161k\u0148\u00faril sa, zahre\u0161il, no \u0148igdo sa nepriznal. Ostalo to utajen\u00e9. J\u00e1 sem r\u00e1s natrel klu\u010dku ot z\u00e1choda vazel\u00edn\u00fa. Nemohel sem sa do\u010dkat, gdo bude ten chu\u010f\u00e1k, co sa nachit\u00e1. Nakonec sem \u0148\u00edm bil j\u00e1, mosel sem tam utekat, tak sem klu\u010dku opucoval a\u00a0\u0148igdo \u0148ic nevje\u010fel.<\/p>\n<p>M\u00faj bur\u010d\u00e1k velice \u0161makoval Jankovi. A\u0148i sme ho nes\u0165ihli kontrolovat a\u00a0u\u0161 mjel opicu. Enom si pamatal, \u017ee nesm\u00ed d\u00f3jit dom g \u017ee\u0148e opit\u00ed. Vire\u0161il to rozum\u0148e. Dom, g br\u00e1nce sme ho dov\u00e9dli, no zaspal ve dvori pot \u0161op\u00fa. Pri dal\u0161\u00ed ko\u0161t\u00fafce n\u00e1m zra\u010fil, \u017ee r\u00e1no ho tam obu\u010fila \u017eena a\u00a0bila velice r\u00e1da, \u017ee dodr\u017eal chlapsk\u00e9 slovo a\u00a0neve\u0161el do domu v\u00a0noci opit\u00ed. Bil \u00ed aj vjern\u00ed, lebo f tej zimje v\u00a0noci pot \u0161op\u00fa spal s\u00e1m.<\/p>\n<p>Podruh\u00e9 sem to z\u00a0bur\u010d\u00e1kem prehnal j\u00e1. Mjel sem moc pot \u010depic\u00fa a\u00a0potom okno. Chala\u0148i viu\u017eili, \u017ee sem si \u0148ic nepamatal a\u00a0cel\u00fa bundu mi obr\u00e1\u0165ili narubi. Nev\u00edm kedi a\u00a0jak sem do\u0161el dom, ale is\u0165e sem po ces\u0165e br\u010dkoval, ket mja dov\u00e9dli. Nest\u00e1va sa mi to, ale toto bila mimor\u00e1tka. R\u00e1no mja \u017eena priv\u00edtala a\u00a0dostal sem por\u00e1d\u0148e hubovej, ale n\u00e9 pol\u00e9fki. Uk\u00e1zala mje t\u00fa bundu, e\u0161\u0165e aj ruk\u00e1f bil ot bur\u010d\u00e1ka pjekn\u00ed leskl\u00ed, vo\u0148av\u00ed. Aj osa bi si na \u0148em pochutnala. Otpoled\u0148a sem i\u0161el do b\u00fadi f\u0161ecko skontrolovat a\u00a0u\u010felat por\u00e1dek. Okrem rozbit\u00e9ho poh\u00e1rka a\u00a0trochu smradu to celkem u\u0161lo. Bunda sa oprala, ostali enom spom\u00ednki (aj ket vje\u010din\u00fa si pamataj\u00fa kamar\u00e1\u010fi) a\u00a0na bur\u010d\u00e1k sa cho\u010f\u00ed furt d\u00e1l a\u00a0d\u00e1l.<\/p>\n<p>P\u00ed\u0161u enom to, co sem v mojem \u017eivo\u0165e vi\u010fel, \u010dul a za\u017eil.<\/p>\n<p><em>Miloslav Tom\u0161ej st.,<\/em><br \/>\n<em>Skali\u010dan \u0165elem aj du\u0161\u00fa<\/em><\/p>\n","protected":false},"excerpt":{"rendered":"<div class=\"mh-excerpt\"><p>Dobr\u00ed slatk\u00ed bur\u010d\u00e1k je (aj) v\u00a0m\u00edrnem po\u017ei\u0165\u00ed velice zdrav\u00ed. Je to vlas\u0148e vitam\u00ednov\u00e1 bomba. R\u00edka sa, \u017ee vi\u010dis\u0165\u00ed streva aj kr\u00e9f a\u00a0tak ne\u0148i teho vinohrad\u0148\u00edka, ker\u00ed bi sa ze zdravot\u0148\u00edch d\u00favod\u00fa ne\u0165e\u0161il na dobr\u00fa \u00farodu <a class=\"mh-excerpt-more\" href=\"http:\/\/skalickyobzor.sk\/cms\/tepli-a-bublavi\/\" title=\"Tepl\u00ed a bublav\u00ed\">[&#8230;]<\/a><\/p>\n<\/div>","protected":false},"author":17,"featured_media":2716,"comment_status":"closed","ping_status":"closed","sticky":false,"template":"","format":"standard","meta":{"footnotes":""},"categories":[4],"tags":[],"class_list":{"0":"post-2715","1":"post","2":"type-post","3":"status-publish","4":"format-standard","5":"has-post-thumbnail","7":"category-ja-su-ze-skalice"},"_links":{"self":[{"href":"http:\/\/skalickyobzor.sk\/cms\/wp-json\/wp\/v2\/posts\/2715","targetHints":{"allow":["GET"]}}],"collection":[{"href":"http:\/\/skalickyobzor.sk\/cms\/wp-json\/wp\/v2\/posts"}],"about":[{"href":"http:\/\/skalickyobzor.sk\/cms\/wp-json\/wp\/v2\/types\/post"}],"author":[{"embeddable":true,"href":"http:\/\/skalickyobzor.sk\/cms\/wp-json\/wp\/v2\/users\/17"}],"replies":[{"embeddable":true,"href":"http:\/\/skalickyobzor.sk\/cms\/wp-json\/wp\/v2\/comments?post=2715"}],"version-history":[{"count":1,"href":"http:\/\/skalickyobzor.sk\/cms\/wp-json\/wp\/v2\/posts\/2715\/revisions"}],"predecessor-version":[{"id":2717,"href":"http:\/\/skalickyobzor.sk\/cms\/wp-json\/wp\/v2\/posts\/2715\/revisions\/2717"}],"wp:featuredmedia":[{"embeddable":true,"href":"http:\/\/skalickyobzor.sk\/cms\/wp-json\/wp\/v2\/media\/2716"}],"wp:attachment":[{"href":"http:\/\/skalickyobzor.sk\/cms\/wp-json\/wp\/v2\/media?parent=2715"}],"wp:term":[{"taxonomy":"category","embeddable":true,"href":"http:\/\/skalickyobzor.sk\/cms\/wp-json\/wp\/v2\/categories?post=2715"},{"taxonomy":"post_tag","embeddable":true,"href":"http:\/\/skalickyobzor.sk\/cms\/wp-json\/wp\/v2\/tags?post=2715"}],"curies":[{"name":"wp","href":"https:\/\/api.w.org\/{rel}","templated":true}]}}