{"id":272,"date":"2017-12-13T23:03:52","date_gmt":"2017-12-13T22:03:52","guid":{"rendered":"http:\/\/skalickyobzor.sk\/cms\/?p=272"},"modified":"2017-12-13T23:03:52","modified_gmt":"2017-12-13T22:03:52","slug":"gymnazium-ma-355-rokov","status":"publish","type":"post","link":"http:\/\/skalickyobzor.sk\/cms\/gymnazium-ma-355-rokov\/","title":{"rendered":"Gymn\u00e1zium m\u00e1 355 rokov"},"content":{"rendered":"<p><strong>Oslavy trvali ofici\u00e1lne \u0161tyri dni, pri\u010dom si ka\u017ed\u00fd z n\u00e1s \u2013 \u0161tudentov (a mo\u017eno aj profesorov) \u2013 na\u0161iel nie\u010do svoje. Cel\u00e9 to za\u010dalo v pondelok 13. novembra 2017, kedy bola v podkrov\u00ed gymn\u00e1zia umiestnen\u00e1 vernis\u00e1\u017e s n\u00e1zvom Mojich sedem divov Skalice.<\/strong><\/p>\n<p><!--more--><\/p>\n<p>Autormi boli na\u0161i \u017eiaci, \u017eiaci Z\u00e1kladnej umeleckej \u0161koly Skalica a Z\u00e1kladnej \u0161koly Vajansk\u00e9ho v Skalici. T\u00fato skromn\u00fa, no o to zauj\u00edmavej\u0161iu expoz\u00edciu v\u00fdtvarn\u00edci obohatili napr\u00edklad o portr\u00e9t Franti\u0161ka Kri\u0161tofa Vesel\u00e9ho, obrazy a fotografie budov n\u00e1\u0161ho \u010darovn\u00e9ho historick\u00e9ho mesta. Celkov\u00fd efekt dotv\u00e1rali b\u00e1sne o Skalici a gymn\u00e1ziu, takisto z dielne na\u0161ich \u0161ikovn\u00fdch \u0161tudentov.<\/p>\n<h3>\u010cOSI PRE TELO AJ DUCHA<\/h3>\n<p>T\u00ed fyzicky zdatnej\u0161\u00ed sa v\u0161ak najviac te\u0161ili na \u0161portov\u00fd de\u0148, ktor\u00fd pripadol na utorok 14. novembra 2017. Mali sme mo\u017enos\u0165 vybra\u0165 si zo \u0161irokej \u0161k\u00e1ly aktiv\u00edt, ako napr\u00edklad volejbal, florbal, stoln\u00fd tenis, zumba \u010di \u0161ach. Naozaj sme sa zabavili a posilnili si ako toho \u0161portov\u00e9ho, tak aj t\u00edmov\u00e9ho ducha, ktor\u00fd, povedzme si pravdu, je v kolekt\u00edve \u0161tudentov ve\u013emi d\u00f4le\u017eitou s\u00fa\u010das\u0165ou. Streda sa, naopak, niesla v umeleckom duchu, kedy si niektor\u00ed z n\u00e1s pripravili men\u0161ie divadeln\u00e9 predstavenie na n\u00e1met poviedky b\u00fdval\u00e9ho profesora n\u00e1\u0161ho gymn\u00e1zia a z\u00e1rove\u0148 uzn\u00e1van\u00e9ho autora, p\u00e1na PhDr. Jozefa \u0160pa\u010dka.<\/p>\n<figure id=\"attachment_279\" aria-describedby=\"caption-attachment-279\" style=\"width: 678px\" class=\"wp-caption aligncenter\"><img loading=\"lazy\" decoding=\"async\" class=\"size-full wp-image-279\" src=\"http:\/\/skalickyobzor.sk\/cms\/wp-content\/uploads\/2017\/12\/gymnazium3.jpg\" alt=\"\" width=\"678\" height=\"811\" srcset=\"http:\/\/skalickyobzor.sk\/cms\/wp-content\/uploads\/2017\/12\/gymnazium3.jpg 678w, http:\/\/skalickyobzor.sk\/cms\/wp-content\/uploads\/2017\/12\/gymnazium3-251x300.jpg 251w\" sizes=\"auto, (max-width: 678px) 100vw, 678px\" \/><figcaption id=\"caption-attachment-279\" class=\"wp-caption-text\">Foto: Arch\u00edv gymn\u00e1zia<\/figcaption><\/figure>\n<p>Predstavenie nieslo n\u00e1zov Lekcia z tvorivosti a zo\u017ealo ve\u013ek\u00fd \u00faspech nielen v radoch \u0161tudentov, pre ktor\u00fdch sa odohrali tri predstavenia, ale aj medzi b\u00fdval\u00fdmi zamestnancami tejto \u0161koly, ktor\u00fdm bolo venovan\u00e9 jedno \u0161peci\u00e1lne predstavenie podve\u010der. Pr\u00e1ve ich reakcie n\u00e1s pote\u0161ili najviac, najm\u00e4 reakcia p\u00e1na profesora \u0160pa\u010dka a takisto aj p\u00e1na profesora Ivana Hn\u00e1ta, ktor\u00e9ho b\u00e1sne predstavenie dop\u013a\u0148ali, obohatili a pozdvihli na vy\u0161\u0161iu umeleck\u00fa \u00farove\u0148. Touto na\u0161ou amat\u00e9rskou inscen\u00e1ciou sme, d\u00fafam, o\u017eivili ich spomienky na gymn\u00e1zium, a najm\u00e4 im dali najavo, ako ve\u013emi si ich pr\u00e1cu cen\u00edme, aj napriek tomu, \u017ee sme sa s nimi osobne nestretli a nepozn\u00e1me ich. P\u00fdtate sa pre\u010do?<\/p>\n<p>Nu\u017e, ka\u017ed\u00fd jeden zamestnanec skalick\u00e9ho gymn\u00e1zia, ka\u017ed\u00fd jeden profesor \u010di profesorka tu nie\u010do po sebe zanechali. A nemus\u00ed to by\u0165 nie\u010do hmatate\u013en\u00e9. M\u00e1m na mysli vedomosti a rady do \u017eivota, ktor\u00e9 v\u0161tepovali \u0161tudentom, ktor\u00ed sa mo\u017eno takisto stali nesk\u00f4r profesormi tohto gymn\u00e1zia a vedomosti odovzd\u00e1vaj\u00fa \u010falej pr\u00e1ve n\u00e1m&#8230; V\u0161etk\u00fdm t\u00fdmto skvel\u00fdm \u013eu\u010fom patr\u00ed jedno ve\u013ek\u00e9 \u010eAKUJEME, aj napriek tomu, \u017ee v\u00e1s v\u0161etk\u00fdch nepozn\u00e1me osobne.<\/p>\n<h3>SL\u00c1VNOSTN\u00c1 AKAD\u00c9MIA<\/h3>\n<p>Divadlo bolo v\u0161ak len takou men\u0161ou ochutn\u00e1vkou toho, \u010do malo n\u00e1sledne pr\u00eds\u0165. \u010cere\u0161ni\u010dkou na torte bola sl\u00e1vnostn\u00e1 akad\u00e9mia, ktor\u00e1 sa konala vo \u0161tvrtok 16. novembra 2017 v Jezuitskom kostole ved\u013ea gymn\u00e1zia \u0161peci\u00e1lne pre t\u00fdch, ktor\u00ed t\u00fato in\u0161tit\u00faciu pom\u00e1hali formova\u0165 a prispeli k jej v\u00fdvoju \u2013 pre jej zamestnancov, b\u00fdval\u00fdch aj s\u00fa\u010dasn\u00fdch. A pr\u00e1ve tu, v kr\u00e1snych priestoroch Jezuitsk\u00e9ho kostola, sa im v\u0161etk\u00fdm za ich poctiv\u00fa a obetav\u00fa pr\u00e1cu osobne po\u010fakovala na\u0161a pani riadite\u013eka RNDr. Bo\u017eena St\u00fapalov\u00e1.<\/p>\n<figure id=\"attachment_276\" aria-describedby=\"caption-attachment-276\" style=\"width: 612px\" class=\"wp-caption aligncenter\"><img loading=\"lazy\" decoding=\"async\" class=\"size-full wp-image-276\" src=\"http:\/\/skalickyobzor.sk\/cms\/wp-content\/uploads\/2017\/12\/gymnazium6.jpg\" alt=\"\" width=\"612\" height=\"868\" srcset=\"http:\/\/skalickyobzor.sk\/cms\/wp-content\/uploads\/2017\/12\/gymnazium6.jpg 612w, http:\/\/skalickyobzor.sk\/cms\/wp-content\/uploads\/2017\/12\/gymnazium6-212x300.jpg 212w\" sizes=\"auto, (max-width: 612px) 100vw, 612px\" \/><figcaption id=\"caption-attachment-276\" class=\"wp-caption-text\">Foto: Arch\u00edv gymn\u00e1zia<\/figcaption><\/figure>\n<p>V tejto n\u00e1dhernej historickej budove, ktorej akustika patr\u00ed k jednej z najlep\u0161\u00edch v strednej Eur\u00f3pe, sa oz\u00fdvali aj hudobn\u00e9 vyst\u00fapenia na\u0161ich \u201egympl\u00e1kov\u201c, \u010do mal by\u0165 v istom slova zmysle pre na\u0161e gymn\u00e1zium dar\u010dek k narodenin\u00e1m a mal pouk\u00e1za\u0165 aj na to, \u017ee gymn\u00e1zium n\u00e1s formuje nielen intelektu\u00e1lne, ale aj umelecky. Predseda Trnavsk\u00e9ho samospr\u00e1vneho kraja Tom\u00e1\u0161 Miku\u0161 v mene Trnavsk\u00e9ho samospr\u00e1vneho kraja udelil n\u00e1\u0161mu gymn\u00e1ziu pam\u00e4tn\u00fa medailu Jozefa Miloslava Hurbana.<\/p>\n<p>Nakoniec odznela \u0161tudentsk\u00e1 hymna \u2013 Gaudeamus \u2013 za doprovodu organu a spevu s\u00fa\u010dasn\u00fdch maturantov. M\u00fary Jezuitsk\u00e9ho kl\u00e1\u0161tora toho ust\u00e1li naozaj ve\u013ea a ve\u013ea si aj pam\u00e4taj\u00fa. Od n\u00e1v\u0161tevy M\u00e1rie Ter\u00e9zie, jozef\u00ednskych reforiem, cez ma\u010fariz\u00e1ciu a dve svetov\u00e9 vojny a\u017e po s\u00fa\u010dasnos\u0165, st\u00e1le vzdel\u00e1vaj\u00fac a vychov\u00e1vaj\u00fac mlad\u00fdch \u013eud\u00ed. Gymn\u00e1zium F. V. Sasinka toho ve\u013ea pre\u017eilo a st\u00e1le zvl\u00e1da nov\u00e9 a nov\u00e9 n\u00e1pory \u0161tudentov, ktor\u00ed \u010dastokr\u00e1t sami nevedia, \u010do chc\u00fa. A st\u00e1le to s nami nikto nevzdal&#8230;<\/p>\n<p><em>Veronika Derm\u00ed\u0161kov\u00e1, \u0161tudentka septimy<\/em><\/p>\n<figure id=\"attachment_281\" aria-describedby=\"caption-attachment-281\" style=\"width: 1482px\" class=\"wp-caption aligncenter\"><img loading=\"lazy\" decoding=\"async\" class=\"size-full wp-image-281\" src=\"http:\/\/skalickyobzor.sk\/cms\/wp-content\/uploads\/2017\/12\/gymnazium1.jpg\" alt=\"\" width=\"1482\" height=\"898\" srcset=\"http:\/\/skalickyobzor.sk\/cms\/wp-content\/uploads\/2017\/12\/gymnazium1.jpg 1482w, http:\/\/skalickyobzor.sk\/cms\/wp-content\/uploads\/2017\/12\/gymnazium1-300x182.jpg 300w, http:\/\/skalickyobzor.sk\/cms\/wp-content\/uploads\/2017\/12\/gymnazium1-768x465.jpg 768w, http:\/\/skalickyobzor.sk\/cms\/wp-content\/uploads\/2017\/12\/gymnazium1-1024x620.jpg 1024w\" sizes=\"auto, (max-width: 1482px) 100vw, 1482px\" \/><figcaption id=\"caption-attachment-281\" class=\"wp-caption-text\">Foto: Arch\u00edv gymn\u00e1zia<\/figcaption><\/figure>\n<figure id=\"attachment_280\" aria-describedby=\"caption-attachment-280\" style=\"width: 1480px\" class=\"wp-caption aligncenter\"><img loading=\"lazy\" decoding=\"async\" class=\"size-full wp-image-280\" src=\"http:\/\/skalickyobzor.sk\/cms\/wp-content\/uploads\/2017\/12\/gymnazium2.jpg\" alt=\"\" width=\"1480\" height=\"1022\" srcset=\"http:\/\/skalickyobzor.sk\/cms\/wp-content\/uploads\/2017\/12\/gymnazium2.jpg 1480w, http:\/\/skalickyobzor.sk\/cms\/wp-content\/uploads\/2017\/12\/gymnazium2-300x207.jpg 300w, http:\/\/skalickyobzor.sk\/cms\/wp-content\/uploads\/2017\/12\/gymnazium2-768x530.jpg 768w, http:\/\/skalickyobzor.sk\/cms\/wp-content\/uploads\/2017\/12\/gymnazium2-1024x707.jpg 1024w\" sizes=\"auto, (max-width: 1480px) 100vw, 1480px\" \/><figcaption id=\"caption-attachment-280\" class=\"wp-caption-text\">Foto: Arch\u00edv gymn\u00e1zia<\/figcaption><\/figure>\n<figure id=\"attachment_278\" aria-describedby=\"caption-attachment-278\" style=\"width: 1469px\" class=\"wp-caption aligncenter\"><img loading=\"lazy\" decoding=\"async\" class=\"size-full wp-image-278\" src=\"http:\/\/skalickyobzor.sk\/cms\/wp-content\/uploads\/2017\/12\/gymnazium4.jpg\" alt=\"\" width=\"1469\" height=\"862\" srcset=\"http:\/\/skalickyobzor.sk\/cms\/wp-content\/uploads\/2017\/12\/gymnazium4.jpg 1469w, http:\/\/skalickyobzor.sk\/cms\/wp-content\/uploads\/2017\/12\/gymnazium4-300x176.jpg 300w, http:\/\/skalickyobzor.sk\/cms\/wp-content\/uploads\/2017\/12\/gymnazium4-768x451.jpg 768w, http:\/\/skalickyobzor.sk\/cms\/wp-content\/uploads\/2017\/12\/gymnazium4-1024x601.jpg 1024w\" sizes=\"auto, (max-width: 1469px) 100vw, 1469px\" \/><figcaption id=\"caption-attachment-278\" class=\"wp-caption-text\">Foto: Arch\u00edv gymn\u00e1zia<\/figcaption><\/figure>\n<p>&nbsp;<\/p>\n<figure id=\"attachment_275\" aria-describedby=\"caption-attachment-275\" style=\"width: 263px\" class=\"wp-caption aligncenter\"><img loading=\"lazy\" decoding=\"async\" class=\"size-full wp-image-275\" src=\"http:\/\/skalickyobzor.sk\/cms\/wp-content\/uploads\/2017\/12\/gymn_sqr1.jpg\" alt=\"\" width=\"263\" height=\"263\" srcset=\"http:\/\/skalickyobzor.sk\/cms\/wp-content\/uploads\/2017\/12\/gymn_sqr1.jpg 263w, http:\/\/skalickyobzor.sk\/cms\/wp-content\/uploads\/2017\/12\/gymn_sqr1-150x150.jpg 150w\" sizes=\"auto, (max-width: 263px) 100vw, 263px\" \/><figcaption id=\"caption-attachment-275\" class=\"wp-caption-text\">\u017div\u00fd z\u00e1znam z osl\u00e1v gymn\u00e1zia<\/figcaption><\/figure>\n<figure id=\"attachment_274\" aria-describedby=\"caption-attachment-274\" style=\"width: 263px\" class=\"wp-caption aligncenter\"><img loading=\"lazy\" decoding=\"async\" class=\"size-full wp-image-274\" src=\"http:\/\/skalickyobzor.sk\/cms\/wp-content\/uploads\/2017\/12\/gymn_sqr2.jpg\" alt=\"\" width=\"263\" height=\"263\" srcset=\"http:\/\/skalickyobzor.sk\/cms\/wp-content\/uploads\/2017\/12\/gymn_sqr2.jpg 263w, http:\/\/skalickyobzor.sk\/cms\/wp-content\/uploads\/2017\/12\/gymn_sqr2-150x150.jpg 150w\" sizes=\"auto, (max-width: 263px) 100vw, 263px\" \/><figcaption id=\"caption-attachment-274\" class=\"wp-caption-text\">\u017div\u00fd z\u00e1znam z osl\u00e1v gymn\u00e1zia<\/figcaption><\/figure>\n<figure id=\"attachment_273\" aria-describedby=\"caption-attachment-273\" style=\"width: 263px\" class=\"wp-caption aligncenter\"><img loading=\"lazy\" decoding=\"async\" class=\"size-full wp-image-273\" src=\"http:\/\/skalickyobzor.sk\/cms\/wp-content\/uploads\/2017\/12\/gymn_sqr3.jpg\" alt=\"\" width=\"263\" height=\"263\" srcset=\"http:\/\/skalickyobzor.sk\/cms\/wp-content\/uploads\/2017\/12\/gymn_sqr3.jpg 263w, http:\/\/skalickyobzor.sk\/cms\/wp-content\/uploads\/2017\/12\/gymn_sqr3-150x150.jpg 150w\" sizes=\"auto, (max-width: 263px) 100vw, 263px\" \/><figcaption id=\"caption-attachment-273\" class=\"wp-caption-text\">\u017div\u00fd z\u00e1znam z osl\u00e1v gymn\u00e1zia<\/figcaption><\/figure>\n","protected":false},"excerpt":{"rendered":"<div class=\"mh-excerpt\"><p>Oslavy trvali ofici\u00e1lne \u0161tyri dni, pri\u010dom si ka\u017ed\u00fd z n\u00e1s \u2013 \u0161tudentov (a mo\u017eno aj profesorov) \u2013 na\u0161iel nie\u010do svoje. Cel\u00e9 to za\u010dalo v pondelok 13. novembra 2017, kedy bola v podkrov\u00ed gymn\u00e1zia umiestnen\u00e1 vernis\u00e1\u017e <a class=\"mh-excerpt-more\" href=\"http:\/\/skalickyobzor.sk\/cms\/gymnazium-ma-355-rokov\/\" title=\"Gymn\u00e1zium m\u00e1 355 rokov\">[&#8230;]<\/a><\/p>\n<\/div>","protected":false},"author":1,"featured_media":277,"comment_status":"closed","ping_status":"closed","sticky":false,"template":"","format":"standard","meta":{"footnotes":""},"categories":[7],"tags":[],"class_list":{"0":"post-272","1":"post","2":"type-post","3":"status-publish","4":"format-standard","5":"has-post-thumbnail","7":"category-studentsky-obzor"},"_links":{"self":[{"href":"http:\/\/skalickyobzor.sk\/cms\/wp-json\/wp\/v2\/posts\/272","targetHints":{"allow":["GET"]}}],"collection":[{"href":"http:\/\/skalickyobzor.sk\/cms\/wp-json\/wp\/v2\/posts"}],"about":[{"href":"http:\/\/skalickyobzor.sk\/cms\/wp-json\/wp\/v2\/types\/post"}],"author":[{"embeddable":true,"href":"http:\/\/skalickyobzor.sk\/cms\/wp-json\/wp\/v2\/users\/1"}],"replies":[{"embeddable":true,"href":"http:\/\/skalickyobzor.sk\/cms\/wp-json\/wp\/v2\/comments?post=272"}],"version-history":[{"count":1,"href":"http:\/\/skalickyobzor.sk\/cms\/wp-json\/wp\/v2\/posts\/272\/revisions"}],"predecessor-version":[{"id":282,"href":"http:\/\/skalickyobzor.sk\/cms\/wp-json\/wp\/v2\/posts\/272\/revisions\/282"}],"wp:featuredmedia":[{"embeddable":true,"href":"http:\/\/skalickyobzor.sk\/cms\/wp-json\/wp\/v2\/media\/277"}],"wp:attachment":[{"href":"http:\/\/skalickyobzor.sk\/cms\/wp-json\/wp\/v2\/media?parent=272"}],"wp:term":[{"taxonomy":"category","embeddable":true,"href":"http:\/\/skalickyobzor.sk\/cms\/wp-json\/wp\/v2\/categories?post=272"},{"taxonomy":"post_tag","embeddable":true,"href":"http:\/\/skalickyobzor.sk\/cms\/wp-json\/wp\/v2\/tags?post=272"}],"curies":[{"name":"wp","href":"https:\/\/api.w.org\/{rel}","templated":true}]}}