{"id":2740,"date":"2019-10-09T01:14:48","date_gmt":"2019-10-08T23:14:48","guid":{"rendered":"http:\/\/skalickyobzor.sk\/cms\/?p=2740"},"modified":"2019-10-09T01:57:21","modified_gmt":"2019-10-08T23:57:21","slug":"mlcanlive-striedanie-strazi","status":"publish","type":"post","link":"http:\/\/skalickyobzor.sk\/cms\/mlcanlive-striedanie-strazi\/","title":{"rendered":"Ml\u010danliv\u00e9 striedanie str\u00e1\u017e\u00ed"},"content":{"rendered":"<p><strong><em>Od vyhl\u00e1senia na Valnom zhroma\u017eden\u00ed OSN v roku 1990 patr\u00ed 1. okt\u00f3ber seniorom. Vtedy, pravdepodobne, za\u010dali spr\u00e1vy o starnut\u00ed svetovej popul\u00e1cie a strach o to, \u017ee sk\u00f4r alebo nesk\u00f4r budeme v tento de\u0148 viac v\u0161\u00edman\u00ed my v\u0161etci. To sme vedeli. Zauj\u00edmav\u00e9 v\u0161ak je ako definovala zdrav\u00e9 starnutie Svetov\u00e1 zdravotn\u00edcka organiz\u00e1cia \u2013 ako \u201e&#8230; proces uchopenia a optimaliz\u00e1cie pr\u00edle\u017eitost\u00ed pre fyzick\u00fa, soci\u00e1lnu a du\u0161evn\u00fa pohodu po\u010das cel\u00e9ho \u017eivota. Dlhodob\u00e1 pr\u00edprava prebieha po\u010das cel\u00e9ho \u017eivota \u010dloveka. Tvor\u00ed s\u00fa\u010das\u0165 v\u00fdchovy k man\u017eelstvu a rodi\u010dovstvu, zdravotnej v\u00fdchovy, ale aj ob\u010dianskej a etickej v\u00fdchovy na \u0161kol\u00e1ch a premieta sa do primeran\u00fdch postojov k starnutiu a star\u0161ej gener\u00e1cii.\u201c D\u00fafajme, \u017ee je to skuto\u010dne tak.<\/em><\/strong><\/p>\n<hr \/>\n<h4>AKO NA\u010c\u00daVA\u0164 S\u00a0POROZUMEN\u00cdM<\/h4>\n<p><em>\u201eMlad\u00e1 gener\u00e1cia m\u00e1 pocit, \u017ee s\u00a0\u0148ou prich\u00e1dza lep\u0161\u00ed svet. Star\u00e1 garda m\u00e1 pocit, \u017ee s\u00a0\u0148ou ten lep\u0161\u00ed svet odch\u00e1dza.\u201c \u2014 Karel \u010capek<\/em><\/p>\n<p>Probl\u00e9m vz\u0165ahov medzi gener\u00e1ciami a ich vz\u00e1jomn\u00e9 pochopenie nie je na prv\u00fd poh\u013ead tak ve\u013ek\u00fd a u\u017e v\u00f4bec nie nov\u00fd. De\u0161pekt mlad\u00fdch vo\u010di star\u0161\u00edm, ktor\u00ed \u201eu\u017e v\u00f4bec nerozumej\u00fa tomuto svetu\u201c a podce\u0148ovanie mlad\u00fdch, ktor\u00ed \u201ep\u00e1nboh n\u00e1s ochra\u0148uj, ak raz takto nezodpovedne poved\u00fa t\u00fato spolo\u010dnos\u0165\u201c sa opakuje cel\u00e9 veky. A v danej chv\u00edli maj\u00fa v podstate pravdu, preto\u017ee ka\u017ed\u00fd pozer\u00e1 na svet z inej strany a tak ten svet v ich o\u010diach vyzer\u00e1 inak. St\u00e1le viac sa v\u0161ak prehlbuje priepas\u0165.<\/p>\n<p>Najstar\u0161ia gener\u00e1cia \u010dasto hodnot\u00ed minulos\u0165 a na z\u00e1klade svojich sk\u00fasenost\u00ed, ktor\u00e9 v\u0161ak vych\u00e1dzaj\u00fa z \u201eich\u201c u\u017e zaniknut\u00e9ho sveta, odhaduje bud\u00facnos\u0165. Najmlad\u0161iu, akt\u00edvnu gener\u00e1ciu v\u0161ak \u010dasto minulos\u0165 takmer v\u00f4bec nezauj\u00edma (vr\u00e1tane dej\u00edn) a bud\u00facnos\u0165 je pre \u0148u teraz, v pr\u00edtomnosti. \u201eProblematika vz\u0165ahov medzi pokoleniami je predmetom pozornosti u\u017e najmenej troch gener\u00e1ci\u00ed predstavite\u013eov soci\u00e1lnych vied\u201c, uviedol \u010dasopis Soci\u00e1ln\u00ed pedagogika. Len\u017ee, ak patria vedci k r\u00f4znym gener\u00e1ci\u00e1m, r\u00f4zny je aj ich poh\u013ead, preto\u017ee ka\u017ed\u00e1 z t\u00fdchto gener\u00e1ci\u00ed m\u00e1 in\u00e9 hodnoty, motiv\u00e1ciu, ciele, &#8230; Dost\u00e1vame sa do za\u010darovan\u00e9ho kruhu.<\/p>\n<hr \/>\n<h4>KA\u017dD\u00dd Z\u00a0N\u00c1S STOJ\u00cd V\u00a0STREDE<\/h4>\n<p>Pre otvorenie t\u00e9my nemus\u00edme chodi\u0165 a\u017e k svetov\u00fdm vedcom. Psychologi\u010dka Mgr. \u013dubica Pochyl\u00e1 z Centra pedagogicko-psychologick\u00e9ho poradenstva a prevencie v Hol\u00ed\u010di pre Skalick\u00fd Obzor nap\u00edsala: Dne\u0161n\u00e1 doba je ve\u013emi r\u00fdchla, sprev\u00e1dzaj\u00fa n\u00e1s \u010dast\u00e9 zmeny, ktor\u00fdm sa mus\u00edme neust\u00e1le prisp\u00f4sobova\u0165. Dot\u00fdkaj\u00fa sa mnoh\u00fdch oblast\u00ed n\u00e1\u0161ho \u017eivota a nevyh\u00fdbaj\u00fa sa ani oblasti komunik\u00e1cie.<\/p>\n<p>\u010casto sa objavuj\u00fa nov\u00e9 v\u00fdrazy, v\u00e4\u010d\u0161inou odvoden\u00e9 z anglick\u00e9ho jazyka, a tie v be\u017enej komunik\u00e1cii podliehaj\u00fa univerbiz\u00e1cii. Asi najmarkantnej\u0161ie je to vidite\u013en\u00e9 na v\u00fdrazov\u00fdch prostriedkoch na\u0161ej ml\u00e1de\u017ee a to \u010di u\u017e v \u00fastnom alebo p\u00edsomnom prejave. Pon\u00fakam zoznam naj\u010dastej\u0161ie pou\u017e\u00edvan\u00fdch v\u00fdrazov adolescentov, ktor\u00e9 som z\u00edskala priamo od nich pri pr\u00e1ci v \u0161kol\u00e1ch skalick\u00e9ho okresu. Som presved\u010den\u00e1 o tom, \u017ee ich poznanie v\u00e1m m\u00f4\u017ee pom\u00f4c\u0165 lep\u0161ie im porozumie\u0165.<\/p>\n<hr \/>\n<h4>VIETE, KAM PATR\u00cdTE?<\/h4>\n<p>Okrem in\u00e9ho je v\u0161ak probl\u00e9m aj v tom, \u017ee nikdy v hist\u00f3rii nebol tak priepastn\u00fd rozdiel medzi svetmi \u201estar\u00fdch a mlad\u00fdch\u201c \u2013 odborn\u00edci ho pokr\u00e1jali viac na drobn\u00e9. Pokrok je toti\u017e tak r\u00fdchly, \u017ee technick\u00e9 prelomov\u00e9 etapy, na ktor\u00e9 predch\u00e1dzaj\u00face gener\u00e1cie \u010dakali desiatky a desiatky rokov, teraz akoby prich\u00e1dzali v \u010doraz krat\u0161\u00edch rozstupoch. Ich \u017eivot sa nesie v znamen\u00ed vyn\u00e1lezov, ktor\u00e9 ich sprev\u00e1dzali a predov\u0161etk\u00fdm ovplyv\u0148ovali (treba si v\u0161ak uvedomi\u0165, \u017ee vyn\u00e1lezcovia patrili zv\u00e4\u010d\u0161a ku gener\u00e1cii pred nimi).<\/p>\n<p>Vyleteli sme do vesm\u00edru, vyna\u0161li po\u010d\u00edta\u010d, pripojili sme ho satelitmi do siete k\u00a0cel\u00e9mu svetu a\u00a0napokon sme ho zmen\u0161ili do vrecka, aby sme mohli by\u0165 v\u0161ade a\u00a0s\u00fa\u010dasne v\u0161etk\u00fdm na dosah. Nov\u00fd poh\u013ead n\u00e1s del\u00ed na \u201eveter\u00e1nov\u201c (naroden\u00ed medzi rokmi 1939 a\u00a01947), povojnov\u00fa gener\u00e1ciu \u2013 tzv. \u201ebaby boomers\u201c (1948 \u2013 1963), \u201egener\u00e1ciu X\u201c (1964 \u2013 1978), \u201egener\u00e1ciu Y\u201c (1979 \u2013 1991) a\u00a0\u201egener\u00e1ciu Z\u201c (naroden\u00ed po roku 2000). Ani tu v\u0161ak nie je celkom zhoda a\u00a0ak v\u00a0rozdelen\u00ed je, mierne sa l\u00ed\u0161ia roky, gener\u00e1cie ohrani\u010duj\u00face. V\u00a0princ\u00edpe sa v\u0161ak zhoduj\u00fa na tom, pre\u010do toto delenie plat\u00ed. A\u00a0e\u0161te na tom, \u017ee \u201egener\u00e1cia Z\u201c je u\u017e celkom in\u00e1 ako gener\u00e1cia ich rodi\u010dov a\u00a0\u017ee ide o\u00a0technicky najbystrej\u0161iu gener\u00e1ciu v\u0161etk\u00fdch \u010dias.<\/p>\n<hr \/>\n<h4>ODS\u00daDEN\u00cd NA KOMUNIK\u00c1CIU<\/h4>\n<p>Napriek rozdielom vo vedomostiach, \u010di sk\u00f4r v oblastiach, do ktor\u00fdch vedomosti a zru\u010dnosti jednotliv\u00fdch gener\u00e1ci\u00ed patria, mus\u00edme v\u0161etci spolu komunikova\u0165. Pre povojnov\u00fa gener\u00e1ciu to znamen\u00e1 rozpr\u00e1va\u0165 sa tv\u00e1rou v tv\u00e1r a ke\u010f to inak nejde, tak prinajhor\u0161om cez telef\u00f3n. \u201eGener\u00e1cia X\u201c akceptuje spr\u00e1vu poslan\u00fa kamko\u013evek, priamo od danej osoby, no a pre \u201egener\u00e1ciu Y\u201c je to ak\u00e1ko\u013evek inform\u00e1cia, posielan\u00e1 cez technol\u00f3gie 24\/7 (pr\u00edstup 24 hod\u00edn denne, 7 dn\u00ed v t\u00fd\u017edni \u2013 pozn. red.). Vz\u00e1jomn\u00e9 nepochopenie v prvom rade v\u0161ak vypl\u00fdva z celkom odli\u0161n\u00fdch poz\u00edci\u00ed.<\/p>\n<p>K\u00fdm pre povojnov\u00fa gener\u00e1ciu bolo cie\u013eom \u017eivota zanecha\u0165 tu svoju stopu, u\u017e pre \u201egener\u00e1ciu X\u201c bola najd\u00f4le\u017eitej\u0161ia nez\u00e1vislos\u0165 a pre \u201egener\u00e1ciu Y\u201c n\u00e1js\u0165 v \u017eivote a v pr\u00e1ci zmysel. Motiv\u00e1ciou povojnovej gener\u00e1cie je pocit uznania a by\u0165 potrebn\u00fd, pre \u201egener\u00e1ciu X\u201c je to auton\u00f3mia a nez\u00e1vislos\u0165 a pre \u201eypsilonov\u201c z\u00edskavanie nov\u00fdch zru\u010dnost\u00ed a sp\u00e4tn\u00e1 v\u00e4zba. S t\u00fdm s\u00favis\u00ed aj predstava o prejave uznania \u2013 povojnovej gener\u00e1cii sta\u010d\u00ed zn\u00e1mos\u0165 mena a prest\u00ed\u017e (ist\u00fdm sp\u00f4sobom, teda, sl\u00e1va), \u201egener\u00e1cia X\u201c chce pl\u00e1n, ktor\u00fd dopom\u00f4\u017ee k vyv\u00e1\u017eenosti medzi pr\u00e1cou a\u00a0osobn\u00fdm \u017eivotom, no pre \u201egener\u00e1ciu Y\u201c je najlep\u0161\u00edm uznan\u00edm poskytnutie pr\u00edle\u017eitost\u00ed kari\u00e9rneho rozvoja.<\/p>\n<hr \/>\n<h3>VIETE, \u010cO ZNAMEN\u00c1, KE\u010e V\u00c1M VNUCI NAP\u00cd\u0160U DO SMS ALEBO DO E-MAILU TOTO?<\/h3>\n<p>Skratky p\u00f4vodom anglick\u00e9<\/p>\n<figure id=\"attachment_2742\" aria-describedby=\"caption-attachment-2742\" style=\"width: 1600px\" class=\"wp-caption aligncenter\"><a href=\"http:\/\/skalickyobzor.sk\/cms\/wp-content\/uploads\/2019\/10\/skratky-ang.jpg\"><img loading=\"lazy\" decoding=\"async\" class=\"wp-image-2742 size-full\" src=\"http:\/\/skalickyobzor.sk\/cms\/wp-content\/uploads\/2019\/10\/skratky-ang.jpg\" alt=\"\" width=\"1600\" height=\"1200\" srcset=\"http:\/\/skalickyobzor.sk\/cms\/wp-content\/uploads\/2019\/10\/skratky-ang.jpg 1600w, http:\/\/skalickyobzor.sk\/cms\/wp-content\/uploads\/2019\/10\/skratky-ang-300x225.jpg 300w, http:\/\/skalickyobzor.sk\/cms\/wp-content\/uploads\/2019\/10\/skratky-ang-768x576.jpg 768w, http:\/\/skalickyobzor.sk\/cms\/wp-content\/uploads\/2019\/10\/skratky-ang-1024x768.jpg 1024w, http:\/\/skalickyobzor.sk\/cms\/wp-content\/uploads\/2019\/10\/skratky-ang-678x509.jpg 678w, http:\/\/skalickyobzor.sk\/cms\/wp-content\/uploads\/2019\/10\/skratky-ang-326x245.jpg 326w, http:\/\/skalickyobzor.sk\/cms\/wp-content\/uploads\/2019\/10\/skratky-ang-80x60.jpg 80w\" sizes=\"auto, (max-width: 1600px) 100vw, 1600px\" \/><\/a><figcaption id=\"caption-attachment-2742\" class=\"wp-caption-text\">zdroj: Wikip\u00e9dia<\/figcaption><\/figure>\n<p><img loading=\"lazy\" decoding=\"async\" class=\"aligncenter size-full wp-image-2743\" src=\"http:\/\/skalickyobzor.sk\/cms\/wp-content\/uploads\/2019\/10\/skratky-czsk.jpg\" alt=\"\" width=\"600\" height=\"1200\" srcset=\"http:\/\/skalickyobzor.sk\/cms\/wp-content\/uploads\/2019\/10\/skratky-czsk.jpg 600w, http:\/\/skalickyobzor.sk\/cms\/wp-content\/uploads\/2019\/10\/skratky-czsk-150x300.jpg 150w, http:\/\/skalickyobzor.sk\/cms\/wp-content\/uploads\/2019\/10\/skratky-czsk-512x1024.jpg 512w\" sizes=\"auto, (max-width: 600px) 100vw, 600px\" \/><\/p>\n<hr \/>\n<h4>SVETOV\u00dd BABYLON<\/h4>\n<p>Jedna vec je pochopi\u0165 z\u00e1ujmy, \u010di rebr\u00ed\u010dek d\u00f4le\u017eitosti probl\u00e9mov a\u00a0hodn\u00f4t, a\u00a0in\u00e1 vec je rozumie\u0165 jazyku, v\u00a0ktorom t\u00e1 gener\u00e1cia hovor\u00ed. Tento probl\u00e9m sa zase t\u00fdka predov\u0161etk\u00fdm \u201egener\u00e1cie Z\u201c, ktor\u00e1 u\u017e vyr\u00e1stla s\u00a0mobilom vo vrecku, so sl\u00fachadlami v\u00a0u\u0161iach a\u00a0stovkami virtu\u00e1lnych priate\u013eov v\u00a0nieko\u013ek\u00fdch virtu\u00e1lnych sie\u0165ach. Niet sa \u010do \u010dudova\u0165, \u017ee \u010das je nedostatkov\u00fdm tovarom a\u00a0komunika\u010dn\u00e9 posolstv\u00e1 sa skracuj\u00fa, tak\u017ee sa do nieko\u013ek\u00fdch p\u00edsmen dostane v\u0161etko, \u010do treba. Nie\u010do na sp\u00f4sob SOS.<\/p>\n<hr \/>\n<figure id=\"attachment_2750\" aria-describedby=\"caption-attachment-2750\" style=\"width: 803px\" class=\"wp-caption aligncenter\"><img loading=\"lazy\" decoding=\"async\" class=\"size-full wp-image-2750\" src=\"http:\/\/skalickyobzor.sk\/cms\/wp-content\/uploads\/2019\/10\/foto-k-clanku-2.jpg\" alt=\"\" width=\"803\" height=\"536\" srcset=\"http:\/\/skalickyobzor.sk\/cms\/wp-content\/uploads\/2019\/10\/foto-k-clanku-2.jpg 803w, http:\/\/skalickyobzor.sk\/cms\/wp-content\/uploads\/2019\/10\/foto-k-clanku-2-300x200.jpg 300w, http:\/\/skalickyobzor.sk\/cms\/wp-content\/uploads\/2019\/10\/foto-k-clanku-2-768x513.jpg 768w\" sizes=\"auto, (max-width: 803px) 100vw, 803px\" \/><figcaption id=\"caption-attachment-2750\" class=\"wp-caption-text\">Arch\u00edv: Gymn\u00e1zium F.V.Sasinka<\/figcaption><\/figure>\n<h4>MLAD\u00cd SO STAR\u00ddMI<\/h4>\n<p>Boli sme zvedav\u00ed, ako pri takejto zmene v\u00fdrazov\u00fdch prostriedkov komunikuj\u00fa t\u00edned\u017eeri so seniormi v\u00a0na\u0161om meste. Ako vzorku \u201egener\u00e1cie Z\u201c sme si vybrali \u0161tudentov skalick\u00e9ho gymn\u00e1zia s\u00a0vedom\u00edm, \u017ee pri elektronickej mobilnej komunik\u00e1cii nehr\u00e1 \u010das ani vzdialenos\u0165 \u017eiadnu \u00falohu. V\u00a0tomto smere je Skalica rovnako svetov\u00e1 ako hocijak\u00e9 in\u00e9 mesto, \u010faleko za hranicami, no s\u00fa\u010dasne \u0161tudenti, ako \u017eiv\u00ed \u013eudia, poch\u00e1dzaj\u00faci z\u00a0tohto prostredia, s\u00fa mo\u017eno ovplyvnen\u00ed v\u00fdchovou silnej\u0161ie ako ich vrstovn\u00edci pr\u00e1ve v\u00a0tom svete a\u00a0silnej\u0161ie s\u00fa aj rodinn\u00e9 v\u00e4zby, ktor\u00fdch s\u00fa s\u00fa\u010das\u0165ou. Uv\u00e1dzame s\u00fahrn odpoved\u00ed (jednotliv\u00e9 odpovede s\u00fa oddelen\u00e9 lom\u00edtkom):<\/p>\n<ol>\n<li><strong>Pou\u017e\u00edvate v hovorovej re\u010di mnoho slangov\u00fdch slov a ak\u00e9?<\/strong><br \/>\n\u00c1no \u2013 kamka, k\u00e1mo, seva \/ Pou\u017e\u00edvam. \/ Trap, flexi\u0161, aka, pass, fess, \u010dus, &#8230;\/ \u00c1no \u2013 matika, k\u00e1mo, \u010d\u00fas, &#8230; \/ \u00c1no. \/ \u00c1no. \/ \u00c1no, r\u00f4zne. \/ \u00c1no, v\u0161elijak\u00e9.<\/li>\n<li><strong>Pou\u017e\u00edvate v mobilnej a po\u010d\u00edta\u010dovej komunik\u00e1cii symboly, emotikony a p\u00edsmenov\u00e9 skratky?<\/strong><br \/>\n\u00c1no \u2013 ct, wtf, btw, tvl, &#8230; \/ btw, smajl\u00edky \/ Pou\u017e\u00edvam smajl\u00edkov a\u00a0skratky. \/ \u00c1no \u2013 erl, asap, aka, tb, s5, &#8230; \/ \u00c1no, pou\u017e\u00edvam. \/ Pou\u017e\u00edvam takmer v\u0161etky emotikony. \/ \u00c1no, pou\u017e\u00edvam mnoho symbolov a\u00a0emotikonov. \/ \u00c1no, pou\u017e\u00edvam. \/ Jasne, kr\u00e1snych smajl\u00edkov.<\/li>\n<li><strong>Pozn\u00e1te t\u00e9my a probl\u00e9my star\u00fdch rodi\u010dov a seniorov?<\/strong><br \/>\nIch zdravotn\u00e9 \u0165a\u017ekosti, \u010do ich tr\u00e1pi, \u010do robila t\u00e1 alebo ten v\u00a0dedine. \/ Zdravotn\u00e9 probl\u00e9my. \/ Zdravotn\u00e9 a\u00a0rodinn\u00e9 probl\u00e9my. \/ Peniaze, zdravie, rodinn\u00e9 vz\u0165ahy, &#8230; \/ Nie, nepozn\u00e1m. \/ \u00c1no, zauj\u00edmaj\u00fa sa o\u00a0ekonomick\u00e9 a\u00a0ekologick\u00e9 probl\u00e9my. \/ T\u00fdkaj\u00fa sa ekonomick\u00fdch probl\u00e9mov. \/ Nie, nepozn\u00e1m. \/ Nem\u00e1m star\u00fdch rodi\u010dov.<\/li>\n<li><strong>Ako sa l\u00ed\u0161i v\u00e1\u0161 jazyk a slov\u00e1, celkovo re\u010d od seniorov?<\/strong><br \/>\nPou\u017e\u00edvame hlavne anglick\u00e9 slov\u00e1 a ich skratky. \/ Pou\u017e\u00edvame viac cudz\u00edch slov. \/ Jazyk mlad\u0161\u00edch je viac uvo\u013enen\u00fd, bez \u017eiadnych pravidiel, v\u00e4\u010d\u0161inou s\u00fa slov\u00e1 prebran\u00e9 z in\u00fdch jazykov. \/ Maj\u00fa zastaran\u00e9 v\u00fdrazy, in\u00e9 n\u00e1zory. \/ Pou\u017e\u00edvam viac slangov\u00fdch slov. \/ Nijako. \/ Nijako. \/ Vyjadrovan\u00edm a sp\u00f4sobom kombinovania slov, my pou\u017e\u00edvame r\u00f4zne nov\u00e9 slov\u00e1 a slang, k\u00fdm seniori pou\u017e\u00edvaj\u00fa zastaran\u00e9 slov\u00e1 a archaizmy. \/ Sme expres\u00edvnej\u0161\u00ed a vulg\u00e1rnej\u0161\u00ed.<\/li>\n<li><strong>Je pre seniorov pr\u00ednosom rozpr\u00e1vanie sa s mladou gener\u00e1ciou?<br \/>\n<\/strong>Dozvedia sa ako \u010do v\u00a0dne\u0161nej dobe funguje, \u010do sa deje vo svete okrem toho, \u010do vidia v\u00a0telev\u00edznych novin\u00e1ch. \/ Dozvedia sa viac o\u00a0internete a\u00a0nov\u00fdch technol\u00f3gi\u00e1ch. \/ Ur\u010dite, viac sa dozvedia o\u00a0modernom svete. \/ S\u00fa viac obozn\u00e1men\u00ed s\u00a0dne\u0161nou dobou. \/ Neviem. \/ Mo\u017eno \u00e1no \u2013 mo\u017eno nie. \/ Dozvedia sa d\u00f4le\u017eit\u00e9 novinky. \/ Dozvedaj\u00fa sa ako \u017eijeme a\u00a0m\u00f4\u017eu porovna\u0165. \/ Neviem, nie som senior, ale teoreticky to m\u00f4\u017ee omladi\u0165 ich ducha.<\/li>\n<li><strong>O \u010dom sa so seniormi najrad\u0161ej rozpr\u00e1vate?<\/strong><br \/>\nO \u0161kole, vo\u013enom \u010dase, o ich \u017eivote v na\u0161om veku. \/ O ich spomienkach, ke\u010f boli mlad\u00ed. \/ O ich detstve. \/ O ich \u017eivote. \/ O minulosti. \/ Odovzd\u00e1vaj\u00fa n\u00e1m znalosti a sk\u00fasenosti. \/ O\u00a0ich detstve a\u00a0z\u00e1\u017eitkoch z\u00a0ich mladosti. \/ O\u00a0z\u00e1\u017eitkoch a\u00a0politike.<\/li>\n<li><strong>Dok\u00e1\u017eu seniori pochopi\u0165 va\u0161e probl\u00e9my a n\u00e1zory?<\/strong><br \/>\nAko kto, je to pod\u013ea osobnosti \u010dloveka. \/ Ako ktor\u00ed a\u00a0ako ktor\u00e9 probl\u00e9my a\u00a0n\u00e1zory. \/ V\u00e4\u010d\u0161inou \u00e1no. \/ Ako ktor\u00e9. \/ \u00c1no, dok\u00e1\u017eu. \/ Ako kedy. \/ Nerozpr\u00e1vam sa s\u00a0nimi o\u00a0tom. \/ Niekedy. \/ \u00c1no, dok\u00e1\u017eu. \/ Mnohokr\u00e1t \u00e1no, ale predsa s\u00fa z\u00a0inej doby. Mnoh\u00e9 na\u0161e probl\u00e9my s\u00fa pre nich ban\u00e1lne.<\/li>\n<\/ol>\n<p>Mo\u017eno sa jav\u00ed, \u017ee mal\u00e9 mno\u017estvo op\u00fdtan\u00fdch m\u00f4\u017ee skres\u013eova\u0165 kone\u010dn\u00fd obraz, no odpovede s\u00fa v\u00a0podstate ve\u013emi podobn\u00e9 a\u00a0predv\u00eddate\u013en\u00e9. Mo\u017eno trocha kli\u0161\u00e9. No najcennej\u0161ie na tom je samotn\u00fd kontakt. A\u00a0ten neprebieha len medzi gener\u00e1ciami v\u00a0rodine.<\/p>\n<hr \/>\n<h4>DOBROVO\u013dN\u00cdCTVO A\u00a0CHU\u0164 POM\u00c1HA\u0164<\/h4>\n<p>O\u00a0aktivit\u00e1ch \u0161tudentov hovor\u00ed Mgr. Iva Hn\u00e1tov\u00e1, profesorka skalick\u00e9ho gymn\u00e1zia: &#8230; nie s\u00fa a\u017e tak popul\u00e1rne medzi mlad\u00fdmi \u013eu\u010fmi, no napriek tomu sa na na\u0161om gymn\u00e1ziu F. V. Sasinka v\u00a0Skalici na\u0161li mlad\u00ed, ktor\u00ed sami pri\u0161li s\u00a0touto my\u0161lienkou a\u00a0vytvorili dobrovo\u013en\u00edcku organiz\u00e1ciu s\u00a0n\u00e1zvom \u201eGympel pom\u00e1ha\u201c. T\u00e1to organiz\u00e1cia sa sna\u017e\u00ed organizova\u0165 r\u00f4zne charitat\u00edvne akcie a\u00a0motivova\u0165 mlad\u00fdch \u013eud\u00ed pre zmyslupln\u00e9 vyu\u017eitie vo\u013en\u00e9ho \u010dasu. Jednou z\u00a0na\u0161ich prior\u00edt s\u00fa aj skalick\u00ed seniori z\u00a0Jes\u00e9nie. Nako\u013eko je tu ve\u013ea seniorov imobiln\u00fdch, tak sme sa rozhodli, v\u00a0r\u00e1mci svojho vo\u013en\u00e9ho \u010dasu, ob\u010das ich nav\u0161t\u00edvi\u0165 a\u00a0spestri\u0165 im de\u0148 prech\u00e1dzkami, rozhovorom s\u00a0nimi a\u00a0dozvedie\u0165 sa nie\u010do o\u00a0ich \u017eivotoch.<\/p>\n<p>Na z\u00e1klade na\u0161ej spolupr\u00e1ce n\u00e1s seniori z\u00a0Jes\u00e9nie pozvali na de\u0148 otvoren\u00fdch dver\u00ed, ktor\u00fd sa konal pri pr\u00edle\u017eitosti osl\u00e1v ich 5-ro\u010dn\u00e9ho v\u00fdro\u010dia. V\u00a0bud\u00facnosti by sme chceli na\u0161u spolupr\u00e1cu roz\u0161\u00edri\u0165 aj o\u00a0\u010fal\u0161ie aktivity a\u00a0pomoc v\u00a0\u010dom bude treba. Sna\u017e\u00edme sa t\u00e9mu dobrovo\u013en\u00edctva a\u00a0charity roz\u0161\u00edri\u0165 aj medzi ostatn\u00fdch mlad\u00fdch \u013eud\u00ed a\u00a0preto sme si zalo\u017eili aj vlastn\u00fd facebookov\u00fd profil, pomocou ktor\u00e9ho sa sna\u017e\u00edme dosta\u0165 do povedomia \u0161ir\u0161ej verejnosti a\u00a0uk\u00e1za\u0165, \u017ee pom\u00e1ha\u0165 m\u00e1 zmysel.<\/p>\n<figure id=\"attachment_2744\" aria-describedby=\"caption-attachment-2744\" style=\"width: 896px\" class=\"wp-caption aligncenter\"><img loading=\"lazy\" decoding=\"async\" class=\"size-full wp-image-2744\" src=\"http:\/\/skalickyobzor.sk\/cms\/wp-content\/uploads\/2019\/10\/foto-k-clanku-1.jpg\" alt=\"\" width=\"896\" height=\"621\" srcset=\"http:\/\/skalickyobzor.sk\/cms\/wp-content\/uploads\/2019\/10\/foto-k-clanku-1.jpg 896w, http:\/\/skalickyobzor.sk\/cms\/wp-content\/uploads\/2019\/10\/foto-k-clanku-1-300x208.jpg 300w, http:\/\/skalickyobzor.sk\/cms\/wp-content\/uploads\/2019\/10\/foto-k-clanku-1-768x532.jpg 768w\" sizes=\"auto, (max-width: 896px) 100vw, 896px\" \/><figcaption id=\"caption-attachment-2744\" class=\"wp-caption-text\">Zdroj: www.zpssi.sk<\/figcaption><\/figure>\n<hr \/>\n<h4>JESE\u0147 \u017dIVOTA M\u00d4\u017dE MA\u0164 KR\u00c1SNE FARBY<\/h4>\n<p>V\u00a0okrajovej \u010dasti Skalice sa okrem Zariadenia pre seniorov nach\u00e1dza aj zariadenie s\u00a0pr\u00edzna\u010dn\u00fdm n\u00e1zvom Jes\u00e9nia. Dlh\u00e1 hist\u00f3ria za\u010dala v\u00a0roku 1987 ako penzi\u00f3n pre seniorov, v\u00a0roku 2003 bolo reprofilovan\u00e9 na domov d\u00f4chodcov a\u00a0v\u00a0roku 2009 pri\u0161lo k\u00a0zmene n\u00e1zvu na z\u00e1klade legislat\u00edvy na Zariadenie pre seniorov Skalica. V\u00a0roku 2012 bola zariadeniu udelen\u00e1 cena Mesta Skalica. Nesk\u00f4r v\u00a0roku 2014 bola vybudovan\u00e1 nov\u00e1 \u010das\u0165 \u2013 Jes\u00e9nia.<\/p>\n<hr \/>\n<h4>STAROBOU AKTIVITA NEKON\u010c\u00cd<\/h4>\n<p>Svoj poh\u013ead na \u017eivot seniorov a ich kontakt s mladou gener\u00e1ciou n\u00e1m poskytla riadite\u013eka ZpS Skalica a Jes\u00e9nia Skalica PhDr. Martina \u0160tepanovsk\u00e1, PhD.:<\/p>\n<p>Sme otvoren\u00e9 zariadenia a na\u0161i seniori s\u00fa vo vo\u013enom re\u017eime. S\u00fa v\u00a0kontakte s\u00a0mlad\u00fdmi \u013eu\u010fmi z\u00a0rodinn\u00fdch vz\u0165ahov a\u00a0tie\u017e v\u00a0r\u00e1mci na\u0161ich programov a\u00a0aktiv\u00edt. T\u00e9my ich rozhovorov s\u00fa r\u00f4zne. Pri rodinn\u00fdch stretnutiach a\u00a0n\u00e1v\u0161tev\u00e1ch, samozrejme, nie sme my ako pracovn\u00edci priamo \u00fa\u010dastn\u00ed, vid\u00edme v\u0161ak a\u00a0vieme pos\u00fadi\u0165 pozit\u00edvny vplyv em\u00f3ci\u00ed z\u00a0kontaktu, rados\u0165, pote\u0161enie, povzbudenie, &#8230; Seniori s\u00fa \u0161\u0165astnej\u0161\u00ed a\u00a0ke\u010f s\u00fa \u0161\u0165astn\u00ed, s\u00fa aj zdrav\u0161\u00ed. Prax, aj sk\u00fasenosti, potvrdzuj\u00fa te\u00f3rie o\u00a0pr\u00ednose pestovania a\u00a0udr\u017eiavania medzigenera\u010dn\u00fdch vz\u0165ahov.<\/p>\n<p>Na\u0161ou \u00falohou je pl\u00e1nova\u0165 tak\u00e9 soci\u00e1lne slu\u017eby, ktor\u00e9 obsahuj\u00fa aj programy, podporuj\u00face kontakty seniorov s\u00a0mlad\u00fdmi \u013eu\u010fmi. Potrebuj\u00fa sa mlad\u00fdm pochv\u00e1li\u0165, napr\u00edklad \u00faspechmi v\u00a0rehabilit\u00e1cii, v\u00a0n\u00e1cviku straten\u00fdch zru\u010dnost\u00ed, v\u00fdsledkami tr\u00e9ningov pam\u00e4ti, vlastn\u00fdmi v\u00fdrobkami z\u00a0terapie, ko\u0161\u00edkmi, v\u00fd\u0161ivkami, kresbami, fote\u010dkami z\u00a0mladosti a\u00a0podobne. T\u00edned\u017eeri im zase pom\u00e1haj\u00fa napr\u00edklad zvl\u00e1da\u0165 modern\u00fa techniku, mobily a\u00a0internet \u2013 to v\u0161etko \u00faspe\u0161ne funguje aj u\u00a0n\u00e1s v\u00a0zariaden\u00ed.<\/p>\n<p>Star\u00ed \u013eudia miluj\u00fa a vyh\u013ead\u00e1vaj\u00fa mlados\u0165, \u00faprimnos\u0165, energiu. Pozornos\u0165, empatiu a z\u00e1ujem o nich stokr\u00e1t vr\u00e1tia v podobe m\u00fadrych r\u00e1d. Radi pou\u010duj\u00fa, spom\u00ednaj\u00fa a porovn\u00e1vaj\u00fa ako bolo kedysi. \u00daplne ide\u00e1lne je dost\u00e1va\u0165 toto v\u0161etko zo strany svojich rod\u00edn. \u017dia\u013e, niektor\u00e9 rodiny u\u017e nefunguj\u00fa a \u201e\u010do to sa ob\u010das pokaz\u00ed\u201c. Ke\u010f je priestor aj v\u00f4\u013ea, vyz\u00fdvame k zmiereniu a odpusteniu, k obnove vz\u0165ahov. A\u017e s\u00fa vy\u010derpan\u00e9 v\u0161etky mo\u017enosti a pr\u00edtomnos\u0165 mlad\u00fdch v r\u00e1mci rodiny ch\u00fdba, potom je na\u0161a snaha smerovan\u00e1 k n\u00e1hradn\u00fdm kontaktom a\u00a0vo\u013ebe aktiv\u00edt a\u00a0programov, pri ktor\u00fdch je pr\u00edtomnos\u0165 det\u00ed a\u00a0mlad\u00fdch \u013eud\u00ed v\u00a0zariaden\u00ed, kult\u00farno spolo\u010densk\u00e9 podujatia, vyst\u00fapenia, \u0161tudenti na praxi a\u00a0podobne.<\/p>\n<p>Pre kontakt seniorov s mlad\u00fdmi je d\u00f4le\u017eit\u00e9 vytv\u00e1ra\u0165 pr\u00edle\u017eitosti, podmienky. Preto\u017ee z tohto profituje cel\u00e1 spolo\u010dnos\u0165, rodina aj jednotlivci. Pred\u00e1vanie hodn\u00f4t, spomienok a trad\u00edci\u00ed, ich uchovanie, \u00facta, slu\u0161nos\u0165 a l\u00e1ska je to, \u010do dne\u0161n\u00e1 doba potrebuje. Obsah a v\u00fdznam pojmu \u201emedzigenera\u010dne\u201c m\u00e1 potenci\u00e1l tieto atrib\u00faty n\u00e1sobi\u0165! Medzigenera\u010dn\u00fd dial\u00f3g patr\u00ed k\u00a0na\u0161im trval\u00fdm priorit\u00e1m v\u00a0poskytovan\u00ed soci\u00e1lnych slu\u017eieb v\u00a0na\u0161om Zariaden\u00ed pre seniorov Skalica aj v\u00a0Jes\u00e9nii.<\/p>\n<p>Tvoriv\u00e9 dielni\u010dky, sprev\u00e1dzanie seniorov na vych\u00e1dzkach, \u010d\u00edtaj\u00face babi\u010dky v\u00a0matersk\u00fdch \u0161kol\u00e1ch, kult\u00farne vyst\u00fapenia det\u00ed matersk\u00fdch \u0161k\u00f4l, z\u00e1kladn\u00fdch \u0161k\u00f4l, \u0161kolsk\u00fdch klubov, anim\u00e1torov z\u00a0farskej charity, aktivity skalick\u00fdch \u0161tudentov &#8222;Gympel pom\u00e1ha&#8220;, Fre\u010f\u00e1kov a\u00a0r\u00f4znych in\u00fdch organiz\u00e1ci\u00ed, \u010falej priate\u013estv\u00e1 a\u00a0spolupr\u00e1ca s\u00a0mlad\u00fdmi \u013eu\u010fmi zo Zelen\u00e9ho domu, \u010di z\u00a0Mik\u00e1da, sprev\u00e1dzanie det\u00ed cez priechody pre chodcov pri budov\u00e1ch \u0161k\u00f4l. S\u00fa to vz\u00e1cne, pr\u00edjemn\u00e9 chv\u00edle a\u00a0okamihy, nech\u00fdbaj\u00fa \u00fasmevy aj dojatie &#8230; Toto v\u0161etko priaznivo vpl\u00fdva na kvalitu \u017eivota seniorov v\u00a0na\u0161ich zariadeniach. Medzigenera\u010dn\u00e9 kontakty tie\u017e pozit\u00edvne vpl\u00fdvaj\u00fa na celkov\u00fa atmosf\u00e9ru a\u00a0pohodu medzi\u013eudsk\u00fdch vz\u0165ahov medzi obyvate\u013emi a\u00a0zamestnancami. Ve\u010f sme jedna ve\u013ek\u00e1 rodina a\u00a0dom\u00e1cnos\u0165.<\/p>\n<hr \/>\n<figure id=\"attachment_2745\" aria-describedby=\"caption-attachment-2745\" style=\"width: 833px\" class=\"wp-caption aligncenter\"><img loading=\"lazy\" decoding=\"async\" class=\"size-full wp-image-2745\" src=\"http:\/\/skalickyobzor.sk\/cms\/wp-content\/uploads\/2019\/10\/1-gym.jpg\" alt=\"\" width=\"833\" height=\"555\" srcset=\"http:\/\/skalickyobzor.sk\/cms\/wp-content\/uploads\/2019\/10\/1-gym.jpg 833w, http:\/\/skalickyobzor.sk\/cms\/wp-content\/uploads\/2019\/10\/1-gym-300x200.jpg 300w, http:\/\/skalickyobzor.sk\/cms\/wp-content\/uploads\/2019\/10\/1-gym-768x512.jpg 768w\" sizes=\"auto, (max-width: 833px) 100vw, 833px\" \/><figcaption id=\"caption-attachment-2745\" class=\"wp-caption-text\">Arch\u00edv: Gymn\u00e1zium F.V.Sasinka<\/figcaption><\/figure>\n<h4>SENIORI S\u00a0MLAD\u00ddMI<\/h4>\n<p>Bez dlh\u00fdch re\u010d\u00ed sme sa sp\u00fdtali seniorov na to ako vn\u00edmaj\u00fa komunik\u00e1ciu oni. Uv\u00e1dzame s\u00fahrn odpoved\u00ed (jednotliv\u00e9 odpovede s\u00fa oddelen\u00e9 lom\u00edtkom):<\/p>\n<ol>\n<li><strong>Ste v kontakte s mladou gener\u00e1ciou?<\/strong><br \/>\n\u00c1no, s\u00a0vnukom a\u00a0kamar\u00e1tmi na\u0161ich det\u00ed. \/ Som v\u00a0kontakte s\u00a0vn\u00fa\u010datami vo veku 17 a\u017e 31 rokov. \/ Len sporadicky v\u00a0mojom okol\u00ed. \/ So synovcov\u00fdmi de\u0165mi a\u00a0kamar\u00e1tkin\u00fdmi vnu\u010dkami. \/ Hlavne v\u00a0hromadnej doprave. \/ \u00c1no, s\u00a0de\u0165mi a\u00a0vn\u00fa\u010datami. \/ Som v\u00a0kontakte s\u00a0vnukmi 36 a\u00a040 rokov. \/ Syn, dc\u00e9ra, \u0161tyria vnuci. \/ S\u00a0dospel\u00fdmi vnukmi. \/ Nie, niekedy s\u00a0vnu\u010dkou. \/ Nie, m\u00e1m jedn\u00e9ho vnuka, ale \u017eije v\u00a0Brne. \/ \u00c1no, synovcovi chlapci a\u00a0neterina dc\u00e9ra. \/ \u00c1no \u2013 komisia kult\u00fary, s\u00fabor, r\u00f4zne programy. \/ \u00c1no \u2013 deti, vn\u00fa\u010dat\u00e1, \u0161portov\u00e9 s\u00fa\u0165a\u017ee, na verejnosti.<\/li>\n<li><strong>O \u010dom sa spolu rozpr\u00e1vate? Viete, \u010do ich zauj\u00edma?<\/strong><br \/>\nSom rada, \u017ee sa u\u010dia cudzie jazyky, bude im to potrebn\u00e9. \/ Sk\u00f4r si len vymie\u0148ame slu\u0161n\u00e9 priate\u013esk\u00e9 pozdravy. \/ S\u00a0ka\u017ed\u00fdm o\u00a0inom \u2013 vie-<br \/>\nra, vy\u0161\u00edvanie, knihy, kvety, po\u010d\u00edta\u010de, veda. \/ M\u00e1lo sa rozpr\u00e1vame, lebo oni sa asi hanbia. \/ Star\u0161\u00edch zauj\u00edma popri pr\u00e1ci cestovanie, svet ber\u00fa idealisticky. \/ Rozpr\u00e1vaj\u00fa o\u00a0svojich z\u00e1\u017eitkoch z\u00a0turistiky. \/ O\u00a0rodine, politike, \u0161kolstve, \u0161porte. Zauj\u00edma ich \u017eivot za socializmu. \/ O\u00a0\u0161kole, ich robote, cestovan\u00ed. \/ V\u00e4\u010d\u0161inou o\u00a0kult\u00fare a\u00a0hudbe. \/ Bav\u00edme sa o\u00a0ich pr\u00e1ci. \/ Problematika v\u00a0meste, \u017eivotn\u00e9 prostredie. \/ O\u00a0\u0161porte, technike, priorit\u00e1ch &#8230;<\/li>\n<li><strong>Rozumiete jazyku mlad\u00fdch \u013eud\u00ed? Pou\u017e\u00edvaj\u00fa mnoho cudz\u00edch slov &#8230;<\/strong><br \/>\nJa u\u017e nerozumiem cudz\u00edm slov\u00e1m. \/ Na\u0161\u0165astie e\u0161te st\u00e1le \u00e1no, ale ich \u201elevely\u201c nie s\u00fa mojimi. \/ \u010ciasto\u010dne, \u010domu nerozumiem, na to sa p\u00fdtam. \/ Neprekvapuj\u00fa ma cudzie slov\u00e1, ale vulgarizmy. \/ Rozumiem. \/ Nepou\u017e\u00edvaj\u00fa predo mnou cudzie slov\u00e1. \/ Ich jazyku rozumiem, hoci je hlavne ten internetov\u00fd ve\u013emi odli\u0161n\u00fd. \/ Rozumieme si, ale cudzie slov\u00e1 nepou\u017e\u00edvame. \/ Ani nie, oni \u017eij\u00fa inak. \/ So mnou sa bavia aj bez cudz\u00edch slov. \/ Nov\u00e1 terminol\u00f3gia v\u00a0IT, slang. \/ Ove\u013ea \u0165a\u017e\u0161ie je porozumie\u0165 jazyku ich rodi\u010dov.<\/li>\n<li><strong>Zvl\u00e1date a pou\u017e\u00edvate modern\u00e9 technol\u00f3gie? Mobil, po\u010d\u00edta\u010d, internet, &#8230;<\/strong><br \/>\nV\u00a0mojom veku u\u017e len mobil. \/ Iba po\u010d\u00edta\u010d, chr\u00e1nim si svoje s\u00fakromie. \/ Mobil, po\u010d\u00edta\u010d a\u00a0internet \u010diasto\u010dne. \/ V\u00a0mojom veku u\u017e ve\u013emi nie. \/ Pou\u017e\u00edvam mobil, v\u00a0men\u0161ej miere po\u010d\u00edta\u010d a\u00a0internet. \/ Pou\u017e\u00edvam mobil. \/ Mobil, \u010diasto\u010dne po\u010d\u00edta\u010d. \/ Mobil. \/ \u010ciasto\u010dne mobil. \/ Mobil. \/ \u00c1no, ale s\u00a0pomocou. \/ \u00c1no. \/ \u00c1no, ob\u010das sa mus\u00edm priu\u010di\u0165.<\/li>\n<li><strong>Poci\u0165ovali ste nejak\u00fa mieru neporozumenia zo strany star\u0161\u00edch \u013eud\u00ed, ke\u010f ste boli mlad\u00ed?<\/strong><br \/>\nV\u017edy sme po\u010d\u00favali rady star\u0161\u00edch. \/ Nespom\u00ednam si na nedorozumenia, iba na napom\u00ednania. Tie boli p\u00e1dne a zrozumite\u013en\u00e9. \/ Star\u0161\u00ed napr\u00edklad trvali na svojom mieste v kostole, tvrdohlavo si robili veci po svojom, nedali si poveda\u0165, robili n\u00e1kupy, ktor\u00e9 nedok\u00e1zali unies\u0165 &#8230; \/ Nepoci\u0165oval, ale tie\u017e vyjadrovali pochybnosti, ako sa dok\u00e1\u017eeme u\u017eivi\u0165. \/ Na dedine sme si star\u00fdch \u013eud\u00ed v\u00e1\u017eili. \/ Nepoci\u0165ovala, navz\u00e1jom sme si rozumeli. \/ Poci\u0165ovali sme aj jedno, aj druh\u00e9. \/ Babke i\u0161la na nervy hlasit\u00e1 hudba, ako teraz mne. \/ Boli sme veden\u00ed k \u00facte, u\u010dili sme sa od star\u0161\u00edch.<\/li>\n<li><strong>Prejavuje niekto z\u00e1ujem o va\u0161e n\u00e1zory a sk\u00fasenosti pri rie\u0161en\u00ed probl\u00e9mov v meste alebo medzi \u013eu\u010fmi?<\/strong><br \/>\nNeviem, \u010di by sa mal niekto bavi\u0165 o\u00a0mojich n\u00e1zoroch. \/ Nem\u00e1m dojem, ale asi mojou vinou. \/ Neviem, na dedine m\u00e1 ka\u017ed\u00fd starosti zabezpe\u010di\u0165 svoju rodinu. Mali sme \u0165a\u017ek\u00fd \u017eivot. \/ Nie v\u00a0meste, ale v\u00a0na\u0161om zariaden\u00ed. \/ \u00c1no, \u010diasto\u010dne. \/ Nie. \/ Nie. \/ Ani nie. \/ V\u00e4\u010d\u0161inou \u00e1no. \/ \u00c1no.<\/li>\n<li><strong>Ste zapojen\u00ed alebo chceli by ste sa e\u0161te zapoji\u0165 do diania v meste?<\/strong><br \/>\nNeviem konkr\u00e9tne do \u010doho by som sa e\u0161te zapojila. \/ Nie, som sk\u00f4r typ pozorovate\u013ea a\u00a0svoje n\u00e1zory si nech\u00e1vam pre seba. \/ Vzh\u013eadom na m\u00f4j stav je to takmer nemo\u017en\u00e9. \/ Nie. \/ Nie. \/ M\u00e1m obmedzen\u00fa mobilitu, ale ani nem\u00e1m mo\u017enos\u0165. \/ Nie. \/ Nie. \/ Kult\u00fara, pr\u00e1ca pri MZ. \/ Som zapojen\u00fd do organiz\u00e1cie \u0161portov\u00e9ho \u017eivota v\u00a0meste.<\/li>\n<li><strong>Ver\u00edte tomu, \u017ee dne\u0161n\u00ed mlad\u00ed dok\u00e1\u017eu o kr\u00e1tky \u010das riadi\u0165 spolo\u010dnos\u0165 a pos\u00fava\u0165 svet dopredu?<\/strong><br \/>\nMlad\u00ed by mali viac riadi\u0165 na\u0161u spolo\u010dnos\u0165, aby sa situ\u00e1cia u n\u00e1s zlep\u0161ila. \/ Star\u0161\u00ed sa v\u017edy domnievaj\u00fa, \u017ee im ch\u00fdbaj\u00fa sk\u00fasenosti, nadh\u013ead a\u00a0myslenie v\u00a0s\u00favislostiach. \/ D\u00fafam, \u017ee slu\u0161n\u00ed mlad\u00ed sa vyvaruj\u00fa star\u00fdch ch\u00fdb a\u00a0napom\u00f4\u017eu v\u00fdvoju spolo\u010dnosti. \/ Ver\u00edm, \u017eivot ich k\u00a0tomu don\u00fati. \/ Ver\u00edm. \/ \u00c1no. \/ Ver\u00edme, ale nevieme pos\u00fadi\u0165 kam. \/ Ver\u00edm. Maj\u00fa znalosti, vedia viac spolu rie\u0161i\u0165. \/ Mus\u00edme veri\u0165, \u017ee im nebud\u00fa pr\u00edkladom dne\u0161n\u00ed politici. \/ \u00c1no, ale liberalizmus mus\u00ed ma\u0165 ur\u010dit\u00e9 hranice. \/ \u00c1no, vy\u017eaduje si to cesta vpred. \/ Bud\u00fa musie\u0165 rie\u0161i\u0165 mnoho probl\u00e9mov, ktor\u00e9 my sme rie\u0161i\u0165 nemuseli. Dr\u017e\u00edm im palce.<\/li>\n<li><strong>\u010co by ste chceli odovzda\u0165 mlad\u00fdm a \u010d\u00edm by ste sa chceli obohati\u0165 od nich?<\/strong><br \/>\nAby boli stato\u010dn\u00ed v\u00a0tejto dobe a\u00a0tak to bude lep\u0161ie aj pre star\u0161\u00edch. \/ Odovzda\u0165 \u010do viem, od nich u\u017e ni\u010d. \/ Mlad\u00ed m\u00e1lo \u010d\u00edtaj\u00fa knihy a\u00a0my by sme sa mali od nich nau\u010di\u0165 lep\u0161ie ovl\u00e1da\u0165 po\u010d\u00edta\u010de. \/ Vz\u00e1jomn\u00e9 porozumenie a\u00a0\u00factu navz\u00e1jom. \/ Sna\u017e\u00edm sa odovzda\u0165 svoje sk\u00fasenosti, no nie v\u017edy s\u00a0pochopen\u00edm. \/ Te\u0161\u00ed ma, \u017ee vnukov zauj\u00edmaj\u00fa moje spomienky. \/ Rada by som od nich z\u00edskala odvahu \u017ei\u0165 v\u00a0r\u00f4znych \u010dastiach sveta. \/ Ka\u017ed\u00fd mus\u00ed robi\u0165 svoje chyby, nevy\u017eiadan\u00e1 rada je ako n\u00f4\u017e do chrbta. \/ Aby na sebe stato\u010dne pracovali a\u00a0boli slu\u0161n\u00ed. \/ Nepodce\u0148ova\u0165 star\u0161\u00edch len pre in\u00fd n\u00e1zor. \/ Aby sa neu\u010dili na vlastn\u00fdch chyb\u00e1ch a\u00a0brali do \u00favahy sk\u00fasenosti predo\u0161l\u00fdch gener\u00e1ci\u00ed. S\u00fa\u010dasne, aby dok\u00e1zali ma\u0165 rados\u0165 a\u00a0dok\u00e1zali ju rozd\u00e1va\u0165.<\/li>\n<li><strong>V \u010dom si mysl\u00edte, \u017ee je dne\u0161n\u00e1 mlad\u00e1 gener\u00e1cia lep\u0161ia ako va\u0161a?<\/strong><br \/>\nJe im umo\u017enen\u00e9 \u0161tudova\u0165 tie\u017e v\u00a0zahrani\u010d\u00ed. \/ Nemysl\u00edm si to, mlad\u00ed si myslia, \u017ee \u00e1no. \/ Lep\u0161ie ovl\u00e1da techniku. \/ Lep\u0161ia je technicky. Hor\u0161ia v\u00a0bezcitnosti bez v\u00fd\u010ditiek svedomia. \/ N\u00e1\u0161 \u017eivot bol n\u00e1ro\u010dnej\u0161\u00ed, mlad\u00e1 gener\u00e1cia berie v\u0161etko samozrejme a\u00a0m\u00e1lo pozer\u00e1 do bud\u00facnosti. \/ Dne\u0161n\u00e1 gener\u00e1cia je viac nadan\u00e1, no menej zru\u010dn\u00e1. \/ Je lep\u0161ia v\u00a0jazykovom vybaven\u00ed a\u00a0technike. Hor\u0161ia v\u00a0osobnej komunik\u00e1cii. \/ Mlad\u00ed s\u00fa vzdelanej\u0161\u00ed, maj\u00fa viac pe\u0148az\u00ed, lep\u0161ie \u0161koly. \/ Je rozhodne viac vzdelan\u00e1. \/ Je vynaliezav\u00e1, ale vulg\u00e1rna. \/ Mlad\u00ed maj\u00fa odvahu rie\u0161i\u0165 probl\u00e9my bez z\u00e1\u0165a\u017ee minulos\u0165ou. Chybou je, \u017ee neuzn\u00e1vaj\u00fa, \u010do bolo vybudovan\u00e9 v\u00a0minulosti. \/ Je sk\u00f4r in\u00e1. M\u00e1 odli\u0161n\u00e9 podmienky, viac inform\u00e1ci\u00ed, viac cestuje. Ale \u017eije menej vo\u013ene, je viac kontrolovan\u00e1 a\u00a0veden\u00e1 dospel\u00fdmi.<\/li>\n<li><strong>Zapojili ste sa niekedy do nejak\u00e9ho programu, ktor\u00fd mal za \u00falohu zbli\u017eovanie gener\u00e1ci\u00ed?<\/strong><br \/>\nBoli to hudobn\u00e9 podujatia. \/ Nie, len vo svojej profesijnej pr\u00e1ci. \/ V Bratislave som nav\u0161tevovala chor\u00fdch a telesne postihnut\u00fdch. \/ Nie. \/ Medzigenera\u010dn\u00e9 \u0161portov\u00e9 aktivity. \/ Nie. \/ \u00c1no. \/ Nie. \/ Samozrejme. \/ Nezapojil. Pri vz\u00e1jomnom re\u0161pektovan\u00ed nie je treba \u0161peci\u00e1lne programy.<\/li>\n<\/ol>\n<figure id=\"attachment_2746\" aria-describedby=\"caption-attachment-2746\" style=\"width: 816px\" class=\"wp-caption aligncenter\"><img loading=\"lazy\" decoding=\"async\" class=\"size-full wp-image-2746\" src=\"http:\/\/skalickyobzor.sk\/cms\/wp-content\/uploads\/2019\/10\/2-gym.jpg\" alt=\"\" width=\"816\" height=\"544\" srcset=\"http:\/\/skalickyobzor.sk\/cms\/wp-content\/uploads\/2019\/10\/2-gym.jpg 816w, http:\/\/skalickyobzor.sk\/cms\/wp-content\/uploads\/2019\/10\/2-gym-300x200.jpg 300w, http:\/\/skalickyobzor.sk\/cms\/wp-content\/uploads\/2019\/10\/2-gym-768x512.jpg 768w\" sizes=\"auto, (max-width: 816px) 100vw, 816px\" \/><figcaption id=\"caption-attachment-2746\" class=\"wp-caption-text\">Arch\u00edv: Gymn\u00e1zium F.V.Sasinka<\/figcaption><\/figure>\n<hr \/>\n<h4>KONIEC KONCOV<\/h4>\n<p>Zd\u00e1 sa, \u017ee sme v\u00e1s zahltili mno\u017estvom inform\u00e1ci\u00ed, chaosom odpoved\u00ed a mno\u017estvom nezos\u00faladen\u00fdch n\u00e1zorov. Ako ktosi odpovedal u\u017e na za\u010diatku tejto na\u0161ej t\u00e9my: Z\u00e1le\u017e\u00ed na osobnosti. Tak. Sme ka\u017ed\u00fd jedine\u010dn\u00fd, no ka\u017ed\u00fd z n\u00e1s patr\u00ed do nejakej spolo\u010denskej, \u010di z\u00e1ujmovej skupiny. Tam sa zara\u010fujeme, komunikujeme s ostatn\u00fdmi. Len\u017ee jednou z kateg\u00f3ri\u00ed, kam n\u00e1s zarad\u00ed \u017eivot bez n\u00e1\u0161ho s\u00fahlasu a pri\u010dinenia, je vek. V istom \u010dase patr\u00edme k mlad\u00fdm, napokon k seniorom, aj keby sme ako nechceli.<\/p>\n<p>Cel\u00e1 na\u0161a t\u00e9ma je o tom, \u017ee tieto gener\u00e1cie musia spolu \u017ei\u0165 a to znamen\u00e1 sna\u017ei\u0165 sa porozumie\u0165 si. Mohli sme citova\u0165 mnoho m\u00fadrych materi\u00e1lov o tom, ako je to potrebn\u00e9 a prospe\u0161n\u00e9. Len\u017ee, my sme rad\u0161ej nechali rozpr\u00e1va\u0165 t\u00fdch, ktor\u00fdch sa to dot\u00fdka. Odpovede s\u00fa ich osobn\u00fdmi pocitmi a v anonymite \u00faprimn\u00fdm vyjadren\u00edm. Ak sa v\u00e1m teraz toho, teda, zdalo ve\u013ea, vr\u00e1\u0165te sa k t\u00fdm odpovediam inokedy a sk\u00faste h\u013eada\u0165 sam\u00fdch seba. \u010eakujeme za to v\u0161etk\u00fdm v mene spolo\u010dnej bud\u00facnosti.<\/p>\n","protected":false},"excerpt":{"rendered":"<div class=\"mh-excerpt\"><p>Od vyhl\u00e1senia na Valnom zhroma\u017eden\u00ed OSN v roku 1990 patr\u00ed 1. okt\u00f3ber seniorom. Vtedy, pravdepodobne, za\u010dali spr\u00e1vy o starnut\u00ed svetovej popul\u00e1cie a strach o to, \u017ee sk\u00f4r alebo nesk\u00f4r budeme v tento de\u0148 viac v\u0161\u00edman\u00ed <a class=\"mh-excerpt-more\" href=\"http:\/\/skalickyobzor.sk\/cms\/mlcanlive-striedanie-strazi\/\" title=\"Ml\u010danliv\u00e9 striedanie str\u00e1\u017e\u00ed\">[&#8230;]<\/a><\/p>\n<\/div>","protected":false},"author":1,"featured_media":2741,"comment_status":"closed","ping_status":"closed","sticky":false,"template":"","format":"standard","meta":{"footnotes":""},"categories":[2],"tags":[],"class_list":{"0":"post-2740","1":"post","2":"type-post","3":"status-publish","4":"format-standard","5":"has-post-thumbnail","7":"category-hlavna-tema"},"_links":{"self":[{"href":"http:\/\/skalickyobzor.sk\/cms\/wp-json\/wp\/v2\/posts\/2740","targetHints":{"allow":["GET"]}}],"collection":[{"href":"http:\/\/skalickyobzor.sk\/cms\/wp-json\/wp\/v2\/posts"}],"about":[{"href":"http:\/\/skalickyobzor.sk\/cms\/wp-json\/wp\/v2\/types\/post"}],"author":[{"embeddable":true,"href":"http:\/\/skalickyobzor.sk\/cms\/wp-json\/wp\/v2\/users\/1"}],"replies":[{"embeddable":true,"href":"http:\/\/skalickyobzor.sk\/cms\/wp-json\/wp\/v2\/comments?post=2740"}],"version-history":[{"count":4,"href":"http:\/\/skalickyobzor.sk\/cms\/wp-json\/wp\/v2\/posts\/2740\/revisions"}],"predecessor-version":[{"id":2751,"href":"http:\/\/skalickyobzor.sk\/cms\/wp-json\/wp\/v2\/posts\/2740\/revisions\/2751"}],"wp:featuredmedia":[{"embeddable":true,"href":"http:\/\/skalickyobzor.sk\/cms\/wp-json\/wp\/v2\/media\/2741"}],"wp:attachment":[{"href":"http:\/\/skalickyobzor.sk\/cms\/wp-json\/wp\/v2\/media?parent=2740"}],"wp:term":[{"taxonomy":"category","embeddable":true,"href":"http:\/\/skalickyobzor.sk\/cms\/wp-json\/wp\/v2\/categories?post=2740"},{"taxonomy":"post_tag","embeddable":true,"href":"http:\/\/skalickyobzor.sk\/cms\/wp-json\/wp\/v2\/tags?post=2740"}],"curies":[{"name":"wp","href":"https:\/\/api.w.org\/{rel}","templated":true}]}}