{"id":2824,"date":"2019-11-08T02:13:59","date_gmt":"2019-11-08T01:13:59","guid":{"rendered":"http:\/\/skalickyobzor.sk\/cms\/?p=2824"},"modified":"2019-11-08T03:58:14","modified_gmt":"2019-11-08T02:58:14","slug":"tak-si-myslim-ze-buducnost-je-ulozena-v-nasom-srdci","status":"publish","type":"post","link":"http:\/\/skalickyobzor.sk\/cms\/tak-si-myslim-ze-buducnost-je-ulozena-v-nasom-srdci\/","title":{"rendered":"Tak si mysl\u00edm, \u017ee bud\u00facnos\u0165 je ulo\u017een\u00e1 v na\u0161om srdci"},"content":{"rendered":"<p>M\u00e1m rada rozhovory s \u013eu\u010fmi. S \u013eu\u010fmi vzdelan\u00fdmi, so \u0161pi\u010dkov\u00fdmi odborn\u00edkmi vo svojom obore, ale aj s oby\u010dajn\u00fdmi \u013eu\u010fmi, vzdelan\u00fdmi \u201elen\u201c vlastn\u00fdm \u017eivotom. Ved\u00fa ma k zamysleniu. V\u010faka dne\u0161nej technike (na ktor\u00fa \u010dasto brbleme) sa \u010dasto dost\u00e1vam k\u00a0zauj\u00edmav\u00fdm rozhovorom s\u00a0osobnos\u0165ami, ktor\u00e9 nem\u00e1m \u0161ancu osobne stretn\u00fa\u0165, alebo o\u00a0ktor\u00fdch existencii som ani netu\u0161ila. K\u00a0nim patr\u00ed aj doktor Dan Schueftan, bezpe\u010dnostn\u00fd expert a\u00a0poradca izraelsk\u00fdch premi\u00e9rov. Z\u00a0jeho rozhovoru s\u00a0Martinom Veselovsk\u00fdm mi mrazivo vy\u010dnievalo jeho vyhl\u00e1senie, \u017ee \u201e&#8230;\u00a0jedn\u00e9ho d\u0148a sa zobud\u00edte a\u00a0u\u017e \u017eiadna Eur\u00f3pa nebude.\u201c V\u00a0rozhovore toti\u017e rozober\u00e1 pr\u00ed\u010diny re\u00e1lne hroziaceho stavu a\u00a0ako jednu z\u00a0nich, z\u00a0m\u00f4jho poh\u013eadu najd\u00f4le\u017eitej\u0161iu, spom\u00edna kr\u00edzu hodn\u00f4t. T\u00fa kr\u00edzu hodn\u00f4t, o\u00a0ktorej u\u017e hovoril napr\u00edklad Tom\u00e1\u0161 Ba\u0165a a\u00a0ktor\u00e1 je i\u00a0dnes \u010dasto sklo\u0148ovan\u00e1 mnoh\u00fdmi osobnos\u0165ami.<\/p>\n<p>V\u00a0tejto s\u00favislosti som si spomenula na ned\u00e1vnu diskusiu, tentokr\u00e1t v\u00a0spolo\u010dnosti n\u00e1s, be\u017en\u00fdch Skali\u010danov, diskusiu o\u00a0bud\u00facnosti mlad\u00fdch, ktor\u00e1 na prv\u00fd poh\u013ead so z\u00e1nikom Eur\u00f3py nes\u00favis\u00ed. Av\u0161ak iba na prv\u00fd poh\u013ead. Mlad\u00ed dnes maj\u00fa na jednej strane neprebern\u00e9 mno\u017estvo mo\u017enost\u00ed ich vzdel\u00e1vania a\u00a0na druhej strane v\u0161ak t\u00ed vzdelanej\u0161\u00ed, \u010di \u0161ikovnej\u0161\u00ed, \u010dasto nemaj\u00fa doma kvalitn\u00e9 mo\u017enosti uplatnenia sa a\u00a0nie s\u00fa finan\u010dne docenen\u00ed. A\u00a0tak niektor\u00ed z\u00a0nich odch\u00e1dzaj\u00fa nielen zo Skalice, ale dokonca i\u00a0zo Slovenska. Na jednej strane z\u00a0n\u00e1\u0161ho spolo\u010dn\u00e9ho zober\u00fa a\u00a0na strane druhej nevr\u00e1tia. Rozpr\u00fadila sa ve\u013ek\u00e1 diskusia, \u010di na to maj\u00fa pr\u00e1vo, \u010di to nie je egoistick\u00e9. Zaznievali i\u00a0n\u00e1zory, \u017ee je dnes in\u00e1 doba, ml\u00e1de\u017e u\u017e je proeur\u00f3pska. Ot\u00e1zka znie, \u010di by\u0165 proeur\u00f3psky je dobr\u00e9 a\u00a0pre koho. \u010co to vlastne by\u0165 proeur\u00f3psky znamen\u00e1? Mysl\u00edm, \u017ee na samotnej proeur\u00f3skosti nie je ni\u010d zl\u00e9, no tak ako pri v\u0161etkom, ide sk\u00f4r o\u00a0to ako sa to \u017eije. \u010ci k\u00a0n\u00e1m len prijmeme \u0161ir\u0161iu Eur\u00f3pu alebo \u010di sa v\u00a0nej rozpust\u00edme.<\/p>\n<p>Je rozdiel v tom, \u010di mlad\u00ed zostan\u00fa realizova\u0165 sa doma, alebo \u010di od\u00eddu niekam do Eur\u00f3py? Ur\u010dite \u00e1no, nie v\u0161ak v tom, kde napokon \u017eij\u00fa. Niekedy Skali\u010dan, \u017eij\u00faci v cudzine vr\u00e1ti do Skalice viac ako Skali\u010dan, \u017eij\u00faci v rodnom meste. Mimo Skalice predsa \u017eilo ve\u013ea v\u00fdznamn\u00fdch skalick\u00fdch osobnost\u00ed, po\u010dn\u00fac F. V. Sasinkom, pokra\u010duj\u00fac Jankom Blahom alebo Antonom Srholcom &#8230; Jedno v\u0161ak mali spolo\u010dn\u00e9 \u2013 l\u00e1sku k\u00a0svojej rodine a\u00a0ku Skalici, ku ktorej sa hrdo hl\u00e1sili a\u00a0nikdy sa nehanbili za to, \u017ee s\u00fa Skali\u010dania, pr\u00e1ve naopak. A\u00a0tak vracali sp\u00e4\u0165 Skalici aj Skali\u010danom ve\u013ea r\u00f4znymi sp\u00f4sobmi. Kde, teda, tkvie to, \u010do n\u00e1s n\u00fati nielen bra\u0165, ale i\u00a0d\u00e1va\u0165? V\u00a0srdci. Ak mlad\u00fd \u010dlovek, \u017eij\u00faci kdeko\u013evek na svete, nezabudne na to, do akej rodiny patr\u00ed, \u017ee poch\u00e1dza zo Skalice a\u00a0je Slov\u00e1k. A\u00a0na to nezabudne iba vtedy, ak m\u00e1 k\u00a0rodnej hrudi priviazan\u00e9 srdce \u2013 to je t\u00e1 z\u00e1kladn\u00e1 hodnota, ktor\u00e1 d\u00e1va pevn\u00fd z\u00e1klad nielen rodine, Skalici, ale aj krajine.<\/p>\n<p>Obl\u00fakom sa vr\u00e1tim k\u00a0rozhovoru Dana Schueftana, ktor\u00fd v\u00a0\u0148om okrem in\u00e9ho povedal: \u201eMysl\u00edm, \u017ee z\u00a0dlhodobej perspekt\u00edvy \u013eudia, ktor\u00ed nie s\u00fa hrd\u00ed na svoju minulos\u0165, nemaj\u00fa bud\u00facnos\u0165.\u201c Je na n\u00e1s dospel\u00fdch a\u00a0star\u0161\u00edch vies\u0165 deti a\u00a0mlad\u00fdch k\u00a0l\u00e1ske k\u00a0rodine, k\u00a0svojmu mestu a\u00a0svojmu n\u00e1rodu. Aby sme sa raz nezobudili a\u00a0nezistili, \u017ee sa nielen\u017ee stratila na\u0161a rodina, ale neexistuje Skalica, ani Slovensko. Bez toho v\u0161etk\u00e9ho toti\u017e nebude existova\u0165 ani Eur\u00f3pa.<\/p>\n<p><em>S\u00a0\u00factou<\/em><br \/>\n<em>eur\u00f3pska Skali\u010danka<\/em><br \/>\n<em>\u017delm\u00edra Mach\u00e1\u010dkov\u00e1<\/em><\/p>\n","protected":false},"excerpt":{"rendered":"<div class=\"mh-excerpt\"><p>M\u00e1m rada rozhovory s \u013eu\u010fmi. S \u013eu\u010fmi vzdelan\u00fdmi, so \u0161pi\u010dkov\u00fdmi odborn\u00edkmi vo svojom obore, ale aj s oby\u010dajn\u00fdmi \u013eu\u010fmi, vzdelan\u00fdmi \u201elen\u201c vlastn\u00fdm \u017eivotom. Ved\u00fa ma k zamysleniu. V\u010faka dne\u0161nej technike (na ktor\u00fa \u010dasto brbleme) sa <a class=\"mh-excerpt-more\" href=\"http:\/\/skalickyobzor.sk\/cms\/tak-si-myslim-ze-buducnost-je-ulozena-v-nasom-srdci\/\" title=\"Tak si mysl\u00edm, \u017ee bud\u00facnos\u0165 je ulo\u017een\u00e1 v na\u0161om srdci\">[&#8230;]<\/a><\/p>\n<\/div>","protected":false},"author":2,"featured_media":241,"comment_status":"closed","ping_status":"closed","sticky":false,"template":"","format":"standard","meta":{"footnotes":""},"categories":[3],"tags":[],"class_list":{"0":"post-2824","1":"post","2":"type-post","3":"status-publish","4":"format-standard","5":"has-post-thumbnail","7":"category-tak-si-myslim"},"_links":{"self":[{"href":"http:\/\/skalickyobzor.sk\/cms\/wp-json\/wp\/v2\/posts\/2824","targetHints":{"allow":["GET"]}}],"collection":[{"href":"http:\/\/skalickyobzor.sk\/cms\/wp-json\/wp\/v2\/posts"}],"about":[{"href":"http:\/\/skalickyobzor.sk\/cms\/wp-json\/wp\/v2\/types\/post"}],"author":[{"embeddable":true,"href":"http:\/\/skalickyobzor.sk\/cms\/wp-json\/wp\/v2\/users\/2"}],"replies":[{"embeddable":true,"href":"http:\/\/skalickyobzor.sk\/cms\/wp-json\/wp\/v2\/comments?post=2824"}],"version-history":[{"count":1,"href":"http:\/\/skalickyobzor.sk\/cms\/wp-json\/wp\/v2\/posts\/2824\/revisions"}],"predecessor-version":[{"id":2825,"href":"http:\/\/skalickyobzor.sk\/cms\/wp-json\/wp\/v2\/posts\/2824\/revisions\/2825"}],"wp:featuredmedia":[{"embeddable":true,"href":"http:\/\/skalickyobzor.sk\/cms\/wp-json\/wp\/v2\/media\/241"}],"wp:attachment":[{"href":"http:\/\/skalickyobzor.sk\/cms\/wp-json\/wp\/v2\/media?parent=2824"}],"wp:term":[{"taxonomy":"category","embeddable":true,"href":"http:\/\/skalickyobzor.sk\/cms\/wp-json\/wp\/v2\/categories?post=2824"},{"taxonomy":"post_tag","embeddable":true,"href":"http:\/\/skalickyobzor.sk\/cms\/wp-json\/wp\/v2\/tags?post=2824"}],"curies":[{"name":"wp","href":"https:\/\/api.w.org\/{rel}","templated":true}]}}