{"id":2871,"date":"2019-12-07T11:12:18","date_gmt":"2019-12-07T10:12:18","guid":{"rendered":"http:\/\/skalickyobzor.sk\/cms\/?p=2871"},"modified":"2019-12-07T11:55:40","modified_gmt":"2019-12-07T10:55:40","slug":"ako-hodnotia-poslanci-svoj-prvy-rok-od-zvolenia","status":"publish","type":"post","link":"http:\/\/skalickyobzor.sk\/cms\/ako-hodnotia-poslanci-svoj-prvy-rok-od-zvolenia\/","title":{"rendered":"Ako hodnotia poslanci svoj prv\u00fd rok od zvolenia?"},"content":{"rendered":"<p><em><strong>Aj tentokr\u00e1t sme okrem ot\u00e1zky so \u017eiados\u0165ou o jednozna\u010dn\u00fa odpove\u010f pridali aj druh\u00fa, dopl\u0148uj\u00facu ot\u00e1zku. Radi by sme vedeli ako na\u0161i z\u00e1stupcovia vidia s odstupom svoje po\u010diato\u010dn\u00e9 predstavy a ako dnes hodnotia re\u00e1lne sk\u00fasenosti. Ot\u00e1zky n\u00e1jdete <a href=\"http:\/\/skalickyobzor.sk\/cms\/vazena-pani-primatorka-vazeni-poslanci-10\">v \u010dl\u00e1nku TU<\/a>. V\u0161etk\u00fdm, ktor\u00ed odpovedali, \u010fakujeme a o ich odpovede sa s vami radi podel\u00edme. <\/strong><\/em><\/p>\n<p><strong>Anna Mierna<\/strong><br \/>\n\u00c1no.<br \/>\nPote\u0161il ma z\u00e1ujem o\u00a0veci verejn\u00e9, akt\u00edvny pr\u00edstup Skali\u010danov, stretnutia s\u00a0nimi. Sklamal ma ekonomick\u00fd stav mesta a\u00a0SMM, neuhraden\u00e9 fakt\u00fary v\u00a0SMM za mili\u00f3n eur, neopodstatnen\u00e9 a\u00a0kriv\u00e9 \u00fatoky vo\u010di pracovn\u00edkom mestsk\u00e9ho \u00faradu.<\/p>\n<p><strong>\u013dubica Bu\u010dkov\u00e1<\/strong><br \/>\nNie.<br \/>\nPote\u0161ilo ma napr\u00edklad, \u017ee sa n\u00e1m tak r\u00fdchlo podarilo s\u00a0mestom Hodon\u00edn uzavrie\u0165 partnerstvo. M\u00e1me tak \u0161ance spolu robi\u0165 cezhrani\u010dn\u00e9 projekty a\u00a0ob\u010danov t\u00fdm e\u0161te viac sp\u00e1ja\u0165. Vo ve\u013ea veciach sa vieme navz\u00e1jom ako mest\u00e1 in\u0161pirova\u0165. Stra\u0161ne ma sklamalo ne\u013eudsk\u00e9 spr\u00e1vanie a\u00a0zloba, ktorej je ve\u013emi ve\u013ea.<\/p>\n<p><strong>Veronika Hanzal\u00edkov\u00e1<\/strong><br \/>\n\u010ciasto\u010dne \u00e1no.<br \/>\nPote\u0161ili ma Skali\u010dania, ktor\u00ed participuj\u00fa a\u00a0sna\u017eia sa o\u00a0rozvoj a\u00a0prezent\u00e1ciu mesta, \u0161portovci, umelci, dobrovo\u013en\u00edci. Nete\u0161\u00ed ma snaha niektor\u00fdch (nie)priate\u013eov o\u00a0n\u00e1zorov\u00e9 rozde\u013eovanie cez \u00fa\u010delov\u00fa manipul\u00e1ciu faktov a\u00a0nejak\u00e9 \u010dudn\u00e9 ataky. Nete\u0161\u00ed ma, \u017ee \u010das ide ove\u013ea r\u00fdchlej\u0161ie ako administrat\u00edvne procesy, schva\u013eovanie projektov a\u00a0ich realiz\u00e1cia.<\/p>\n<p><strong>Adri\u00e1n Hertl<\/strong><br \/>\n\u010ciasto\u010dne \u00e1no.<br \/>\nPote\u0161ilo, \u017ee na \u00farade pracuje ve\u013ea \u0161ikovn\u00fdch \u013eud\u00ed nielen z\u00a0povinnosti, ale aj srdcom pre mesto. Sklamal ma mal\u00fd man\u00e9vrovac\u00ed priestor vo financi\u00e1ch na rozvoj mesta (rozpo\u010det je nadoraz, ale to nie je len v\u00a0Skalici). To je obraz \u0161t\u00e1tu, ktor\u00fd pren\u00e1\u0161a kompetencie na mest\u00e1 bez dodato\u010dnej kompenz\u00e1cie.<\/p>\n<p><strong>Miroslav Hor\u0148\u00e1k<\/strong><br \/>\n\u2013<br \/>\nPote\u0161ilo ma zv\u00fd\u0161enie pr\u00edjmov zo \u0161t\u00e1tneho rozpo\u010dtu a\u00a0u\u0161etren\u00e9 rezervy z\u00a0roku 2018, ktor\u00e9 priniesli do rozpo\u010dtu 2019 pr\u00edjmy naviac v\u00a0objeme 1 000 000 Eur. Sklamalo ma, \u017ee napriek zv\u00fd\u0161en\u00fdm pr\u00edjmom nezostali financie na rozvoj mesta a\u00a0podstatne sa zn\u00ed\u017eila odborn\u00e1 person\u00e1lna \u00farove\u0148 pr\u00e1ce Ms\u00da a\u00a0celej samospr\u00e1vy.<\/p>\n<p><strong>Chovancov\u00e1 Katar\u00edna<\/strong><br \/>\n\u010ciasto\u010dne \u00e1no.<br \/>\nPozit\u00edvne je, \u017ee sa ob\u010dan zauj\u00edma o dianie v meste a chce o t\u00e9mach diskutova\u0165. Te\u0161\u00ed ma, ak sa podar\u00ed presadi\u0165 veci, \u010do maj\u00fa pre mesto zmysel. Negat\u00edvom je \u010dasto zd\u013ahavos\u0165 procesov. Ak s niek\u00fdm nes\u00fahlas\u00edm, nemus\u00ed to by\u0165 hne\u010f m\u00f4j nepriate\u013e, treba re\u0161pektova\u0165 poh\u013eady druh\u00fdch. Ch\u00fdba mi kon\u0161trukt\u00edvna a\u00a0vecn\u00e1 debata o\u00a0veciach, ktor\u00e9 tr\u00e1pia v\u0161etk\u00fdch.<\/p>\n<p><strong>Lipovsk\u00fd Miroslav<\/strong><br \/>\n\u010ciasto\u010dne \u00e1no.<br \/>\nPotvrdilo sa, \u017ee sa \u010dlovek mus\u00ed ve\u013emi vzdel\u00e1va\u0165, aby bol schopn\u00fd posudzova\u0165 veci spr\u00e1vne a\u00a0orientova\u0165 sa v\u00a0n\u00e1zorovom boji. V\u017edy ma pote\u0161\u00ed, ak pr\u00edde k\u00a0n\u00e1zorovej zhode a\u00a0sklam\u00fa politick\u00e9 hr\u00e1tky a\u00a0osobn\u00e9 invekt\u00edvy.<\/p>\n<p><strong>Anna Oz\u00e1balov\u00e1<\/strong><br \/>\nNie.<br \/>\nPote\u0161il ma, z\u00e1ujem nov\u00fdch \u2013 mlad\u00fdch poslancov o pr\u00e1cu. V\u00f4bec ma nete\u0161\u00ed neust\u00e1la \u00fato\u010dn\u00e1 atmosf\u00e9ra, ve\u013ea sa bojuje, m\u00e1lo spolupracuje. O\u010dak\u00e1vala som person\u00e1lne zmeny, \u010d\u00edm by sa preru\u0161ili r\u00f4zne previazanosti z minul\u00fdch rokov. Som presved\u010den\u00e1, \u017ee najak\u00fatnej\u0161ie je to v obchodnej spolo\u010dnosti SMM, kde m\u00e1 mesto stopercentn\u00fa \u00fa\u010das\u0165. Mrz\u00ed ma, \u017ee nem\u00e1me jasn\u00e9 v\u00edzie o raste n\u00e1\u0161ho mesta \u2013 opravy, v\u00fdstavba, cestovn\u00fd ruch, kult\u00fara, \u0161port.<\/p>\n","protected":false},"excerpt":{"rendered":"<div class=\"mh-excerpt\"><p>Aj tentokr\u00e1t sme okrem ot\u00e1zky so \u017eiados\u0165ou o jednozna\u010dn\u00fa odpove\u010f pridali aj druh\u00fa, dopl\u0148uj\u00facu ot\u00e1zku. Radi by sme vedeli ako na\u0161i z\u00e1stupcovia vidia s odstupom svoje po\u010diato\u010dn\u00e9 predstavy a ako dnes hodnotia re\u00e1lne sk\u00fasenosti. Ot\u00e1zky <a class=\"mh-excerpt-more\" href=\"http:\/\/skalickyobzor.sk\/cms\/ako-hodnotia-poslanci-svoj-prvy-rok-od-zvolenia\/\" title=\"Ako hodnotia poslanci svoj prv\u00fd rok od zvolenia?\">[&#8230;]<\/a><\/p>\n<\/div>","protected":false},"author":2,"featured_media":17,"comment_status":"closed","ping_status":"closed","sticky":false,"template":"","format":"standard","meta":{"footnotes":""},"categories":[5],"tags":[],"class_list":{"0":"post-2871","1":"post","2":"type-post","3":"status-publish","4":"format-standard","5":"has-post-thumbnail","7":"category-toto-sa-nas-tyka"},"_links":{"self":[{"href":"http:\/\/skalickyobzor.sk\/cms\/wp-json\/wp\/v2\/posts\/2871","targetHints":{"allow":["GET"]}}],"collection":[{"href":"http:\/\/skalickyobzor.sk\/cms\/wp-json\/wp\/v2\/posts"}],"about":[{"href":"http:\/\/skalickyobzor.sk\/cms\/wp-json\/wp\/v2\/types\/post"}],"author":[{"embeddable":true,"href":"http:\/\/skalickyobzor.sk\/cms\/wp-json\/wp\/v2\/users\/2"}],"replies":[{"embeddable":true,"href":"http:\/\/skalickyobzor.sk\/cms\/wp-json\/wp\/v2\/comments?post=2871"}],"version-history":[{"count":3,"href":"http:\/\/skalickyobzor.sk\/cms\/wp-json\/wp\/v2\/posts\/2871\/revisions"}],"predecessor-version":[{"id":2876,"href":"http:\/\/skalickyobzor.sk\/cms\/wp-json\/wp\/v2\/posts\/2871\/revisions\/2876"}],"wp:featuredmedia":[{"embeddable":true,"href":"http:\/\/skalickyobzor.sk\/cms\/wp-json\/wp\/v2\/media\/17"}],"wp:attachment":[{"href":"http:\/\/skalickyobzor.sk\/cms\/wp-json\/wp\/v2\/media?parent=2871"}],"wp:term":[{"taxonomy":"category","embeddable":true,"href":"http:\/\/skalickyobzor.sk\/cms\/wp-json\/wp\/v2\/categories?post=2871"},{"taxonomy":"post_tag","embeddable":true,"href":"http:\/\/skalickyobzor.sk\/cms\/wp-json\/wp\/v2\/tags?post=2871"}],"curies":[{"name":"wp","href":"https:\/\/api.w.org\/{rel}","templated":true}]}}