{"id":2887,"date":"2019-12-07T11:08:44","date_gmt":"2019-12-07T10:08:44","guid":{"rendered":"http:\/\/skalickyobzor.sk\/cms\/?p=2887"},"modified":"2019-12-07T11:55:16","modified_gmt":"2019-12-07T10:55:16","slug":"mikulas-co-mi-das","status":"publish","type":"post","link":"http:\/\/skalickyobzor.sk\/cms\/mikulas-co-mi-das\/","title":{"rendered":"Mikul\u00e1\u0161, co mi d\u00e1\u0161?"},"content":{"rendered":"<p>Opravdu ten \u010das le\u0165\u00ed. Teprv cho\u010fil a u\u017e zas bude cho\u010fit Mikul\u00e1\u0161. Pro mal\u00e9 \u010fecka je to de\u0148 radost\u0148\u00ed, no aj tak trochu stra\u0161idel\u0148\u00ed. J\u00e1 jak \u010fecko sem Mikul\u00e1\u0161a vihl\u00e9dal, lebo sem \u010dul, \u017ee je to dobr\u00e1k a dobr\u00edm \u010fe\u0165om dobroti rozd\u00e1v\u00e1. A j\u00e1 sem bil presvje\u010den\u00ed, \u017ee dobr\u00e9 \u010fecko su. Tr\u00e9 kamar\u00e1\u010fi sa dohodli a pjek\u0148e sa obl\u00e9kli za Mikul\u00e1\u0161a, an\u010fela a \u010derta. Ket sa za\u010dalo stm\u00edvat, cho\u010fili ot domu g domu a rozd\u00e1vali srandu, rados\u0165, ale, jak sem sa u\u017e zm\u00ed\u0148il, aj strach. Mikul\u00e1\u0161 i\u0161el popredu, mjel b\u00edl\u00fa no\u010d\u0148\u00ed ko\u0161elu, ozdoben\u00fa hvjez\u010fi\u010dkama a op\u00e1san\u00fa b\u00edl\u00fa \u0161\u0148\u00far\u00fa na pr\u00e1dlo. \u010cepicu si u\u010felal s pap\u00edrov\u00e9ho m\u00ed\u0161ka ot m\u00faki a na \u0148u nakreslil \u017elut\u00ed kr\u00ed\u0161. Tv\u00e1r mjel pomalovan\u00fa a bradu u\u010felan\u00fa z vati.<\/p>\n<p>V jednej ruce mjel b\u00edl\u00fa palicu, v druhej pr\u00fa\u0165en\u00ed ko\u0161\u00edk a v \u0148em d\u00e1rki pro \u010fecka \u2013 japka, orechi, nejak\u00ed ten per\u0148\u00edk alebo cukrov\u00e9. \u010cokol\u00e1da bila vz\u00e1cnos\u0165. Aj an\u010fel mjel no\u010dn\u00fa b\u00edl\u00fa ko\u0161elu, na ker\u00fa si \u0165estem z m\u00faki nalepil hvjez\u010fi\u010dki z barevn\u00e9ho stanijolu. Kr\u00eddla si vistrihel s pap\u00edru a olepil p\u00e9rkama z husi. L\u00edca si pomaloval na \u010derveno. Cho\u010fil za Mikul\u00e1\u0161em a enom sa usm\u00edval. \u010cert bil posled\u0148\u00ed. Hubu si za\u0161mudlal sazama, ko\u017euch mjel chlupat\u00ed a v ruce dr\u017eal retas z ma\u0161tale ot kr\u00e1vi. Na hlavu si dal \u010dern\u00fa \u010depicu z\u00a0dvoma rohama u\u010felan\u00edma ze star\u00edch rukav\u00edc, ker\u00e9 vicpal pap\u00edrem alebo pilinama. Retaz\u00fa silno hrkotal a\u00a0stra\u0161idel\u0148e brblal. Nekedi sa \u010fecka ot strachu aj pot st\u00fal skov\u00e1vali.<\/p>\n<p>Ket k n\u00e1m do\u0161el Mikul\u00e1\u0161 z an\u010felem aj \u010dertem, odv\u00e1\u017e\u0148e sem sa op\u00edtal: Mikul\u00e1\u0161, co mi d\u00e1\u0161? Dostal sem s ko\u0161\u00edka dobrotu a enom co sem s\u0165ihel po\u010fekovat, \u010dert pri mje retaz\u00fa zahrkotal a stra\u0161idel\u0148e zabrbotal. Rosplakal sem sa velice. Ket t\u00e1to trojica ode\u0161la, op\u00edtal sem sa mamki, pro\u010d z Mikul\u00e1\u0161em cho\u010f\u00ed aj \u010dert. M\u00edsto otpovje\u010fi sem ale mosel priznat, co sem poviv\u00e1\u010fal zl\u00e9ho. A\u00a0tak sem mamce sl\u00fabil, \u017ee u\u0161 v\u00a0dr\u00fabe\u017e\u00e1r\u0148i, ker\u00e1 patrila Hospo\u010finskej \u0161koli, nebudu po sl\u00e9pk\u00e1ch h\u00e1zat kam\u00e9nki a\u00a0a\u0148i nebudu chitat mal\u00e9 ka\u010denki a\u00a0h\u00e1zat ich do vodi. Aj ket na Mikul\u00e1\u0161a a\u00a0na \u010derta u\u0161 d\u00e1vno nevjer\u00edm, pro istotu to nerob\u00edm dodnes.<\/p>\n<p>P\u00ed\u0161u enom to, co sem v\u00a0mojem \u017eivo\u0165e vi\u010fel, \u010dul a\u00a0za\u017eil.<\/p>\n<p><em>Miloslav Tom\u0161ej st.,<\/em><br \/>\n<em>Skali\u010dan \u0165elem aj du\u0161\u00fa<\/em><\/p>\n","protected":false},"excerpt":{"rendered":"<div class=\"mh-excerpt\"><p>Opravdu ten \u010das le\u0165\u00ed. Teprv cho\u010fil a u\u017e zas bude cho\u010fit Mikul\u00e1\u0161. Pro mal\u00e9 \u010fecka je to de\u0148 radost\u0148\u00ed, no aj tak trochu stra\u0161idel\u0148\u00ed. J\u00e1 jak \u010fecko sem Mikul\u00e1\u0161a vihl\u00e9dal, lebo sem \u010dul, \u017ee je <a class=\"mh-excerpt-more\" href=\"http:\/\/skalickyobzor.sk\/cms\/mikulas-co-mi-das\/\" title=\"Mikul\u00e1\u0161, co mi d\u00e1\u0161?\">[&#8230;]<\/a><\/p>\n<\/div>","protected":false},"author":17,"featured_media":17,"comment_status":"closed","ping_status":"closed","sticky":false,"template":"","format":"standard","meta":{"footnotes":""},"categories":[4],"tags":[],"class_list":{"0":"post-2887","1":"post","2":"type-post","3":"status-publish","4":"format-standard","5":"has-post-thumbnail","7":"category-ja-su-ze-skalice"},"_links":{"self":[{"href":"http:\/\/skalickyobzor.sk\/cms\/wp-json\/wp\/v2\/posts\/2887","targetHints":{"allow":["GET"]}}],"collection":[{"href":"http:\/\/skalickyobzor.sk\/cms\/wp-json\/wp\/v2\/posts"}],"about":[{"href":"http:\/\/skalickyobzor.sk\/cms\/wp-json\/wp\/v2\/types\/post"}],"author":[{"embeddable":true,"href":"http:\/\/skalickyobzor.sk\/cms\/wp-json\/wp\/v2\/users\/17"}],"replies":[{"embeddable":true,"href":"http:\/\/skalickyobzor.sk\/cms\/wp-json\/wp\/v2\/comments?post=2887"}],"version-history":[{"count":1,"href":"http:\/\/skalickyobzor.sk\/cms\/wp-json\/wp\/v2\/posts\/2887\/revisions"}],"predecessor-version":[{"id":2888,"href":"http:\/\/skalickyobzor.sk\/cms\/wp-json\/wp\/v2\/posts\/2887\/revisions\/2888"}],"wp:featuredmedia":[{"embeddable":true,"href":"http:\/\/skalickyobzor.sk\/cms\/wp-json\/wp\/v2\/media\/17"}],"wp:attachment":[{"href":"http:\/\/skalickyobzor.sk\/cms\/wp-json\/wp\/v2\/media?parent=2887"}],"wp:term":[{"taxonomy":"category","embeddable":true,"href":"http:\/\/skalickyobzor.sk\/cms\/wp-json\/wp\/v2\/categories?post=2887"},{"taxonomy":"post_tag","embeddable":true,"href":"http:\/\/skalickyobzor.sk\/cms\/wp-json\/wp\/v2\/tags?post=2887"}],"curies":[{"name":"wp","href":"https:\/\/api.w.org\/{rel}","templated":true}]}}