{"id":289,"date":"2017-12-13T23:56:18","date_gmt":"2017-12-13T22:56:18","guid":{"rendered":"http:\/\/skalickyobzor.sk\/cms\/?p=289"},"modified":"2017-12-13T23:57:06","modified_gmt":"2017-12-13T22:57:06","slug":"isel-macek-do-malacek-ze-skalice","status":"publish","type":"post","link":"http:\/\/skalickyobzor.sk\/cms\/isel-macek-do-malacek-ze-skalice\/","title":{"rendered":"I\u0161el Macek do Malacek ze Skalice?"},"content":{"rendered":"<p><strong>Mil\u00ed Skali\u010dan\u00e9, pr\u00edtel\u00e9, mil\u00ed cezpol\u0148\u00ed a ostat\u0148\u00ed svjete! Stalo sa, \u017ee druh\u00fa okt\u00f3brov\u00fa sobotu sa u\u010f\u00edla v malack\u00e9m ki\u0148e u\u017e 2. medzin\u00e1rod\u0148\u00ed konferencija o Mackovi. Mo\u017en\u00e1 si misl\u00edte, \u017ee v\u00e1s sa to net\u00edk\u00e1, ale e\u0148\u00ed to pravda.<\/strong><\/p>\n<p><!--more--><\/p>\n<p>V doti\u010dnej pjes\u0148i\u010dce sa sp\u00edv\u00e1, \u017ee menovan\u00ed Macek i\u0161el do Malacek ml\u00e1cit \u0161o\u0161ovi\u010dku. Z teho dok\u00e1\u017eeme videdukovat do, kam a pro\u010d i\u0161el, ale nev\u00edme odk\u00e1l. A teda jedna z odpovjedz\u00ed mo\u017ee bit aj: ze Skalice.<\/p>\n<h3>TRAD\u00cdCIA HNED NAPODRUH\u00c9<\/h3>\n<p>Ner\u00e1dzi bi sme, abi ste ostali za hradbama odreza\u0148\u00ed od svjeta a neinformova\u0148\u00ed, a tak si dovolujem predestr\u00edt stru\u010dn\u00fa spr\u00e1vu z pr\u00fabjehu konferencije a tam, de to bude d\u00fale\u017eit\u00e9, aj koferencije prv\u0148\u00ed.<\/p>\n<p>Na sam\u00e9m za\u010d\u00e1tku bili zdravice od na\u0161\u00e9ho prim\u00e1tora, p\u00e1na \u0158\u00edhu, a od richt\u00e1ra Z\u00e1hor\u00e1k\u00fa v Bra\u0165islavje, ker\u00edm je profesor dochtor Toni G\u00fath z Lev\u00e1rek. Velice sme si to pova\u017eovali. Pr\u00edhovore a zdravice s\u00fa sam\u00e9 o sebje tak pjekn\u00e9, optimistick\u00e9 a srde\u010dn\u00e9, \u017ee uva\u017eujeme nad t\u00fdm, \u017ee jeden ro\u010dn\u00edk konferencije bi sme mohli spravit enem ze zdravic a zahajovac\u00edch pr\u00edhovor\u00fa.<\/p>\n<figure id=\"attachment_297\" aria-describedby=\"caption-attachment-297\" style=\"width: 617px\" class=\"wp-caption aligncenter\"><img loading=\"lazy\" decoding=\"async\" class=\"size-full wp-image-297\" src=\"http:\/\/skalickyobzor.sk\/cms\/wp-content\/uploads\/2017\/12\/macek2.jpg\" alt=\"\" width=\"617\" height=\"335\" srcset=\"http:\/\/skalickyobzor.sk\/cms\/wp-content\/uploads\/2017\/12\/macek2.jpg 617w, http:\/\/skalickyobzor.sk\/cms\/wp-content\/uploads\/2017\/12\/macek2-300x163.jpg 300w\" sizes=\"auto, (max-width: 617px) 100vw, 617px\" \/><figcaption id=\"caption-attachment-297\" class=\"wp-caption-text\">Uvede\u0148\u00ed obnoven\u00e9ho vid\u00e1\u0148\u00e1 Z\u00e1hor\u00e1ck\u00e9ho slov\u0148\u00edka dochtora Palkovi\u010da, ker\u00ed viciskli Z\u00e1padlovensk\u00e9 tla\u010d\u00e1r\u0148e ve Skalici. Prim\u00fav\u00e1 sa malack\u00ed prim\u00e1tor Juraj \u0158\u00edha, vedl\u00e1 rich\u00e1r Z\u00e1hor\u00e1k\u00fa v Bra\u0165islavje prof. Toni G\u00fath, grafi\u010dka Majka Marekov\u00e1 a rekon\u0161trukt\u00e9r slov\u0148\u00edka Stano Bellan.<br \/>Foto: Mi\u0161a Havrilla<\/figcaption><\/figure>\n<p>S po\u0165e\u0161e\u0148\u00edm sme s prezidentem konferencije Marcinem Macejk\u00fa (uznajte, mohel bi sa n\u00e1\u0161 prezident volat lep\u0161\u00ed?) kon\u0161tatovali, \u017ee na\u0161a konferencija dos\u00e1hla u\u017e v druh\u00e9m ro\u010d\u0148\u00edku velik\u00ed vjehlas v \u0161irok\u00e9m svjece. Dokazuje to aj samotn\u00ed fakt, \u017ee oproci minul\u00e9mu ro\u010dn\u00edku n\u00e1m odm\u00edtli \u00fa\u010dast daleko v\u00edznam\u0148ej\u0161\u00ed osobnosci, medzi ker\u00edma bi sme mohli menovat kopec celebrit. Dokonca v\u00fabec nereagovalo hod\u0148e nositel\u00fa velice sl\u00e1vn\u00edch men. Ale \u2013 dost u\u017e samochv\u00e1le, podme k samot\u0148\u00ed ud\u00e1losci.<\/p>\n<h3>MACEK \u2013 OSOBNOST NA\u0160\u00cdCH \u010eEJIN<\/h3>\n<p>Hned na za\u010d\u00e1tku, v prv\u0148\u00edm ro\u010d\u0148\u00edku sme si nakl\u00e1dli fundament\u00e1l\u0148\u00ed ot\u00e1zki, na ker\u00e9 sme spolem s v\u00e1\u017een\u00edma predn\u00e1\u0161aj\u00fac\u00edma nena\u0161li uspokojiv\u00e9 odpovjedzi. Oproci temu \u00faloh\u00fa druh\u00e9ho ro\u010d\u0148\u00edka bilo rekapitulovat, zh\u0155\u0148at, tr\u00eddzit, objas\u0148ovat, viti\u010dovat, kl\u00e1st a hodnocit.<\/p>\n<p>A skute\u010d\u0148e sme sa k temu \u0161eck\u00e9mu dostali. Jak sem v \u00favodze nazna\u010dil, je p\u00e1r fakt\u00fa, ker\u00e9 s\u00fa z pjes\u0148i\u010dki jasn\u00e9, ale o to z\u00e1had\u0148ej\u0161\u00ed pro n\u00e1s bilo (a je), do vlast\u0148e Macek bil, odk\u00e1l a koho. K posled\u0148\u00ed ot\u00e1zce na visvjetlen\u00fa treba povidat, \u017ee a\u0148i genderov\u00fd rozbor textu nedok\u00e1zal, \u017ee cez to \u0161ecko, jak sa k \u0148emu jeho \u017eena chovala, na \u0148u ruku nevzt\u00e1hel. A to sa ona nezastavila a\u0148i pred posm\u00edv\u00e1\u0148\u00edm sa jeho zrakov\u00e9mu poscihn\u00fac\u00fa, ked sp\u00edv\u00e1 ve chv\u00edli, ked Macek hled\u00e1 cepi: \u201ehen \u0164i vis\u00e1 na hamb\u00e1lku, vem si ich Ti slep\u00ed&#8230;\u201c. Sk\u00famali sa aj Mackov\u00e9 pracov\u0148\u00ed n\u00e1viki, ked\u017ee zapomjel cepi, ale husle n\u00e9.<\/p>\n<figure id=\"attachment_296\" aria-describedby=\"caption-attachment-296\" style=\"width: 1021px\" class=\"wp-caption aligncenter\"><img loading=\"lazy\" decoding=\"async\" class=\"size-full wp-image-296\" src=\"http:\/\/skalickyobzor.sk\/cms\/wp-content\/uploads\/2017\/12\/macek3.jpg\" alt=\"\" width=\"1021\" height=\"841\" srcset=\"http:\/\/skalickyobzor.sk\/cms\/wp-content\/uploads\/2017\/12\/macek3.jpg 1021w, http:\/\/skalickyobzor.sk\/cms\/wp-content\/uploads\/2017\/12\/macek3-300x247.jpg 300w, http:\/\/skalickyobzor.sk\/cms\/wp-content\/uploads\/2017\/12\/macek3-768x633.jpg 768w\" sizes=\"auto, (max-width: 1021px) 100vw, 1021px\" \/><figcaption id=\"caption-attachment-296\" class=\"wp-caption-text\">Akor\u00e1t m\u00fadro vipr\u00e1vj\u00e1 muzikol\u00f3g dochtor Petr Michalovi\u010d ze Z\u00e1horsk\u00e9ho m\u00fazea ve Skalici.<br \/>Foto: M. Kone\u010dn\u00fd<\/figcaption><\/figure>\n<p>D\u00fale\u017eit\u00fa ot\u00e1zk\u00fa prv\u0148\u00ed, druhej aj dal\u0161\u00edch pripravovan\u00edch konferenci\u00ed je, kedi sa inkriminovan\u00e1 udalost odehr\u00e1la. Zat\u00e1l sa v\u00edskum\u0148\u00ed rola zmen\u0161ili na 800 rok\u00fa, s d\u00farazem tak na dve kila.<\/p>\n<h3>DE BI SME BILI BEZ MACKA?<\/h3>\n<p>U\u017e na prv\u0148\u00ed konferenciji sme sa kukli na Macka jak na kult\u00far\u0148\u00ed fenom\u00e9n, ker\u00ed vlast\u0148\u00ed sil\u00fa prerostel do svjetov\u00e9ho \u0161oubiznisu a n\u00e1zor\u0148e sme si uk\u00e1zali, do \u0161ecko sa na Mackovi pri\u017eivil a zv\u00e9zel. Seznam umjelc\u00fa je velice \u00factihodn\u00ed. Pjes\u0148i\u010dku nahr\u00e1li a nasp\u00edvali n\u00e9 enem Karel Gott, ale aj Hana Hegerov\u00e1, Alexandrovci, Andrej \u0160eban, duo \u010euri &amp; Stenly, Inekafe, Karpatsk\u00ed pastieri, Kandr\u00e1\u010dovci, s\u00fabor D \u0301Accordi, Ostravsk\u00fd detsk\u00fd zbor, Senzus, Morhotronic, Chorus Cantoris Slovakia, Korn a Kaiser, Wargasound, kapela renesan\u010dnej muziki Corna musica a dov\u00ed do e\u0161\u0165e. Je neod\u0161kr\u00ed\u010diteln\u00e9, \u017ee nech bilo jak scelo a de scelo, Macek bil pro kult\u00faru, osvjetu a vztahi dicki pr\u00ednosem. Tento trend pokra\u010duje. Macek je pro svjet velice pr\u00edta\u017eliv\u00ed a mi sa temu nebr\u00e1\u0148\u00edme, enem bi bilo na \u010dasi prist\u00fapit k debace o poplatkoch. Je to poklad a snad \u0148ikdo nemo\u017ee nam\u00edtat k temu, \u017ee je treba ho chr\u00e1\u0148it. V\u00ed\u0148ime\u010dnost pjes\u0148i\u010dki nakonec u\u017e na za\u010d\u00e1tku dok\u00e1zal akor\u00e1t v\u00e1\u0161 skalick\u00ed rod\u00e1k, muzikol\u00f3g dochtor Petr Michalovi\u010d z m\u00edst\u0148\u00edho Z\u00e1horsk\u00e9ho m\u00fazea. Na\u0161e \u017eivoti zme\u0148il inform\u00e1cij\u00fa, \u017ee samotn\u00e1 pjes\u0148i\u010dka obsahuje interval zvje\u010d\u0161enej sekundi \u2013 semiditonus, in\u00e1\u010d aj hi\u00e1tus. To \u0148ikdo ne\u010dekal.<\/p>\n<p>V druh\u00e9m ro\u010d\u0148\u00edku na \u0148eho parale\u0148\u00ed l\u00ednij\u00fa nadv\u00e1zal dochtor Andrej Z\u00e1vodn\u00fd z Katedre slovensk\u00e9ho jazika (co je sam\u00e9 o sebje po\u010fivn\u00e9) a literat\u00fare (pozor, tadi to z\u00edsk\u00e1v\u00e1 na v\u00e1\u017enosci) Pedagogickej fakulti Trnavskej univerziti. Ten rozborem dok\u00e1zal, \u017ee text genialit\u00fa a prekvapivosc\u00fa nezaost\u00e1v\u00e1 za hudeb\u0148\u00ed zlo\u017ek\u00fa \u010f\u00edla. Nescem predb\u00edhat, ale pro pripravovan\u00fa trec\u00ed konferenciju chist\u00e1 na\u0161e predsed\u0148\u00edctvo verejn\u00e9 odhlasov\u00e1\u0148\u00ed jedzin\u00e9ho platn\u00e9ho z\u0148en\u00e1 textu a zasl\u00e1\u0148\u00ed n\u00f3ti Slovensk\u00e9mu ochrann\u00e9mu autorsk\u00e9mu svazu, abi sme nemoseli d\u00e1lej trpjet po\u010d\u00fava\u0148\u00edm r\u00fazn\u00edch zhovadzil\u00edch v\u00edchod\u0148\u00e1rsk\u00edch, \u010desk\u00edch, franc\u00fazsk\u00edch \u010di umjeleck\u00edch verzij\u00ed.<\/p>\n<h3>DE S\u00da MACKOV\u00cd ROD\u00c1CI?<\/h3>\n<p>K st\u00e1lic\u00e1m konferencije patr\u00ed docentka Andrea Ol\u0161ovsk\u00e1, dekanka Pr\u00e1v\u0148\u00edckej fakulti TU, ker\u00e1 sa v prv\u0148\u00edm ro\u010d\u0148\u00edku pok\u00fa\u0161ala dok\u00e1zat, \u017ee doti\u010dn\u00ed n\u00e1jemn\u00ed mlatec \u0161o\u0161ovice vi\u0161tudoval pr\u00e1vo a predlo\u017eila k temu d\u00fakaze, ker\u00e9 s\u00fa prav\u010fepodob\u0148e podvrh.<\/p>\n<figure id=\"attachment_295\" aria-describedby=\"caption-attachment-295\" style=\"width: 633px\" class=\"wp-caption aligncenter\"><img loading=\"lazy\" decoding=\"async\" class=\"size-full wp-image-295\" src=\"http:\/\/skalickyobzor.sk\/cms\/wp-content\/uploads\/2017\/12\/macek4.jpg\" alt=\"\" width=\"633\" height=\"874\" srcset=\"http:\/\/skalickyobzor.sk\/cms\/wp-content\/uploads\/2017\/12\/macek4.jpg 633w, http:\/\/skalickyobzor.sk\/cms\/wp-content\/uploads\/2017\/12\/macek4-217x300.jpg 217w\" sizes=\"auto, (max-width: 633px) 100vw, 633px\" \/><figcaption id=\"caption-attachment-295\" class=\"wp-caption-text\">Tajem\u0148\u00edk Stano Bellan nastoluje z\u00e1klad\u0148\u00ed ot\u00e1zki kolem Macka.<br \/>Foto: M. Kone\u010dn\u00fd<\/figcaption><\/figure>\n<p>Na podobn\u00edch d\u00fakazoch st\u00e1la jej\u00ed te\u00f3ria, \u017ee Macek do\u0161el do Malacek z Plaveck\u00e9ho Podhradz\u00e1, co sme zam\u00edtli, lebo e\u0161\u0165e sme nepresk\u00famali mo\u017en\u00ed n\u00e1rok dal\u0161\u00edch stovek dzedzin a mjest, medzi \u0148ima aj Skalice. To n\u00e1m ale nebr\u00e1\u0148ilo vimenovat pa\u0148i dekanku za odbor\u0148\u00ed poradki\u0148u konferencije pro t\u00fato oblast v\u00edskumu. Krema teho sme mjeli po\u0165e\u0161e\u0148\u00ed na dvoch ro\u010d\u0148\u00edkoch \u010dut \u0161estn\u00e1st pr\u00edspjevk\u00fa a vidzet kopec umjeleck\u00edch vist\u00fape\u0148\u00ed.<\/p>\n<h3>V\u00c1\u017dEN\u00cd SKALI\u010cAN\u00c9!<\/h3>\n<p>Pro nedostatek m\u00edsta teda ve stru\u010dnosci enem tolko. Ked si ale na j\u00fatubje zad\u00e1te \u201ekonferencia o mackovi\u201c, n\u00e1jdete a mo\u017eete si u\u017eit \u0161ecki predn\u00e1\u0161ki z prv\u0148\u00edho a mo\u017en\u00e1 u\u017e aj druh\u00e9ho ro\u010d\u0148\u00edka. \u0164e\u0161\u00edme sa aj na v\u00e1s v Malack\u00e1ch 13. 10. 2018 na ro\u010d\u0148\u00edku trec\u00edm (pro Slov\u00e1k\u00fa: tre\u0165om, nem\u00e1 to ni\u010d s tren\u00edm).<\/p>\n<p><em>Stano Bellan, emerit\u0148\u00ed tajem\u0148\u00edk Medzin\u00e1rod\u0148\u00ed konferencije o Mackovi<\/em><\/p>\n<p>&nbsp;<\/p>\n<p><img loading=\"lazy\" decoding=\"async\" class=\"aligncenter size-full wp-image-299\" src=\"http:\/\/skalickyobzor.sk\/cms\/wp-content\/uploads\/2017\/12\/macek_qr2.jpg\" alt=\"\" width=\"375\" height=\"375\" srcset=\"http:\/\/skalickyobzor.sk\/cms\/wp-content\/uploads\/2017\/12\/macek_qr2.jpg 375w, http:\/\/skalickyobzor.sk\/cms\/wp-content\/uploads\/2017\/12\/macek_qr2-150x150.jpg 150w, http:\/\/skalickyobzor.sk\/cms\/wp-content\/uploads\/2017\/12\/macek_qr2-300x300.jpg 300w\" sizes=\"auto, (max-width: 375px) 100vw, 375px\" \/> <img loading=\"lazy\" decoding=\"async\" class=\"aligncenter size-full wp-image-300\" src=\"http:\/\/skalickyobzor.sk\/cms\/wp-content\/uploads\/2017\/12\/macek_qr1.jpg\" alt=\"\" width=\"375\" height=\"375\" srcset=\"http:\/\/skalickyobzor.sk\/cms\/wp-content\/uploads\/2017\/12\/macek_qr1.jpg 375w, http:\/\/skalickyobzor.sk\/cms\/wp-content\/uploads\/2017\/12\/macek_qr1-150x150.jpg 150w, http:\/\/skalickyobzor.sk\/cms\/wp-content\/uploads\/2017\/12\/macek_qr1-300x300.jpg 300w\" sizes=\"auto, (max-width: 375px) 100vw, 375px\" \/><\/p>\n","protected":false},"excerpt":{"rendered":"<div class=\"mh-excerpt\"><p>Mil\u00ed Skali\u010dan\u00e9, pr\u00edtel\u00e9, mil\u00ed cezpol\u0148\u00ed a ostat\u0148\u00ed svjete! Stalo sa, \u017ee druh\u00fa okt\u00f3brov\u00fa sobotu sa u\u010f\u00edla v malack\u00e9m ki\u0148e u\u017e 2. medzin\u00e1rod\u0148\u00ed konferencija o Mackovi. Mo\u017en\u00e1 si misl\u00edte, \u017ee v\u00e1s sa to net\u00edk\u00e1, ale e\u0148\u00ed <a class=\"mh-excerpt-more\" href=\"http:\/\/skalickyobzor.sk\/cms\/isel-macek-do-malacek-ze-skalice\/\" title=\"I\u0161el Macek do Malacek ze Skalice?\">[&#8230;]<\/a><\/p>\n<\/div>","protected":false},"author":1,"featured_media":298,"comment_status":"closed","ping_status":"closed","sticky":false,"template":"","format":"standard","meta":{"footnotes":""},"categories":[10],"tags":[],"class_list":{"0":"post-289","1":"post","2":"type-post","3":"status-publish","4":"format-standard","5":"has-post-thumbnail","7":"category-zaujalo-nas"},"_links":{"self":[{"href":"http:\/\/skalickyobzor.sk\/cms\/wp-json\/wp\/v2\/posts\/289","targetHints":{"allow":["GET"]}}],"collection":[{"href":"http:\/\/skalickyobzor.sk\/cms\/wp-json\/wp\/v2\/posts"}],"about":[{"href":"http:\/\/skalickyobzor.sk\/cms\/wp-json\/wp\/v2\/types\/post"}],"author":[{"embeddable":true,"href":"http:\/\/skalickyobzor.sk\/cms\/wp-json\/wp\/v2\/users\/1"}],"replies":[{"embeddable":true,"href":"http:\/\/skalickyobzor.sk\/cms\/wp-json\/wp\/v2\/comments?post=289"}],"version-history":[{"count":1,"href":"http:\/\/skalickyobzor.sk\/cms\/wp-json\/wp\/v2\/posts\/289\/revisions"}],"predecessor-version":[{"id":301,"href":"http:\/\/skalickyobzor.sk\/cms\/wp-json\/wp\/v2\/posts\/289\/revisions\/301"}],"wp:featuredmedia":[{"embeddable":true,"href":"http:\/\/skalickyobzor.sk\/cms\/wp-json\/wp\/v2\/media\/298"}],"wp:attachment":[{"href":"http:\/\/skalickyobzor.sk\/cms\/wp-json\/wp\/v2\/media?parent=289"}],"wp:term":[{"taxonomy":"category","embeddable":true,"href":"http:\/\/skalickyobzor.sk\/cms\/wp-json\/wp\/v2\/categories?post=289"},{"taxonomy":"post_tag","embeddable":true,"href":"http:\/\/skalickyobzor.sk\/cms\/wp-json\/wp\/v2\/tags?post=289"}],"curies":[{"name":"wp","href":"https:\/\/api.w.org\/{rel}","templated":true}]}}