{"id":2949,"date":"2020-01-06T19:12:21","date_gmt":"2020-01-06T18:12:21","guid":{"rendered":"http:\/\/skalickyobzor.sk\/cms\/?p=2949"},"modified":"2020-01-06T19:26:18","modified_gmt":"2020-01-06T18:26:18","slug":"zakladna-otazka-bytia","status":"publish","type":"post","link":"http:\/\/skalickyobzor.sk\/cms\/zakladna-otazka-bytia\/","title":{"rendered":"Z\u00e1kladn\u00e1 ot\u00e1zka bytia"},"content":{"rendered":"<p>Existuj\u00fa univerz\u00e1lne ot\u00e1zky, ktor\u00e9 znepokojuj\u00fa \u010dloveka od \u010dias, ke\u010f si za\u010dal uvedomova\u0165 svoje miesto na tejto plan\u00e9te a v kozme. Medzi ne patr\u00ed najm\u00e4 ot\u00e1zka ako sa vyrovna\u0165 s faktom smrte\u013enosti, ot\u00e1zka poslania \u013eudskej \u010dinnosti a jej zmyslu, ot\u00e1zka dobra a zla s\u00favisiaca s poznan\u00edm, s rozvojom pr\u00edrodn\u00fdch vied.<\/p>\n<p>V\u00e1\u017eime si pr\u00edrodn\u00e9 vedy \u2013 s\u00fa nevyhnutn\u00e9: bez nich si \u010dlovek nem\u00f4\u017ee uvedomi\u0165 svoje skuto\u010dn\u00e9 postavenie. Av\u0161ak z\u00e1rove\u0148 s\u00fa nedostato\u010dnou praktickou a\u00a0duchovnou orient\u00e1ciou. Str\u00e1caj\u00fa svoju suverenitu vo chv\u00edli, ke\u010f \u010dloveka vystavili pocitu pravdepodobnej osamelosti v\u00a0mrazivej nekone\u010dnosti kozmu. S\u00fa \u013eudsky slab\u00e9. Zm\u013aknu vtedy, ke\u010f sa za\u010d\u00edna p\u00fdta\u0165 podvedomie a\u00a0svedomie. Pr\u00e1ve vtedy si \u010dlovek za\u010d\u00edna uvedomova\u0165, \u017ee mu \u010dosi d\u00f4le\u017eit\u00e9 ch\u00fdba: viera a\u00a0umenie \u2013 ako vy\u0161\u0161ia synt\u00e9za, pokra\u010duj\u00faca pr\u00e1ca vedomia ako emancipa\u010dn\u00fd proces.<\/p>\n<p>Pre v\u0161etky pokolenia zost\u00e1va nemenn\u00fdm jeden z\u00e1kladn\u00fd probl\u00e9m: ich vlastn\u00e1 \u010dasov\u00e1, ale aj vn\u00fatorn\u00e1 ohrani\u010denos\u0165, a preto sa mus\u00ed ka\u017ed\u00e1 nov\u00e1 gener\u00e1cia vyrovna\u0165 s ot\u00e1zkou bytia a nebytia, so zmyslom svojej existencie a so zodpovednos\u0165ou v obrane dobra proti zlu. Ak prijmeme t\u00fato \u010dasov\u00fa ohrani\u010denos\u0165 ako kone\u010dn\u00fa, teda, aj ohrani\u010denos\u0165 duchovn\u00fa, cie\u013e svojho \u00fasilia nem\u00f4\u017eeme dovidie\u0165 a nem\u00f4\u017eeme sa spr\u00e1vne orientova\u0165, lebo n\u00e1m ch\u00fdbaj\u00fa z\u00e1kladn\u00e9 oporn\u00e9 body. Nevieme, odkia\u013e ideme a kam, nevieme, \u010di sa vz\u010fa\u013eujeme alebo vraciame. V tejto z\u00e1kladnej orient\u00e1cii n\u00e1m pr\u00edrodn\u00e9 vedy kompas neposkytn\u00fa. A zdevastovan\u00e9 myslenie plod\u00ed nielen devast\u00e1ciu \u017eivotn\u00e9ho prostredia, ale aj vn\u00fatorn\u00e9ho \u017eivota \u010dloveka. V \u0148om sa devast\u00e1cia prejavuje ochromen\u00edm v\u0161e\u013eudsk\u00fdch ide\u00e1lov v\u00a0mene materi\u00e1lneho blahobytu \u013eudstva, ktor\u00fd by nikdy nebol blahobytom pre v\u0161etk\u00fdch. Iba pre silnej\u0161\u00edch. Odpove\u010fou na na\u0161u z\u00e1kladn\u00fa ot\u00e1zku je vsadenie na \u0161ancu duchovna.<\/p>\n","protected":false},"excerpt":{"rendered":"<div class=\"mh-excerpt\"><p>Existuj\u00fa univerz\u00e1lne ot\u00e1zky, ktor\u00e9 znepokojuj\u00fa \u010dloveka od \u010dias, ke\u010f si za\u010dal uvedomova\u0165 svoje miesto na tejto plan\u00e9te a v kozme. Medzi ne patr\u00ed najm\u00e4 ot\u00e1zka ako sa vyrovna\u0165 s faktom smrte\u013enosti, ot\u00e1zka poslania \u013eudskej \u010dinnosti <a class=\"mh-excerpt-more\" href=\"http:\/\/skalickyobzor.sk\/cms\/zakladna-otazka-bytia\/\" title=\"Z\u00e1kladn\u00e1 ot\u00e1zka bytia\">[&#8230;]<\/a><\/p>\n<\/div>","protected":false},"author":10,"featured_media":916,"comment_status":"closed","ping_status":"closed","sticky":false,"template":"","format":"standard","meta":{"footnotes":""},"categories":[8],"tags":[],"class_list":{"0":"post-2949","1":"post","2":"type-post","3":"status-publish","4":"format-standard","5":"has-post-thumbnail","7":"category-obzor-seniorov"},"_links":{"self":[{"href":"http:\/\/skalickyobzor.sk\/cms\/wp-json\/wp\/v2\/posts\/2949","targetHints":{"allow":["GET"]}}],"collection":[{"href":"http:\/\/skalickyobzor.sk\/cms\/wp-json\/wp\/v2\/posts"}],"about":[{"href":"http:\/\/skalickyobzor.sk\/cms\/wp-json\/wp\/v2\/types\/post"}],"author":[{"embeddable":true,"href":"http:\/\/skalickyobzor.sk\/cms\/wp-json\/wp\/v2\/users\/10"}],"replies":[{"embeddable":true,"href":"http:\/\/skalickyobzor.sk\/cms\/wp-json\/wp\/v2\/comments?post=2949"}],"version-history":[{"count":2,"href":"http:\/\/skalickyobzor.sk\/cms\/wp-json\/wp\/v2\/posts\/2949\/revisions"}],"predecessor-version":[{"id":2951,"href":"http:\/\/skalickyobzor.sk\/cms\/wp-json\/wp\/v2\/posts\/2949\/revisions\/2951"}],"wp:featuredmedia":[{"embeddable":true,"href":"http:\/\/skalickyobzor.sk\/cms\/wp-json\/wp\/v2\/media\/916"}],"wp:attachment":[{"href":"http:\/\/skalickyobzor.sk\/cms\/wp-json\/wp\/v2\/media?parent=2949"}],"wp:term":[{"taxonomy":"category","embeddable":true,"href":"http:\/\/skalickyobzor.sk\/cms\/wp-json\/wp\/v2\/categories?post=2949"},{"taxonomy":"post_tag","embeddable":true,"href":"http:\/\/skalickyobzor.sk\/cms\/wp-json\/wp\/v2\/tags?post=2949"}],"curies":[{"name":"wp","href":"https:\/\/api.w.org\/{rel}","templated":true}]}}