{"id":2952,"date":"2020-01-06T19:07:31","date_gmt":"2020-01-06T18:07:31","guid":{"rendered":"http:\/\/skalickyobzor.sk\/cms\/?p=2952"},"modified":"2020-01-06T19:25:49","modified_gmt":"2020-01-06T18:25:49","slug":"su-medzi-nami-bol-raz-julius-koreszka","status":"publish","type":"post","link":"http:\/\/skalickyobzor.sk\/cms\/su-medzi-nami-bol-raz-julius-koreszka\/","title":{"rendered":"S\u00fa medzi nami &#8211; bol raz J\u00falius Koreszka"},"content":{"rendered":"<p><strong><em>Cyklus osobn\u00fdch spomienok na sl\u00e1vne, v\u00fdznamn\u00e9 a\u00a0v\u00fdnimo\u010dn\u00e9 osobnosti, ktor\u00e9 ste stret\u00e1vali a\u00a0mnoh\u00fdch e\u0161te dnes stret\u00e1vate v\u00a0skalick\u00fdch uliciach, dnes za\u010d\u00edname spomienkou pani Krakovskej na to, ako sl\u00e1vny akademick\u00fd maliar ma\u013eoval ich dom.<\/em><\/strong><\/p>\n<p>Spomienku na J\u00faliusa Koreszku vo mne o\u017eivil sprievodca, ktor\u00fd n\u00e1s sprev\u00e1dzal jeho v\u00fdstavou po\u010das Skalick\u00fdch dn\u00ed. Narodila som sa 11. 11. 1940 v\u00a0Skalici a\u00a0vyrastala som v\u00a0dome, ktor\u00fd sa nach\u00e1dzal \u201ePod mestskou z\u010fou\u201c. Ke\u010f som mala asi desa\u0165 rokov, tak sa oproti n\u00e1\u0161mu domu rozlo\u017eil m\u00f4j ob\u013e\u00faben\u00fd akademick\u00fd maliar J\u00falius Koreszka, aby ho zve\u010dnil vo svojom obraze. Ke\u010f\u017ee ma asi zaujal, tak som pri \u0148om sed\u00e1vala a\u00a0obdivovala jeho umenie.<\/p>\n<p>\u010co si pam\u00e4t\u00e1m, tak to bol ve\u013emi pr\u00edjemn\u00fd p\u00e1n a\u00a0ja som mu hovorila \u201ep\u00e1n maliar\u201c. Sledovala ho ako sa n\u00e1\u0161 dom menil na pekn\u00fd obraz. Ja som bola zhovor\u010div\u00e1 ako ka\u017ed\u00e9 decko, ke\u010f som sa nie\u010do op\u00fdtala, tak mi odpovedal s\u00a0\u00fasmevom. Pam\u00e4t\u00e1m si, \u017ee som ho upozornila, aby nezabudol nama\u013eova\u0165 Panenku M\u00e1riu, ktor\u00fa sme tam mali za sklom. Dokonca sa pam\u00e4t\u00e1m, ke\u010f som ho upozornila, \u017ee moja mamka ma\u013euje t\u00fa obrovn\u00e1vku modrej\u0161iu. Ve\u010f, aby to bolo ako m\u00e1 by\u0165. Viem, \u017ee asi bol r\u00e1d, ke\u010f som tam sedela, v\u017edy sa na m\u0148a usmieval. Jedno poobedie som bola v\u00a0\u0161kole, tak som pri \u0148om nesedela. Ke\u010f som ho na druh\u00fd de\u0148 zbadala, znova som si prisadla. Op\u00fdtal sa: \u201eA\u00a0kde si bola v\u010dera?\u201c Povedala som: \u201eNo, v\u00a0\u0161kole, lebo my sa u\u010d\u00edme r\u00e1no aj poobede.\u201c<\/p>\n<p>Moje spomienky na mil\u00e9ho akademick\u00e9ho maliara p\u00e1na Koreszku mi ostali na cel\u00fd \u017eivot. Neviem, \u010di mi nejako prir\u00e1stol k\u00a0srdcu, no otcovi som povedala, \u017ee by som chcela, aby mi ten obraz k\u00fapil. Ke\u010f bola v\u00a0Skalici v\u00fdstava jeho obrazov, otec sa bol pozrie\u0165 a\u00a0hovoril, \u017ee je nepredajn\u00fd. Ve\u013emi ma to mrzelo, lebo tak\u00fd dom u\u017e nikde neuvid\u00edm. Tak sa aj stalo. Rodi\u010dia ho obnovili, no dnes u\u017e tam nestoj\u00ed. Je z\u00a0neho len mal\u00e1 zr\u00facanina.<\/p>\n<p><em>Spom\u00ednala Helena Krakovsk\u00e1,<\/em><br \/>\n<em>roden\u00e1 \u0160pal\u00edkov\u00e1<\/em><\/p>\n<figure id=\"attachment_2954\" aria-describedby=\"caption-attachment-2954\" style=\"width: 809px\" class=\"wp-caption aligncenter\"><img loading=\"lazy\" decoding=\"async\" class=\"size-full wp-image-2954\" src=\"http:\/\/skalickyobzor.sk\/cms\/wp-content\/uploads\/2020\/01\/httpswww.webumenia.sk_.jpg\" alt=\"\" width=\"809\" height=\"708\" srcset=\"http:\/\/skalickyobzor.sk\/cms\/wp-content\/uploads\/2020\/01\/httpswww.webumenia.sk_.jpg 809w, http:\/\/skalickyobzor.sk\/cms\/wp-content\/uploads\/2020\/01\/httpswww.webumenia.sk_-300x263.jpg 300w, http:\/\/skalickyobzor.sk\/cms\/wp-content\/uploads\/2020\/01\/httpswww.webumenia.sk_-768x672.jpg 768w\" sizes=\"auto, (max-width: 809px) 100vw, 809px\" \/><figcaption id=\"caption-attachment-2954\" class=\"wp-caption-text\">Zdroj: webumenia.sk<\/figcaption><\/figure>\n<hr \/>\n<p><em>Foto: Dva obrazy z\u00a0diela J\u00faliusa Koreszku, ktor\u00e9 zobrazuj\u00fa domy pri mestsk\u00fdch hradb\u00e1ch. Bohu\u017eia\u013e, ani jeden z\u00a0nich nie je obraz z\u00a0dne\u0161n\u00e9ho pr\u00edbehu, nepodarilo sa n\u00e1m ho objavi\u0165 ani po dlhom p\u00e1tran\u00ed (pozn. redakcie).<\/em><\/p>\n","protected":false},"excerpt":{"rendered":"<div class=\"mh-excerpt\"><p>Cyklus osobn\u00fdch spomienok na sl\u00e1vne, v\u00fdznamn\u00e9 a\u00a0v\u00fdnimo\u010dn\u00e9 osobnosti, ktor\u00e9 ste stret\u00e1vali a\u00a0mnoh\u00fdch e\u0161te dnes stret\u00e1vate v\u00a0skalick\u00fdch uliciach, dnes za\u010d\u00edname spomienkou pani Krakovskej na to, ako sl\u00e1vny akademick\u00fd maliar ma\u013eoval ich dom. Spomienku na J\u00faliusa Koreszku <a class=\"mh-excerpt-more\" href=\"http:\/\/skalickyobzor.sk\/cms\/su-medzi-nami-bol-raz-julius-koreszka\/\" title=\"S\u00fa medzi nami &#8211; bol raz J\u00falius Koreszka\">[&#8230;]<\/a><\/p>\n<\/div>","protected":false},"author":39,"featured_media":2953,"comment_status":"closed","ping_status":"closed","sticky":false,"template":"","format":"standard","meta":{"footnotes":""},"categories":[4],"tags":[],"class_list":{"0":"post-2952","1":"post","2":"type-post","3":"status-publish","4":"format-standard","5":"has-post-thumbnail","7":"category-ja-su-ze-skalice"},"_links":{"self":[{"href":"http:\/\/skalickyobzor.sk\/cms\/wp-json\/wp\/v2\/posts\/2952","targetHints":{"allow":["GET"]}}],"collection":[{"href":"http:\/\/skalickyobzor.sk\/cms\/wp-json\/wp\/v2\/posts"}],"about":[{"href":"http:\/\/skalickyobzor.sk\/cms\/wp-json\/wp\/v2\/types\/post"}],"author":[{"embeddable":true,"href":"http:\/\/skalickyobzor.sk\/cms\/wp-json\/wp\/v2\/users\/39"}],"replies":[{"embeddable":true,"href":"http:\/\/skalickyobzor.sk\/cms\/wp-json\/wp\/v2\/comments?post=2952"}],"version-history":[{"count":1,"href":"http:\/\/skalickyobzor.sk\/cms\/wp-json\/wp\/v2\/posts\/2952\/revisions"}],"predecessor-version":[{"id":2955,"href":"http:\/\/skalickyobzor.sk\/cms\/wp-json\/wp\/v2\/posts\/2952\/revisions\/2955"}],"wp:featuredmedia":[{"embeddable":true,"href":"http:\/\/skalickyobzor.sk\/cms\/wp-json\/wp\/v2\/media\/2953"}],"wp:attachment":[{"href":"http:\/\/skalickyobzor.sk\/cms\/wp-json\/wp\/v2\/media?parent=2952"}],"wp:term":[{"taxonomy":"category","embeddable":true,"href":"http:\/\/skalickyobzor.sk\/cms\/wp-json\/wp\/v2\/categories?post=2952"},{"taxonomy":"post_tag","embeddable":true,"href":"http:\/\/skalickyobzor.sk\/cms\/wp-json\/wp\/v2\/tags?post=2952"}],"curies":[{"name":"wp","href":"https:\/\/api.w.org\/{rel}","templated":true}]}}