{"id":2964,"date":"2020-01-06T19:08:30","date_gmt":"2020-01-06T18:08:30","guid":{"rendered":"http:\/\/skalickyobzor.sk\/cms\/?p=2964"},"modified":"2020-01-06T19:25:55","modified_gmt":"2020-01-06T18:25:55","slug":"na-kalvarce","status":"publish","type":"post","link":"http:\/\/skalickyobzor.sk\/cms\/na-kalvarce\/","title":{"rendered":"Na kalvarce"},"content":{"rendered":"<p>Na Kalvarce, na temto historick\u00e9m m\u00eds\u0165e Skalice, sem s kamar\u00e1dama pro\u017eil jak chalan hod\u0148e \u010dasu. Bilo to tak\u00e9 na\u0161e hri\u0161\u0165e na kopci. Nebil tam e\u0161\u0165e postaven\u00ed Dom smutku a tak sme sa pri pam\u00e1tnej velkej lipje alebo na vrch\u0148i\u010dce hr\u00e1vali na chitan\u00fa alebo guli\u010dki do \u010fu\u010dki. Fodbal sme hr\u00e1vali z hadr\u00e1kem. Bil to bal\u00f3n viroben\u00ed s pan\u010dochi napl\u0148enej pilinama. Nekedi sme i\u0161li hr\u00e1t hnet ze \u0161koli a kabele n\u00e1m posl\u00fa\u017eili jak br\u00e1nki. Hr\u00e1vali sme vje\u010din\u00fa boski, lebo tak\u00e9 teniski jak s\u00fa dneskaj, tenkr\u00e1t nebili. J\u00e1 sem nebil dobr\u00ed fodbalista a ket sa mi nepodarilo trefit do hadr\u00e1ku, ale do zemi, bilo dohr\u00e1te, lebo palec sem mjel hnet modr\u00ed jak svaz\u00e1ck\u00fa ko\u0161elu.<\/p>\n<p>V zimje, ket napadlo s\u0148ehu, bila dobr\u00e1 sa\u0148ova\u010dka. No gde inde jak na Kalvarce? Jez\u010fili sme z vrch\u0148i\u010dki do pr\u00edkopi a t\u00e9\u0161 s kopca sv. Jura. J\u00e1 sem mjel mal\u00e9 kovov\u00e9 sa\u0148e, ale hod\u0148e \u010fecek jez\u010filo na plechov\u00edch lav\u00f3roch. Pritem ale z\u00e1bali ruki, lebo lav\u00f3r sa musel z boku r\u00e1d\u0148e dr\u017eat a k\u00e1rovat. Li\u017ee mjel enom negdo a e\u0161\u0165e Milo\u0161 Kubi\u0161 \u2013 ten jez\u010fil na d\u00fa\u0161koch z be\u010dki, ker\u00e9 si \u0161pag\u00e1tem priv\u00e1zal na bagance.<\/p>\n<p>Proto\u017ee bilo kr\u00e1tko po voj\u0148e, \u010dasto sme sa hr\u00e1vali na voj\u00e1k\u00fa. Ket popr\u0161alo, \u010felali sme si z\u00a0mokrej hlini gule a\u00a0h\u00e1zali s\u0148ima po sebje. Bilo n\u00e1m nekedi vinadan\u00e9 do pra\u0161\u00e1\u0148\u00fa, lebo sa stalo aj to, \u017ee gula zale\u0165ela a\u0161 na cinter, gde bili lud\u00e9. Na kopcoch bilo hod\u0148e kr\u00ed\u010dk\u00fa s\u00a0hust\u00edm t\u0155\u0148\u00edm a\u00a0to bil dobr\u00ed ter\u00e9n na vojnov\u00e9 hri. Mjeli sme vibudovan\u00e9 aj bunkre na \u00fakrit pro\u0165i nepr\u00edtelovi. Enom n\u00e1\u0161 nepr\u00edtel u\u017e bili \u010fecka z\u00a0druh\u00e9ho konca mjesta.<\/p>\n<p>P\u00ed\u0161u enom to, co sem v\u00a0mojem \u017eivo\u0165e vi\u010fel, \u010dul a\u00a0za\u017eil.<\/p>\n<p><em>Miloslav Tom\u0161ej st.,<\/em><br \/>\n<em>Skali\u010dan \u0165elem aj du\u0161\u00fa<\/em><\/p>\n","protected":false},"excerpt":{"rendered":"<div class=\"mh-excerpt\"><p>Na Kalvarce, na temto historick\u00e9m m\u00eds\u0165e Skalice, sem s kamar\u00e1dama pro\u017eil jak chalan hod\u0148e \u010dasu. Bilo to tak\u00e9 na\u0161e hri\u0161\u0165e na kopci. Nebil tam e\u0161\u0165e postaven\u00ed Dom smutku a tak sme sa pri pam\u00e1tnej velkej <a class=\"mh-excerpt-more\" href=\"http:\/\/skalickyobzor.sk\/cms\/na-kalvarce\/\" title=\"Na kalvarce\">[&#8230;]<\/a><\/p>\n<\/div>","protected":false},"author":17,"featured_media":17,"comment_status":"closed","ping_status":"closed","sticky":false,"template":"","format":"standard","meta":{"footnotes":""},"categories":[4],"tags":[],"class_list":{"0":"post-2964","1":"post","2":"type-post","3":"status-publish","4":"format-standard","5":"has-post-thumbnail","7":"category-ja-su-ze-skalice"},"_links":{"self":[{"href":"http:\/\/skalickyobzor.sk\/cms\/wp-json\/wp\/v2\/posts\/2964","targetHints":{"allow":["GET"]}}],"collection":[{"href":"http:\/\/skalickyobzor.sk\/cms\/wp-json\/wp\/v2\/posts"}],"about":[{"href":"http:\/\/skalickyobzor.sk\/cms\/wp-json\/wp\/v2\/types\/post"}],"author":[{"embeddable":true,"href":"http:\/\/skalickyobzor.sk\/cms\/wp-json\/wp\/v2\/users\/17"}],"replies":[{"embeddable":true,"href":"http:\/\/skalickyobzor.sk\/cms\/wp-json\/wp\/v2\/comments?post=2964"}],"version-history":[{"count":2,"href":"http:\/\/skalickyobzor.sk\/cms\/wp-json\/wp\/v2\/posts\/2964\/revisions"}],"predecessor-version":[{"id":2966,"href":"http:\/\/skalickyobzor.sk\/cms\/wp-json\/wp\/v2\/posts\/2964\/revisions\/2966"}],"wp:featuredmedia":[{"embeddable":true,"href":"http:\/\/skalickyobzor.sk\/cms\/wp-json\/wp\/v2\/media\/17"}],"wp:attachment":[{"href":"http:\/\/skalickyobzor.sk\/cms\/wp-json\/wp\/v2\/media?parent=2964"}],"wp:term":[{"taxonomy":"category","embeddable":true,"href":"http:\/\/skalickyobzor.sk\/cms\/wp-json\/wp\/v2\/categories?post=2964"},{"taxonomy":"post_tag","embeddable":true,"href":"http:\/\/skalickyobzor.sk\/cms\/wp-json\/wp\/v2\/tags?post=2964"}],"curies":[{"name":"wp","href":"https:\/\/api.w.org\/{rel}","templated":true}]}}