{"id":2983,"date":"2020-01-06T19:16:47","date_gmt":"2020-01-06T18:16:47","guid":{"rendered":"http:\/\/skalickyobzor.sk\/cms\/?p=2983"},"modified":"2025-01-31T00:03:39","modified_gmt":"2025-01-30T23:03:39","slug":"tajomstvo-troch-kralov","status":"publish","type":"post","link":"http:\/\/skalickyobzor.sk\/cms\/tajomstvo-troch-kralov\/","title":{"rendered":"Tajomstvo troch kr\u00e1\u013eov"},"content":{"rendered":"<p><em><strong>Kr\u00e1snymi sviatkami pred koncom roka, oslavuj\u00facimi narodenie Krista, viano\u010dn\u00fd pr\u00edbeh nekon\u010d\u00ed. Jeho ve\u013ekou epiz\u00f3dou je sviatok Troch kr\u00e1\u013eov, \u010di Zjavenia p\u00e1na, ktor\u00fd sl\u00e1vime 6. janu\u00e1ra.<\/strong><\/em><\/p>\n<p>Na rozdiel od samotn\u00fdch Vianoc, kde sa p\u00e1tranie a\u00a0pochybnosti s\u00fastre\u010fuj\u00fa na d\u00e1tum, ktor\u00fd bol nieko\u013ekokr\u00e1t sp\u00e4tne dopo\u010d\u00edtavan\u00fd v\u00a0s\u00favislosti s\u00a0rozvojom historick\u00e9ho i\u00a0vedeck\u00e9ho poznania, pri Troch kr\u00e1\u013eoch je ot\u00e1zok mnoho. Najd\u00f4le\u017eitej\u0161\u00edmi z\u00a0nich s\u00fa: kto skuto\u010dne boli, odkia\u013e pri\u0161li a\u00a0\u010do bolo z\u00a0astronomick\u00e9ho poh\u013eadu sl\u00e1vnou Betlehemskou hviezdou. K\u00a0tejto t\u00e9me vy\u0161lo mnoho pr\u00e1c a\u00a0aj ich zhrnutie s\u00a0argumentami je na dos\u0165 objemn\u00fa knihu. Tak\u017ee, iba stru\u010dne.<\/p>\n<h3>K\u00a0+ M + B<\/h3>\n<p>Tri p\u00edsmen\u00e1 zdobia po sviatku Troch kr\u00e1\u013eov z\u00e1rubne dver\u00ed po celej krajine. Celkom prvopl\u00e1novo sa pon\u00faka ich de\u0161ifrovanie ako inici\u00e1ly mien Ka\u0161par, Melichar a Baltaz\u00e1r, spojen\u00e9 plusmi do jedn\u00e9ho celku. Len\u017ee nejde ani o men\u00e1, ani o matematick\u00e9 znamienka. Znamenie je s\u00edce skratkou, ale skratkou slov Christus mansionem benedicat \u2013 Kristus \u017eehnaj tomuto domu. Koniec koncov, kr\u00e1li boli t\u00fdmito menami ozna\u010den\u00ed a\u017e v 5. storo\u010d\u00ed. A znamienka plus s\u00fa v skuto\u010dnosti kr\u00ed\u017eikmi (vo chv\u00edli, ke\u010f sa stali plusmi, tak tret\u00ed vypadol) a predstavuj\u00fa Najsv\u00e4tej\u0161iu Trojicu \u2013 Otca, Syna a Ducha Sv\u00e4t\u00e9ho.<\/p>\n<figure id=\"attachment_2987\" aria-describedby=\"caption-attachment-2987\" style=\"width: 509px\" class=\"wp-caption aligncenter\"><img loading=\"lazy\" decoding=\"async\" class=\"size-full wp-image-2987\" src=\"http:\/\/skalickyobzor.sk\/cms\/wp-content\/uploads\/2020\/01\/kmb.jpg\" alt=\"\" width=\"509\" height=\"339\" \/><figcaption id=\"caption-attachment-2987\" class=\"wp-caption-text\">Zdroj: internet<\/figcaption><\/figure>\n<h3>KO\u013dKO VLASTNE KR\u00c1\u013dOV BOLO?<\/h3>\n<p>V s\u00favislosti s trojkr\u00e1\u013eovou legendou je jasn\u00e9, \u017ee na cestu k miestu, kde mali n\u00e1js\u0165 pr\u00e1ve naroden\u00e9ho spasite\u013ea sveta a \u013eudstva, vyrazili traja kr\u00e1li, mudrci, m\u00e1govia, astrol\u00f3govia, \u010di, ak chcete, tak k\u0148azi e\u0161te celkom inej viery. Prv\u00fa zmienku o\u00a0nich n\u00e1jdeme v\u00a0evanjeliu sv. Mat\u00fa\u0161a, ktor\u00fd ich spom\u00edna ako jedin\u00fd. Nehovor\u00ed v\u0161ak ani o\u00a0kr\u00e1\u013eoch (naz\u00fdva ich Magi, teda, mn\u00edch perzsk\u00e9ho n\u00e1bo\u017eenstva zoroastrizmus), ani o\u00a0tom ko\u013eko ich bolo. Na niektor\u00fdch star\u00fdch vyobrazeniach ich bola i\u00a0cel\u00e1 skupina. U\u00a0Mat\u00fa\u0161a dokonca e\u0161te nemaj\u00fa ani svoje men\u00e1, tie sa objavuj\u00fa a\u017e v\u00a06. storo\u010d\u00ed. Nesk\u00f4r z\u00edskali postupne e\u0161te vlastnosti, hodnosti, p\u00f4vod i\u00a0farbu pleti.<\/p>\n<h3>DE\u0147 D, HODINA H<\/h3>\n<p>Smer a\u00a0miesto vy\u010d\u00edtali z\u00a0hviezd a\u00a0skr\u00e1tenou verziou je, \u017ee nasledovali hviezdu, ktor\u00e1 ich viedla priamo do Betlehema. Aby bolo mno\u017en\u00e9 v\u00f4bec h\u013eada\u0165, \u010do vlastne bolo tou hviezdou, treba pozna\u0165 presne \u010das, v\u00a0ktorom sa udalos\u0165 odohr\u00e1vala. Mo\u017eno to znie neuverite\u013ene, no u\u017e d\u00e1vno pred na\u0161\u00edm letopo\u010dtom existovali pomerne presn\u00e9 astronomick\u00e9 tabu\u013eky. V\u010faka poznaniu dr\u00e1h a\u00a0cyklick\u00fdch pohybov nebesk\u00fdch telies bolo mo\u017en\u00e9 (a\u00a0dnes je u\u017e ove\u013ea presnej\u0161ie) ur\u010di\u0165 stav oblohy nad na\u0161ou hlavou v\u00a0konkr\u00e9tnu dobu. Ako prv\u00fd sa pok\u00fasil sp\u00e4tne ur\u010di\u0165 \u010das Kristovho narodenia op\u00e1t kl\u00e1\u0161tora v\u00a0R\u00edme Dionysius Exiguus v\u00a0roku 532. Dopustil sa v\u0161ak nieko\u013ek\u00fdch ch\u00fdb, predov\u0161etk\u00fdm v\u00a0prepo\u010dtoch medzi r\u00f4znymi kalend\u00e1rmi, a\u00a0pod\u013ea \u010fal\u0161\u00edch v\u00fdskumov a\u00a0spr\u00e1vnych prepo\u010dtov mal Je\u017ei\u0161 v\u00a0na\u0161om kres\u0165anskom roku nula u\u017e pekn\u00fdch sedem rokov &#8230;<\/p>\n<figure id=\"attachment_2989\" aria-describedby=\"caption-attachment-2989\" style=\"width: 609px\" class=\"wp-caption aligncenter\"><img loading=\"lazy\" decoding=\"async\" class=\"size-full wp-image-2989\" src=\"http:\/\/skalickyobzor.sk\/cms\/wp-content\/uploads\/2020\/01\/dionysius-exiguus-3de5d3d6-559f-44f2-9ca4-04ec1ec2df0-resize-750.jpg\" alt=\"\" width=\"609\" height=\"619\" srcset=\"http:\/\/skalickyobzor.sk\/cms\/wp-content\/uploads\/2020\/01\/dionysius-exiguus-3de5d3d6-559f-44f2-9ca4-04ec1ec2df0-resize-750.jpg 609w, http:\/\/skalickyobzor.sk\/cms\/wp-content\/uploads\/2020\/01\/dionysius-exiguus-3de5d3d6-559f-44f2-9ca4-04ec1ec2df0-resize-750-295x300.jpg 295w\" sizes=\"auto, (max-width: 609px) 100vw, 609px\" \/><figcaption id=\"caption-attachment-2989\" class=\"wp-caption-text\">Dionysius Exiguus<br \/>Zdroj: internet<\/figcaption><\/figure>\n<h3>PROROCTVO TREBA NAPLNI\u0164<\/h3>\n<p>Samotn\u00e1 hviezda hr\u00e1 pri naroden\u00ed \u017eidovsk\u00e9ho Mesi\u00e1\u0161a d\u00f4le\u017eit\u00fa \u00falohu, preto\u017ee to, \u017ee \u201ejasn\u00e1 hviezda na oblohe ozn\u00e1mi jeho pr\u00edchod\u201c bolo s\u00fa\u010das\u0165ou staroz\u00e1konn\u00e9ho proroctva a, teda, aj jedn\u00fdm zo znamen\u00ed, \u017ee t\u00fdmto mesi\u00e1\u0161om je pr\u00e1ve Kristus. Na oblohe bola ve\u013emi dobre vidite\u013en\u00e1 po dlh\u00fd \u010das a tak mohla spo\u013eahlivo ur\u010dova\u0165 smer a\u017e do Betlehema na konci viac ako tis\u00edckilometrovej cesty, ktor\u00fa traja kr\u00e1li z Perzie prekonali. Ist\u00e9 v\u0161ak je, \u017ee v skuto\u010dnosti to nebola hviezda.<\/p>\n<h3>TEDA, \u010cO SVIETILO NA CESTU?<\/h3>\n<p>Na prv\u00fd poh\u013ead je odpove\u010f jasn\u00e1. V\u00eddame ju ka\u017ed\u00e9 Vianoce na v\u0161emo\u017en\u00fdch zobrazeniach sc\u00e9ny kla\u0148ania sa troch mu\u017eov mal\u00e9mu die\u0165a\u0165u v jasli\u010dk\u00e1ch. V nich na to v\u0161etko svieti kom\u00e9ta. V skuto\u010dnosti s n\u00e1padom, \u017ee by Betlehemskou hviezdou mohla by\u0165 pr\u00e1ve kom\u00e9ta, pri\u0161iel a\u017e taliansky maliar Giotto di Bondone (1267-1337). Ten sa pri ma\u013eovan\u00ed fresky Kla\u0148anie pre kaplnku Scrovegni v Padove nechal in\u0161pirova\u0165 svoj\u00edm osobn\u00fdm pozorovan\u00edm Halleyovej kom\u00e9ty a pov\u00fd\u0161il kr\u00e1sny vesm\u00edrny objekt na jedno z najsl\u00e1vnej\u0161\u00edch znamen\u00ed v hist\u00f3rii. Nama\u013eoval ju nad jasli\u010dky a tam ostala dodnes.<\/p>\n<p>V skuto\u010dnosti sa v\u0161ak nad Betlehemom mohla objavi\u0165 bu\u010f v roku 12 pr. n. l. alebo potom a\u017e v roku 66. Tak\u017ee, kom\u00e9ta vypad\u00e1va z hry, i ke\u010f zo zobrazen\u00ed ju u\u017e asi nedostane nikto. \u010eal\u0161ou mo\u017enos\u0165ou je v\u00fdbuch supernovy. Hovor\u00edme o objekte z plazmy, ktor\u00fd pre f\u00faziu vy\u010derpal z\u00e1sobu vlastn\u00e9ho paliva a za\u010dal sa zmr\u0161\u0165ova\u0165 silou vlastnej gravit\u00e1cie, \u010di o bielom trpasl\u00edkovi, ktor\u00fd prekro\u010dil hmotnostn\u00fa medzu. V oboch pr\u00edpadoch nasleduje obrovsk\u00e1 expl\u00f3zia, dlho a ve\u013emi dobre pozorovate\u013en\u00e1. Probl\u00e9mom te\u00f3rie je, \u017ee v obdob\u00ed, ktor\u00e9 by sme pre jej potvrdenie potrebovali, k \u017eiadnemu v\u00fdbuchu supernovy na severnej oblohe nepri\u0161lo.<\/p>\n<h3>V\u00cd\u0164AZ \u2013 TRI V\u00a0JEDNOM<\/h3>\n<p>Nev\u0161edn\u00fd nebesk\u00fd \u00fakaz, ktor\u00fd najv\u00e1\u017enej\u0161ie a\u0161piruje na titul n\u00e1\u0161ho znamenia, je konjunkcia (tesn\u00e9 pribl\u00ed\u017eenie, na poh\u013ead a\u017e splynutie) plan\u00e9t Jupiter a Saturn s Mesiacom. V roku 1603 pozoroval v Prahe opakovanie tohto javu jeden z najsl\u00e1vnej\u0161\u00edch astron\u00f3mov, Nemec Johannes Kepler. Ke\u010f vypo\u010d\u00edtal tento jav sp\u00e4tne, pri\u0161iel k roku 7 pr. n. l., kedy k tomu pri\u0161lo dokonca trikr\u00e1t po sebe a to dokonca v s\u00fahvezd\u00ed R\u00fdb, ktor\u00e9 je s\u00fahvezd\u00edm \u017eidovsk\u00e9ho n\u00e1roda. Konkr\u00e9tne 29. m\u00e1ja, 30. septembra a 7. decembra. V\u010faka posadnutosti babylonsk\u00fdch astrol\u00f3gov v\u0161etko zaznamen\u00e1va\u0165, bola v\u00a0roku 1925 vykopan\u00e1 dvetis\u00edc rokov star\u00e1 hlinen\u00e1 tabu\u013eka s\u00a0priamym svedectvom Keplerov\u00fdch v\u00fdpo\u010dtov.<\/p>\n<figure id=\"attachment_2993\" aria-describedby=\"caption-attachment-2993\" style=\"width: 638px\" class=\"wp-caption aligncenter\"><img loading=\"lazy\" decoding=\"async\" class=\"size-full wp-image-2993\" src=\"http:\/\/skalickyobzor.sk\/cms\/wp-content\/uploads\/2020\/01\/myrha.jpg\" alt=\"\" width=\"638\" height=\"598\" srcset=\"http:\/\/skalickyobzor.sk\/cms\/wp-content\/uploads\/2020\/01\/myrha.jpg 638w, http:\/\/skalickyobzor.sk\/cms\/wp-content\/uploads\/2020\/01\/myrha-300x281.jpg 300w\" sizes=\"auto, (max-width: 638px) 100vw, 638px\" \/><figcaption id=\"caption-attachment-2993\" class=\"wp-caption-text\">Balzamovn\u00edk myrhov\u00fd<br \/>Zdroj: internet<\/figcaption><\/figure>\n<h3>TRAD\u00cdCIE, TRAD\u00cdCIE<\/h3>\n<p>Okrem \u017eehnania obydl\u00ed a\u00a0ich ozna\u010dovania sv\u00e4tenou kriedou sa k\u00a0tomuto sviatku via\u017ee mno\u017estvo povier a\u00a0ritu\u00e1lov. Patr\u00ed k\u00a0nim i\u00a0samotn\u00e1 sv\u00e4ten\u00e1 krieda, ktor\u00e1 mala ma\u0165 ochrann\u00fa silu proti urieknutiu. Preto ju napr\u00edklad \u017eeny v\u00a0\u0161estonedel\u00ed nosili na krku, vkladala sa de\u0165om do kol\u00edsky a\u00a0rozomlet\u00e1 sa prid\u00e1vala dobytku do krmiva. Po\u017eehnan\u00e1 voda zase chr\u00e1nila obydlia pred oh\u0148om, ochra\u0148ovala v\u010delstvo a\u00a0stromom zaru\u010dovala dobr\u00fa \u00farodu. Pr\u00e1ve v\u00a0tento de\u0148 sa obydlia vydymovali kadidlom proti zl\u00fdm duchom a\u00a0pod\u013ea toho, ako r\u00fdchlo komu odhorievala svieca, ktor\u00fa zap\u00e1lil, sa ve\u0161tila d\u013a\u017eka \u017eivota. V\u00a0minulosti k\u00a0ve\u013ek\u00fdm trad\u00edci\u00e1m patrili trojkr\u00e1\u013eov\u00e9 sprievody. Po nich nastalo obdobie k\u013eudu, ktor\u00e9 trvalo a\u017e do fa\u0161iangov.<\/p>\n<h3>VYBRA\u0164 SI TO NAJLEP\u0160IE<\/h3>\n<p>Pod\u013ea legendy napokon Traja kr\u00e1li dorazili k\u00a0cie\u013eu cesty a\u00a0priniesli mal\u00e9mu spasite\u013eovi to najcennej\u0161ie \u2013 zlato, kadidlo a\u00a0myrhu. S\u00a0odstupom dvoch tis\u00edcro\u010d\u00ed vyberaj\u00fa naopak dobrovo\u013en\u00edci na Trojkr\u00e1\u013eov\u00fa zbierku veci, \u010falej sl\u00fa\u017eiace \u013eu\u010fom v\u00a0n\u00fadzi. My\u0161lienka je na prv\u00fd poh\u013ead \u00fapln\u00fdm protikladom toho, k\u00a0\u010domu pri\u0161lo pri stretnut\u00ed v\u00a0Betleheme, no v\u00a0skuto\u010dnosti je len z\u00fa\u017een\u00e1 na to najpodstatnej\u0161ie, \u017ee t\u00ed, \u010do maj\u00fa, d\u00e1vaj\u00fa t\u00fdm, ktor\u00ed nemaj\u00fa takmer ni\u010d. Nez\u00e1le\u017e\u00ed na d\u00f4vodoch, ktor\u00e9 n\u00e1s k\u00a0tomu ved\u00fa. Ka\u017ed\u00fdm tak\u00fdmto krokom sme v\u0161ak vo svojich o\u010diach bli\u017e\u0161ie k\u00a0spaseniu.<\/p>\n<p style=\"text-align: center;\"><em>&#8222;My traja kr\u00e1li ideme k\u00a0V\u00e1m,<\/em><br \/>\n<em>\u0161\u0165astie, zdravie, vin\u0161ujeme V\u00e1m.<\/em><br \/>\n<em>\u010ealeko je cesta Va\u0161a?<\/em><br \/>\n<em>Do Betl\u00e9ma myse\u013e na\u0161a.<\/em><br \/>\n<em>\u010co\u017ee ty \u010dierny stoj\u00ed\u0161 vzadu,<\/em><br \/>\n<em>vystrkuje\u0161 na n\u00e1s bradu?<\/em><br \/>\n<em>Ej, ja nie som \u017eiaden \u010dierny,<\/em><br \/>\n<em>som len od slnka op\u00e1len\u00fd.<\/em><br \/>\n<em>Slnko je toho pr\u00ed\u010dina,<\/em><br \/>\n<em>\u017ee je moja tv\u00e1r op\u00e1len\u00e1.<\/em><br \/>\n<em>Keby\u00b4s\u00a0na slnko nechodil,<\/em><br \/>\n<em>nebol by\u00b4s\u00a0sa tak op\u00e1lil.<\/em><br \/>\n<em>Mali\u010dk\u00e9 sme zavinuli,<\/em><br \/>\n<em>do jasli\u010diek ulo\u017eili.<\/em><br \/>\n<em>Dobre sa tu m\u00e1vajte,<\/em><br \/>\n<em>s\u00a0P\u00e1nom Bohom b\u00fdvajte.&#8220;<\/em><\/p>\n","protected":false},"excerpt":{"rendered":"<div class=\"mh-excerpt\"><p>Kr\u00e1snymi sviatkami pred koncom roka, oslavuj\u00facimi narodenie Krista, viano\u010dn\u00fd pr\u00edbeh nekon\u010d\u00ed. Jeho ve\u013ekou epiz\u00f3dou je sviatok Troch kr\u00e1\u013eov, \u010di Zjavenia p\u00e1na, ktor\u00fd sl\u00e1vime 6. janu\u00e1ra. Na rozdiel od samotn\u00fdch Vianoc, kde sa p\u00e1tranie a\u00a0pochybnosti s\u00fastre\u010fuj\u00fa <a class=\"mh-excerpt-more\" href=\"http:\/\/skalickyobzor.sk\/cms\/tajomstvo-troch-kralov\/\" title=\"Tajomstvo troch kr\u00e1\u013eov\">[&#8230;]<\/a><\/p>\n<\/div>","protected":false},"author":15,"featured_media":17,"comment_status":"closed","ping_status":"closed","sticky":false,"template":"","format":"standard","meta":{"footnotes":""},"categories":[2],"tags":[],"class_list":{"0":"post-2983","1":"post","2":"type-post","3":"status-publish","4":"format-standard","5":"has-post-thumbnail","7":"category-hlavna-tema"},"_links":{"self":[{"href":"http:\/\/skalickyobzor.sk\/cms\/wp-json\/wp\/v2\/posts\/2983","targetHints":{"allow":["GET"]}}],"collection":[{"href":"http:\/\/skalickyobzor.sk\/cms\/wp-json\/wp\/v2\/posts"}],"about":[{"href":"http:\/\/skalickyobzor.sk\/cms\/wp-json\/wp\/v2\/types\/post"}],"author":[{"embeddable":true,"href":"http:\/\/skalickyobzor.sk\/cms\/wp-json\/wp\/v2\/users\/15"}],"replies":[{"embeddable":true,"href":"http:\/\/skalickyobzor.sk\/cms\/wp-json\/wp\/v2\/comments?post=2983"}],"version-history":[{"count":8,"href":"http:\/\/skalickyobzor.sk\/cms\/wp-json\/wp\/v2\/posts\/2983\/revisions"}],"predecessor-version":[{"id":5733,"href":"http:\/\/skalickyobzor.sk\/cms\/wp-json\/wp\/v2\/posts\/2983\/revisions\/5733"}],"wp:featuredmedia":[{"embeddable":true,"href":"http:\/\/skalickyobzor.sk\/cms\/wp-json\/wp\/v2\/media\/17"}],"wp:attachment":[{"href":"http:\/\/skalickyobzor.sk\/cms\/wp-json\/wp\/v2\/media?parent=2983"}],"wp:term":[{"taxonomy":"category","embeddable":true,"href":"http:\/\/skalickyobzor.sk\/cms\/wp-json\/wp\/v2\/categories?post=2983"},{"taxonomy":"post_tag","embeddable":true,"href":"http:\/\/skalickyobzor.sk\/cms\/wp-json\/wp\/v2\/tags?post=2983"}],"curies":[{"name":"wp","href":"https:\/\/api.w.org\/{rel}","templated":true}]}}