{"id":3137,"date":"2020-03-08T10:07:12","date_gmt":"2020-03-08T09:07:12","guid":{"rendered":"http:\/\/skalickyobzor.sk\/cms\/?p=3137"},"modified":"2020-03-08T10:20:26","modified_gmt":"2020-03-08T09:20:26","slug":"spoluzak-frautek","status":"publish","type":"post","link":"http:\/\/skalickyobzor.sk\/cms\/spoluzak-frautek\/","title":{"rendered":"Spolu\u017e\u00e1k Frautek"},"content":{"rendered":"<p>Do mje\u0161\u0165anskej \u0161koli to bilo pro mja enom p\u00e1r krok\u00fa pres ulicu. Mjel sem \u0161\u0165es\u0165\u00ed a r\u00e1no sem sa mohel v\u00e1lat f pelechu d\u00e9lej jak spolu\u017e\u00e1ci s Predmjes\u0165\u00e1 alebo s Tr\u00e1v\u0148\u00edk\u00fa, ker\u00ed moseli st\u00e1vat o moc sk\u00farej a tak mi aj z\u00e1vi\u010feli. Ale mjel sem aj smolu. Cho\u010fili sme do \u0161koli a\u0161 devjet rok\u00fa, lebo n\u00e1s nezas\u0165ihel nov\u00ed \u0161kolsk\u00ed sist\u00e9m osemro\u010dki. F\u0161ec\u00ed sme frflali, \u017ee e\u0161\u010de rok mos\u00edme \u201cpa ruski gavari\u0165\u201d a\u00a0t\u00e9\u0161 sa u\u00a0tabule po\u0165it pri plusoch a\u00a0m\u00ednusoch. Na tito roki \u0161tud\u00edrov\u00e1\u0148\u00e1 m\u00e1m nekolik zauj\u00edmav\u00edch srandov\u0148\u00edch spom\u00ednek.<\/p>\n<p>Tak s nama do tr\u00eddi cho\u010fil aj Fera Vojtech, kter\u00ed mjel prez\u00edfku Frautek. Bil tak trochu samot\u00e1r a dobro\u010fejek v jednej osobje. Nav\u00edc bil to tak\u00ed mal\u00ed zlo\u010fej\u00ed\u010dek. Ket sa neco ve \u0161koli stra\u0165ilo alebo pokazilo, \u010dasto bil na vi\u0148e Frautek. Nekedi do \u0161koli do\u0161el u\u0161mudlan\u00ed a pa\u0148i u\u010ditelka ho poslala na dv\u00far ke stud\u0148i sa umit, lebo v tr\u00edd\u00e1ch e\u0161\u010de umivadla nebili. Nekedi Fera co mohel to pot\u00e1hel. V\u00a0cukr\u00e1r\u0148i u\u00a0\u017dabkovsk\u00edch r\u00e1s, ket tam bilo v\u00edcej lu\u010f\u00ed, uchmatel t\u00e1cku s\u00a0kr\u00e9me\u0161ama a\u00a0den\u00e1\u0161 pre\u010d. Bil aj tak\u00ed k\u0161eft\u00e1r a\u00a0zra\u010fil n\u00e1m, \u017ee chcel kr\u00e9me\u0161e vimje\u0148it za kr\u00e1l\u00edka. Fer\u00faf otec sa to dozvje\u010fel a\u00a0Fera dostal bitku ret\u00e1sk\u00fa, na kerej bila uv\u00e1zan\u00e1 koza. Potom n\u00e1m na \u0165elocviku uk\u00e1zal chrbet, ker\u00ed mjel p\u00e1skovan\u00ed jak tri\u010dko Pepka n\u00e1mor\u0148\u00edka. Ale, naopak zas nebil lakom\u00ed a\u00a0r\u00e1t sa ze f\u0161el\u00ed\u010d\u00edm po\u010felil. Pros\u0165e bil to dobr\u00ed kamar\u00e1t.<\/p>\n<p>Na ho\u010fi\u0148e ru\u0161\u0165ini n\u00e1s u\u010dila mlad\u00e1, pjekn\u00e1 u\u010ditelka z Hol\u00ed\u010da, volala sa Bend\u00edkov\u00e1. Feru sme nav\u00e9dli, abi sa \u00ed zrc\u00e1tkem po\u010f\u00edval pot suk\u0148u. Priv\u00e1zal si zrc\u00e1tko na tenisku a prihl\u00e1sil sa, \u017ee nerozum\u00ed jak\u00e9si rusk\u00e9 slov\u00ed\u010dko. Pa\u0148i u\u010ditelka nebila enom pjekn\u00e1, ale aj pohotov\u00e1, lebo velice fri\u0161ko zis\u0165ila, co m\u00e1 za lubem. Nevi\u010fel teda \u0148ic, ale u\u0161lo sa mu p\u00e1r pohlafk\u00fa, dvojka s chov\u00e1\u0148\u00e1 a doma zase bitka. Co ale bilo u \u0148eho zvl\u00e1\u0161t\u0148\u00ed, bil velice dobr\u00ed na matematiku. Ket mu negdo dal pr\u00edklad na n\u00e1sobe\u0148\u00ed a vipo\u010d\u00edtan\u00e9 \u010d\u00edslo mjel hnet vi\u010felit, tak sa nachv\u00edlku za\u010f\u00edval kamsi do \u0148eba a povje\u010fel z hlavi spr\u00e1vn\u00ed v\u00edsledek. Toto sa o \u0148em vje\u010felo ve \u0161koli, ale aj v mjes\u0165e. Proto\u017ee bil tak dobr\u00ed na po\u010dti, Frautek vi\u0161tudoval a robil \u00fakol\u00e1ra u Pozemn\u00edch staveb ve Skalici. Tak v\u00edm, \u017ee ka\u017ed\u00ed m\u00e1 v \u017eivo\u0165e m\u00edsto, ker\u00e9 si nakonec najde, alebo, ker\u00e9 si najde jeho.<\/p>\n<p>P\u00ed\u0161u enom to, co sem v\u00a0mojem \u017eivo\u0165e vi\u010fel, \u010dul a\u00a0za\u017eil.<\/p>\n<p><em>Miloslav Tom\u0161ej st.,<\/em><br \/>\n<em>Skali\u010dan \u0165elem aj du\u0161\u00fa<\/em><\/p>\n","protected":false},"excerpt":{"rendered":"<div class=\"mh-excerpt\"><p>Do mje\u0161\u0165anskej \u0161koli to bilo pro mja enom p\u00e1r krok\u00fa pres ulicu. Mjel sem \u0161\u0165es\u0165\u00ed a r\u00e1no sem sa mohel v\u00e1lat f pelechu d\u00e9lej jak spolu\u017e\u00e1ci s Predmjes\u0165\u00e1 alebo s Tr\u00e1v\u0148\u00edk\u00fa, ker\u00ed moseli st\u00e1vat o <a class=\"mh-excerpt-more\" href=\"http:\/\/skalickyobzor.sk\/cms\/spoluzak-frautek\/\" title=\"Spolu\u017e\u00e1k Frautek\">[&#8230;]<\/a><\/p>\n<\/div>","protected":false},"author":17,"featured_media":17,"comment_status":"closed","ping_status":"closed","sticky":false,"template":"","format":"standard","meta":{"footnotes":""},"categories":[4],"tags":[],"class_list":{"0":"post-3137","1":"post","2":"type-post","3":"status-publish","4":"format-standard","5":"has-post-thumbnail","7":"category-ja-su-ze-skalice"},"_links":{"self":[{"href":"http:\/\/skalickyobzor.sk\/cms\/wp-json\/wp\/v2\/posts\/3137","targetHints":{"allow":["GET"]}}],"collection":[{"href":"http:\/\/skalickyobzor.sk\/cms\/wp-json\/wp\/v2\/posts"}],"about":[{"href":"http:\/\/skalickyobzor.sk\/cms\/wp-json\/wp\/v2\/types\/post"}],"author":[{"embeddable":true,"href":"http:\/\/skalickyobzor.sk\/cms\/wp-json\/wp\/v2\/users\/17"}],"replies":[{"embeddable":true,"href":"http:\/\/skalickyobzor.sk\/cms\/wp-json\/wp\/v2\/comments?post=3137"}],"version-history":[{"count":2,"href":"http:\/\/skalickyobzor.sk\/cms\/wp-json\/wp\/v2\/posts\/3137\/revisions"}],"predecessor-version":[{"id":3139,"href":"http:\/\/skalickyobzor.sk\/cms\/wp-json\/wp\/v2\/posts\/3137\/revisions\/3139"}],"wp:featuredmedia":[{"embeddable":true,"href":"http:\/\/skalickyobzor.sk\/cms\/wp-json\/wp\/v2\/media\/17"}],"wp:attachment":[{"href":"http:\/\/skalickyobzor.sk\/cms\/wp-json\/wp\/v2\/media?parent=3137"}],"wp:term":[{"taxonomy":"category","embeddable":true,"href":"http:\/\/skalickyobzor.sk\/cms\/wp-json\/wp\/v2\/categories?post=3137"},{"taxonomy":"post_tag","embeddable":true,"href":"http:\/\/skalickyobzor.sk\/cms\/wp-json\/wp\/v2\/tags?post=3137"}],"curies":[{"name":"wp","href":"https:\/\/api.w.org\/{rel}","templated":true}]}}