{"id":3225,"date":"2020-04-01T22:04:28","date_gmt":"2020-04-01T20:04:28","guid":{"rendered":"http:\/\/skalickyobzor.sk\/cms\/?p=3225"},"modified":"2020-09-16T19:01:43","modified_gmt":"2020-09-16T17:01:43","slug":"rapkace-neodlietaju-do-rima","status":"publish","type":"post","link":"http:\/\/skalickyobzor.sk\/cms\/rapkace-neodlietaju-do-rima\/","title":{"rendered":"Rapk\u00e1\u010de neodlietaj\u00fa do R\u00edma"},"content":{"rendered":"<p>V\u00a0izbe mestsk\u00e9ho hl\u00e1snika, ktor\u00fa mo\u017eno e\u0161te st\u00e1le vidie\u0165 vo ve\u017ei skalick\u00e9ho Farsk\u00e9ho kostola sv. Michala, le\u017e\u00ed ve\u013ek\u00fd dreven\u00fd rapk\u00e1\u010d. Jeho zvuk pr\u00e1ve v\u00a0\u010dase p\u00f4stu nahr\u00e1dzal zvony, ktor\u00e9 zm\u013akli a\u00a0\u201eodleteli do R\u00edma\u201c. Hlavn\u00fdm tu v\u0161ak bol samotn\u00fd hl\u00e1snik. V\u00a0s\u00favislosti so st\u00e1le platn\u00fdm letn\u00fdm \u010dasom sme v\u00a0minulom\u00a0\u010d\u00edsle venovali samostatn\u00fd \u010dl\u00e1nok posunu hod\u00edn. Keby e\u0161te st\u00e1le oznamoval \u010das mestsk\u00fd hl\u00e1snik, bol by v\u00a0tej chv\u00edli ve\u013emi d\u00f4le\u017eitou osobou. On bol, teda, svojho \u010dasu d\u00f4le\u017eit\u00fd aj\u00a0tak. Dnes patr\u00ed k\u00a0zaniknut\u00fdm povolaniam, no po cel\u00e9 st\u00e1ro\u010dia b\u00fdval neodmyslite\u013enou s\u00fa\u010das\u0165ou \u017eivota aj v\u00a0Skalici. Z\u00e1kladn\u00e9 inform\u00e1cie pre obraz o\u00a0pr\u00e1ci a\u00a0trad\u00edci\u00e1ch hl\u00e1snikov n\u00e1m zaslal Marek Vysko\u010d a\u00a0pre Skalick\u00fd Obzor sme ich doplnili o\u00a0\u010fal\u0161ie, ktor\u00e9 sa n\u00e1m podarilo z\u00edska\u0165 z\u00a0in\u00fdch zdrojov.<\/p>\n<h3>SKALICK\u00dd HL\u00c1SNIK \u2013\u00a0ZABUDNUT\u00c9 POVOLANIE<\/h3>\n<p>O slu\u017ebe skalick\u00fdch mestsk\u00fdch hl\u00e1snikov, ak chcete ponocn\u00fdch, dnes u\u017e len m\u00e1lokto vie viac ako to, \u017ee existovali. Boli v\u0161ak nielen d\u00f4le\u017eitou s\u00fa\u010das\u0165ou behu \u017eivota v meste, ale aj osobitou kapitolou jeho pies\u0148ovej a slovnej trad\u00edcie. Zo z\u00e1znamov a spomienok s\u00fa\u010dasn\u00edkov a z historick\u00fdch prame\u0148ov sa m\u00f4\u017eeme dozvedie\u0165, \u010do bolo ich \u00falohou a \u010do bolo vlastne n\u00e1pl\u0148ou ich slu\u017eby. D\u00f4le\u017eitou s\u00fa\u010das\u0165ou okrem hl\u00e1senia \u010dasu bola toti\u017e i funkcia akejsi bezpe\u010dnostnej slu\u017eby a hliadkovanie pred po\u017eiarmi, ktor\u00e9 v Skalici podporoval \u010dast\u00fd siln\u00fd vietor. V takom po\u010das\u00ed prech\u00e1dzali hl\u00e1snici mestom a spevom vyz\u00fdvali k pohotovosti. Vtedy znelo: \u201eOpatrujte vodu, ohe\u0148, by nebyl \u017e\u00e1dn\u00e9mu \u0161koden!\u201c Kronika hovor\u00ed, <em>\u017ee po\u010das po\u017eiaru vyvesia popla\u0161n\u00fa z\u00e1stavu, v noci s laternou v t\u00fa stranu, kde po\u017eiar z\u00fari, a hlaholom zvonov d\u00e1vaj\u00fa znamenie, jak siln\u00fd je ten po\u017eiar. Po\u010det \u00faderov na zvon oznamuje ve\u013ekos\u0165 po\u017eiaru.<\/em> Miestna trad\u00edcia a\u00a0siln\u00e9 slovensk\u00e9 povedomie sa zasl\u00fa\u017eili o\u00a0to, \u017ee po\u010das ma\u010fariz\u00e1cie, koncom 19. storo\u010dia, hl\u00e1snici na\u010falej vyvol\u00e1vali po slovensky. Ofici\u00e1lny pr\u00edkaz nahradi\u0165 spev p\u00edskan\u00edm na p\u00ed\u0161\u0165alke nepre\u017eil pre odpor miestnych obyvate\u013eov dlh\u0161ie ako dva roky.<\/p>\n<p><img loading=\"lazy\" decoding=\"async\" class=\"aligncenter size-full wp-image-3227\" src=\"http:\/\/skalickyobzor.sk\/cms\/wp-content\/uploads\/2020\/03\/hlasna-truba.jpg\" alt=\"\" width=\"1475\" height=\"1008\" srcset=\"http:\/\/skalickyobzor.sk\/cms\/wp-content\/uploads\/2020\/03\/hlasna-truba.jpg 1475w, http:\/\/skalickyobzor.sk\/cms\/wp-content\/uploads\/2020\/03\/hlasna-truba-300x205.jpg 300w, http:\/\/skalickyobzor.sk\/cms\/wp-content\/uploads\/2020\/03\/hlasna-truba-1024x700.jpg 1024w, http:\/\/skalickyobzor.sk\/cms\/wp-content\/uploads\/2020\/03\/hlasna-truba-768x525.jpg 768w\" sizes=\"auto, (max-width: 1475px) 100vw, 1475px\" \/><\/p>\n<h3>SVEDECTVO PAM\u00c4TN\u00cdKOV<\/h3>\n<p>Ve\u013emi zauj\u00edmav\u00e9 inform\u00e1cie a zoznam ich zdrojov priniesol \u010dasopis Z\u00e1horie, ktor\u00fd vyd\u00e1va Z\u00e1horsk\u00e9 m\u00fazeum v Skalici. Hana Urbancov\u00e1 vo svojom texte predstavuje \u010desk\u00e9ho folkloristu Hynka B\u00edma (1874 \u2013 1958). Ten p\u00f4sobil na Morave a v\u010faka porovn\u00e1vaniu trad\u00edci\u00ed a kult\u00farnych zvykov na moravsko-slovenskom pohrani\u010d\u00ed vznikol i jeho rukopis \u201eO hl\u00e1sn\u00edc\u00edch a hl\u00e1snick\u00fdch p\u00edsn\u00edch ze Skalice na Slovensku\u201c. Pr\u00e1ca poch\u00e1dza z roku 1935 a najvz\u00e1cnej\u0161ie na nej je, okrem mno\u017estva faktov a z\u00e1znamov, to, \u017ee sa opierala o vlastn\u00e9 pozorovania, rozpr\u00e1vania pam\u00e4tn\u00edkov a popisy \u013dudev\u00edta Tyr\u0161ela, ktor\u00e9ho naz\u00fdva \u017eivou skalickou kronikou. Hynek B\u00edm vo svojom rukopise p\u00ed\u0161e: <em>Od roku 1919 naslouchal jsem volan\u00ed hl\u00e1sn\u00edk\u016f ve Skalici na Slovensku a\u00a0pozna\u010dil jsem roku 1922 zp\u011bv hl\u00e1snika M\u00ed\u0161i Jana, 69-let\u00e9ho, roku 1931 zp\u011bv Hr\u00e1nka Pavla, 50-let\u00e9ho, a\u00a0roku 1934 zp\u011bv Hole\u010dka Pavla, 73-let\u00e9ho, P\u0159\u00edkazsk\u00e9ho Vojt\u011bcha, 71-let\u00e9ho, Krajsy Pavla, 63-let\u00e9ho, a\u00a0Podrazila Jana, 60-let\u00e9ho. Dv\u011b parodie t\u00e9to p\u00edsn\u011b zp\u00edval mn\u011b roku 1930 roln\u00edk ve Skalici Ivi\u010di\u010d Pavel, 46-let\u00fd, &#8230; Vol\u00e1n\u00ed hl\u00e1sn\u00edk\u016f ve Skalici, kter\u00e9 se a\u017e do roku 1935 udr\u017eelo, je p\u016fvodu velmi d\u00e1vn\u00e9ho. Zavedeno bylo pr\u00fd v\u00a0dob\u00e9 kolem roku 1500.<\/em><\/p>\n<figure id=\"attachment_3228\" aria-describedby=\"caption-attachment-3228\" style=\"width: 220px\" class=\"wp-caption aligncenter\"><img loading=\"lazy\" decoding=\"async\" class=\"size-full wp-image-3228\" src=\"http:\/\/skalickyobzor.sk\/cms\/wp-content\/uploads\/2020\/03\/img19041.jpg\" alt=\"\" width=\"220\" height=\"344\" srcset=\"http:\/\/skalickyobzor.sk\/cms\/wp-content\/uploads\/2020\/03\/img19041.jpg 220w, http:\/\/skalickyobzor.sk\/cms\/wp-content\/uploads\/2020\/03\/img19041-192x300.jpg 192w\" sizes=\"auto, (max-width: 220px) 100vw, 220px\" \/><figcaption id=\"caption-attachment-3228\" class=\"wp-caption-text\">Folklorista Hynek B\u00edm (1874 \u2013 1958), v\u00a0\u010dase, ke\u010f p\u00f4sobil v\u00a0Skalici<br \/>Zdroj: encyklopedie.brna.cz<\/figcaption><\/figure>\n<h3>M\u00c1GIA AKO S\u00da\u010cAS\u0164 PR\u00c1CE<\/h3>\n<p>Pravdepodobne tomuto \u010dasu je poplatn\u00fd i\u00a0s\u00fabor ritu\u00e1lov, ktor\u00e9 v\u00fdkon slu\u017eby hl\u00e1snikov sprev\u00e1dzali. Do v\u00fdbavy hl\u00e1snika patrila napr\u00edklad sv\u00e4ten\u00e1 krieda, ktor\u00e1 mala svoju d\u00f4le\u017eit\u00fa funkciu, ktor\u00fa B\u00edm objas\u0148uje: <em>O\u00a0p\u016flnoci d\u011bl\u00e1vali hl\u00e1sn\u00edci sv\u011bcenou k\u0159\u00eddou kruh, kdy\u017e vystoupily z\u00a0radnice na obch\u016fzku, t\u00edm zp\u016fsobem, \u017ee dr\u017e\u00edce sv\u011bcenou k\u0159\u00eddu v\u00a0ruce, to\u010dili se, kruh ve vzduchu kolem sebe opsali a\u00a0potom se p\u0159e\u017eehnali. M\u011bla to b\u00fdt jak\u00e1si ochrana proti zl\u00fdm duch\u016fm. To u\u010dinil hlasn\u00fd krom\u011b p\u016flnoci i\u00a0tehdy, kdy\u017e n\u011bco (n\u011bkoho) podez\u0159el\u00e9ho spat\u0159il. P\u016flnoc je pova\u017eov\u00e1na za hodinu duch\u016f, je to p\u0159echod mezi dnem a\u00a0noc\u00ed, a\u00a0proto hl\u00e1snici v\u00a0tuto dobu nevolaj\u00ed.<\/em><\/p>\n<figure id=\"attachment_3231\" aria-describedby=\"caption-attachment-3231\" style=\"width: 480px\" class=\"wp-caption aligncenter\"><img loading=\"lazy\" decoding=\"async\" class=\"size-full wp-image-3231\" src=\"http:\/\/skalickyobzor.sk\/cms\/wp-content\/uploads\/2020\/03\/87185202_495864228004682_6007966541893599232_n_CB.jpg\" alt=\"\" width=\"480\" height=\"640\" srcset=\"http:\/\/skalickyobzor.sk\/cms\/wp-content\/uploads\/2020\/03\/87185202_495864228004682_6007966541893599232_n_CB.jpg 480w, http:\/\/skalickyobzor.sk\/cms\/wp-content\/uploads\/2020\/03\/87185202_495864228004682_6007966541893599232_n_CB-225x300.jpg 225w\" sizes=\"auto, (max-width: 480px) 100vw, 480px\" \/><figcaption id=\"caption-attachment-3231\" class=\"wp-caption-text\">Kostol sv. Michala,<br \/>z\u00a0ochodze ve\u017ee hl\u00e1snici vyvol\u00e1vali sign\u00e1ly<br \/>Foto: Marek Vysko\u010d<\/figcaption><\/figure>\n<h3>O\u00a0\u010cOM HOVOR\u00cd KRONIKA<\/h3>\n<p>Pribli\u017ene v\u00a0rovnakej dobe (1933) bol v\u00a0skalickej kronike uroben\u00fd nasleduj\u00faci z\u00e1pis: <em>V\u00a0uliciach mesta a\u00a0na predmest\u00ed kon\u00e1 no\u010dn\u00ed slu\u017ebu (neuveden\u00fd po\u010det) hl\u00e1snikov, ktor\u00ed dost\u00e1vaj\u00fa po 60,\u2013 K\u010d mesa\u010dne. Za\u010d\u00ednaj\u00fa svoju slu\u017ebu od sv. Jura o\u00a010., od sv. Michala o\u00a09. hod. a\u00a0oznamuj\u00fa prv\u00fa hodinu takto: \u201eChval ka\u017ed\u00fd duch Hospodina i\u00a0Je\u017ei\u0161e jeho syna, uderila dev\u00e1t\u00e1 (des\u00e1t\u00e1) hodina. Oroduj za n\u00e1s Panno Maria. Hle\u010fle v\u0161eho bedliv\u00ed byli, ohe\u0148 v\u00a0dome opatrili. Pochv\u00e1len P\u00e1n Je\u017ei\u0161 Kristus.\u201c<\/em> Nasleduj\u00face hodiny hl\u00e1sia takto: <em>\u201eChv\u00e1l ka\u017ed\u00fd duch Hospodina i\u00a0Je\u017ei\u0161e jeho syna, uderila jeden\u00e1ct\u00e1 hodina. Oroduj za n\u00e1s Panno Maria. Uderila jeden\u00e1ct\u00e1 hodina. Pochv\u00e1len P\u00e1n Je\u017ei\u0161 Kristus.\u201c<\/em> V\u00a0zimnej dobe posledn\u00ed hodinu ohlasuj\u00fa \u0161tvrt\u00fa takto: <em>\u201eVstani vzh\u00faru du\u0161e v\u011brn\u00e1 k\u00a0pochv\u00e1len\u00ed Hospodina, uderila \u0161tvrt\u00e1 hodina. Oroduj za n\u00e1s Panno Maria. Vstani\u017e vzh\u00faru neme\u0161kali, P\u00e1nu Bohu pod\u00e9kovali, \u010des\u0165, chv\u00e1lu vzd\u00e1vali. Pochv\u00e1len P\u00e1n Je\u017ei\u0161 Kristus.\u201c<\/em> V\u00a0letnej dobe sa kon\u010d\u00ed ich slu\u017eba o\u00a0druhej hodine volan\u00edm rovnak\u00fdm ako v\u00a0ostatn\u00fdch no\u010dn\u00fdch hodin\u00e1ch. Na \u0160tef\u00e1na o\u00a0Vianociach obch\u00e1dzaj\u00fa po domoch a\u00a0spievaj\u00fa koledu, pri \u010dom spievaj\u00fa takto: <em>\u201eZv\u011bstujem v\u00e1m rados\u0165 prevelmi velik\u00fa, porodila Panna \u010distotu panensk\u00fa, kr\u00e1la nebesk\u00e9ho, chv\u00e1lme nebe\u0161tani p\u00e1na and\u011blsk\u00e9ho. Od d\u00e1vna prorokovali Mesi\u00e1\u0161a Krista, pri\u0161li, zv\u011bstovali. Posp\u00e9\u0161 a\u00a0zavitej ovinut\u00ed sv\u00e9ho \u017e\u00e1dostiv\u00fd.\u201c<\/em><\/p>\n<figure id=\"attachment_3232\" aria-describedby=\"caption-attachment-3232\" style=\"width: 480px\" class=\"wp-caption aligncenter\"><img loading=\"lazy\" decoding=\"async\" class=\"wp-image-3232 size-full\" src=\"http:\/\/skalickyobzor.sk\/cms\/wp-content\/uploads\/2020\/03\/86697752_3111561468856600_7200708900209819648_n_CB.jpg\" alt=\"\" width=\"480\" height=\"640\" srcset=\"http:\/\/skalickyobzor.sk\/cms\/wp-content\/uploads\/2020\/03\/86697752_3111561468856600_7200708900209819648_n_CB.jpg 480w, http:\/\/skalickyobzor.sk\/cms\/wp-content\/uploads\/2020\/03\/86697752_3111561468856600_7200708900209819648_n_CB-225x300.jpg 225w\" sizes=\"auto, (max-width: 480px) 100vw, 480px\" \/><figcaption id=\"caption-attachment-3232\" class=\"wp-caption-text\">Vstup a\u00a0izba hl\u00e1snika vo ve\u017ei kostola sv. Michala, foto: Marek Vysko\u010d<\/figcaption><\/figure>\n<p><img loading=\"lazy\" decoding=\"async\" class=\"aligncenter size-mhmagazinecontent wp-image-3233\" src=\"http:\/\/skalickyobzor.sk\/cms\/wp-content\/uploads\/2020\/03\/86937136_624522941694071_4166567479159554048_n_CB.jpg\" alt=\"\" width=\"640\" height=\"480\" srcset=\"http:\/\/skalickyobzor.sk\/cms\/wp-content\/uploads\/2020\/03\/86937136_624522941694071_4166567479159554048_n_CB.jpg 640w, http:\/\/skalickyobzor.sk\/cms\/wp-content\/uploads\/2020\/03\/86937136_624522941694071_4166567479159554048_n_CB-300x225.jpg 300w, http:\/\/skalickyobzor.sk\/cms\/wp-content\/uploads\/2020\/03\/86937136_624522941694071_4166567479159554048_n_CB-326x245.jpg 326w, http:\/\/skalickyobzor.sk\/cms\/wp-content\/uploads\/2020\/03\/86937136_624522941694071_4166567479159554048_n_CB-80x60.jpg 80w\" sizes=\"auto, (max-width: 640px) 100vw, 640px\" \/> <img loading=\"lazy\" decoding=\"async\" class=\"aligncenter size-mhmagazinecontent wp-image-3234\" src=\"http:\/\/skalickyobzor.sk\/cms\/wp-content\/uploads\/2020\/03\/87302106_3493304084073209_4243083086041972736_n_CB.jpg\" alt=\"\" width=\"640\" height=\"480\" srcset=\"http:\/\/skalickyobzor.sk\/cms\/wp-content\/uploads\/2020\/03\/87302106_3493304084073209_4243083086041972736_n_CB.jpg 640w, http:\/\/skalickyobzor.sk\/cms\/wp-content\/uploads\/2020\/03\/87302106_3493304084073209_4243083086041972736_n_CB-300x225.jpg 300w, http:\/\/skalickyobzor.sk\/cms\/wp-content\/uploads\/2020\/03\/87302106_3493304084073209_4243083086041972736_n_CB-326x245.jpg 326w, http:\/\/skalickyobzor.sk\/cms\/wp-content\/uploads\/2020\/03\/87302106_3493304084073209_4243083086041972736_n_CB-80x60.jpg 80w\" sizes=\"auto, (max-width: 640px) 100vw, 640px\" \/><\/p>\n<h3>\u017dIV\u00c9 HODINY<\/h3>\n<p>Ferdinand D\u00fabravsk\u00fd v\u00a0knihe Uhorsk\u00e1 Skalica z\u00a0roku 1921 p\u00ed\u0161e: <em>Kostol sv. Michala podr\u017eal si doposia\u013e i\u00a0t\u00fa zauj\u00edmavos\u0165, \u017ee na ve\u017ei (na pavla\u010di) s\u00fa doposia\u013e dvaja str\u00e1\u017enici, ktor\u00ed zamie\u0148ave vykon\u00e1vaj\u00fa bezpe\u010dnostn\u00fa slu\u017ebu a\u00a0bedlia nad bezpe\u010dnos\u0165ou mesta t\u00fdm, \u017ee nosia kontroln\u00e9 hodinky so sebou (predt\u00fdm hl\u00e1sali ka\u017ed\u00fa hodinu z\u00a0ve\u017ee s\u00a0\u201ePochv\u00e1len P\u00e1n Je\u017ei\u0161 Kristus\u201c na ka\u017edom rohu pavla\u010de. Ka\u017ed\u00fd m\u00e1 svoj pridelen\u00fd rayon a\u00a0mus\u00ed ho ka\u017ed\u00fa hodinu prejs\u0165, pri \u010dom spieva po ceste primeran\u00fa piese\u0148, ktor\u00e1 za\u010d\u00ed-na s\u00a0\u201ePochv\u00e1len P\u00e1n Je\u017ei\u0161 Kristus! Uderila (to\u013ek\u00e1 a\u00a0to\u013ek\u00e1) hodina\u201c, \u2014 a\u00a0potom pokra\u010dovanie na ka\u017ed\u00fa hodinu zvl\u00e1\u0161\u0165, a\u017e na ra\u0148ku zavznie \u201eVstani\u017e vzh\u00faru, du\u0161e v\u011brn\u00e1!\u201c, at\u010f. Zachovala sa doposia\u013e i\u00a0starod\u00e1vna oby\u010daj, \u017ee hl\u00e1snik na ve\u017ei vyvol\u00e1va ka\u017ed\u00fa zomret\u00fa osobu v\u00a0meste a\u00a0predmestiach a\u00a0zvon\u00ed \u201eumiera\u010dkom\u201c, na die\u0165a jeden odstavec, na \u017eensk\u00fa osobu dva, a\u00a0na mu\u017esk\u00fa tri odstavce, tak\u017ee obyvatelia m\u00f4\u017eu sa ka\u017ed\u00fd de\u0148 dozvedie\u0165, kto a\u00a0kde zomrel.<\/em><\/p>\n<p><img loading=\"lazy\" decoding=\"async\" class=\"aligncenter size-full wp-image-3235\" src=\"http:\/\/skalickyobzor.sk\/cms\/wp-content\/uploads\/2020\/03\/hlasenie.jpg\" alt=\"\" width=\"758\" height=\"1041\" srcset=\"http:\/\/skalickyobzor.sk\/cms\/wp-content\/uploads\/2020\/03\/hlasenie.jpg 758w, http:\/\/skalickyobzor.sk\/cms\/wp-content\/uploads\/2020\/03\/hlasenie-218x300.jpg 218w, http:\/\/skalickyobzor.sk\/cms\/wp-content\/uploads\/2020\/03\/hlasenie-746x1024.jpg 746w\" sizes=\"auto, (max-width: 758px) 100vw, 758px\" \/><\/p>\n<h3>Z\u00c1NIK PROFESIE<\/h3>\n<p>Hynek B\u00edm sa stal nielen d\u00f4le\u017eit\u00fdm svedkom odch\u00e1dzaj\u00facej profesie, ale napokon i\u00a0svedkom jej z\u00e1niku. Z\u00a0p\u00f4vodn\u00fdch \u0161iestich hl\u00e1snikov (\u0161tyroch pre mesto a\u00a0dvoch pre predmestia a\u00a0majery) u\u017e ostali v\u00a0\u010dase jeho v\u00fdskumu v\u00a0Skalici len traja. Striedavo jednu noc sl\u00fa\u017eili dvaja a\u00a0nasleduj\u00facu noc len jeden. V\u0161etko zah\u0155\u0148a jeho pozn\u00e1mka v\u00a0z\u00e1piskoch: <em>\u010casem se stalo hl\u00e1snictvo pro bezpe\u010dnost m\u011bsta celkem bezv\u00fdznamn\u00fdm a\u00a0udr\u017e\u00ed se jen do vym\u0159en\u00ed nyn\u011bj\u0161\u00edch 3 hl\u00e1sn\u00fdch.<\/em><br \/>\nA\u00a0tak aj bolo.<\/p>\n<p>&nbsp;<\/p>\n<p><em>Marek Vysko\u010d a\u00a0redakcia<\/em><\/p>\n","protected":false},"excerpt":{"rendered":"<div class=\"mh-excerpt\"><p>V\u00a0izbe mestsk\u00e9ho hl\u00e1snika, ktor\u00fa mo\u017eno e\u0161te st\u00e1le vidie\u0165 vo ve\u017ei skalick\u00e9ho Farsk\u00e9ho kostola sv. Michala, le\u017e\u00ed ve\u013ek\u00fd dreven\u00fd rapk\u00e1\u010d. Jeho zvuk pr\u00e1ve v\u00a0\u010dase p\u00f4stu nahr\u00e1dzal zvony, ktor\u00e9 zm\u013akli a\u00a0\u201eodleteli do R\u00edma\u201c. Hlavn\u00fdm tu v\u0161ak bol <a class=\"mh-excerpt-more\" href=\"http:\/\/skalickyobzor.sk\/cms\/rapkace-neodlietaju-do-rima\/\" title=\"Rapk\u00e1\u010de neodlietaj\u00fa do R\u00edma\">[&#8230;]<\/a><\/p>\n<\/div>","protected":false},"author":1,"featured_media":3226,"comment_status":"closed","ping_status":"closed","sticky":false,"template":"","format":"standard","meta":{"footnotes":""},"categories":[10],"tags":[],"class_list":{"0":"post-3225","1":"post","2":"type-post","3":"status-publish","4":"format-standard","5":"has-post-thumbnail","7":"category-zaujalo-nas"},"_links":{"self":[{"href":"http:\/\/skalickyobzor.sk\/cms\/wp-json\/wp\/v2\/posts\/3225","targetHints":{"allow":["GET"]}}],"collection":[{"href":"http:\/\/skalickyobzor.sk\/cms\/wp-json\/wp\/v2\/posts"}],"about":[{"href":"http:\/\/skalickyobzor.sk\/cms\/wp-json\/wp\/v2\/types\/post"}],"author":[{"embeddable":true,"href":"http:\/\/skalickyobzor.sk\/cms\/wp-json\/wp\/v2\/users\/1"}],"replies":[{"embeddable":true,"href":"http:\/\/skalickyobzor.sk\/cms\/wp-json\/wp\/v2\/comments?post=3225"}],"version-history":[{"count":3,"href":"http:\/\/skalickyobzor.sk\/cms\/wp-json\/wp\/v2\/posts\/3225\/revisions"}],"predecessor-version":[{"id":3236,"href":"http:\/\/skalickyobzor.sk\/cms\/wp-json\/wp\/v2\/posts\/3225\/revisions\/3236"}],"wp:featuredmedia":[{"embeddable":true,"href":"http:\/\/skalickyobzor.sk\/cms\/wp-json\/wp\/v2\/media\/3226"}],"wp:attachment":[{"href":"http:\/\/skalickyobzor.sk\/cms\/wp-json\/wp\/v2\/media?parent=3225"}],"wp:term":[{"taxonomy":"category","embeddable":true,"href":"http:\/\/skalickyobzor.sk\/cms\/wp-json\/wp\/v2\/categories?post=3225"},{"taxonomy":"post_tag","embeddable":true,"href":"http:\/\/skalickyobzor.sk\/cms\/wp-json\/wp\/v2\/tags?post=3225"}],"curies":[{"name":"wp","href":"https:\/\/api.w.org\/{rel}","templated":true}]}}