{"id":3288,"date":"2020-05-05T21:07:18","date_gmt":"2020-05-05T19:07:18","guid":{"rendered":"http:\/\/skalickyobzor.sk\/cms\/?p=3288"},"modified":"2020-05-05T21:03:28","modified_gmt":"2020-05-05T19:03:28","slug":"ja-su-vojnove-decko","status":"publish","type":"post","link":"http:\/\/skalickyobzor.sk\/cms\/ja-su-vojnove-decko\/","title":{"rendered":"J\u00e1 su \u201eVOJNOV\u00c9 \u010eECKO\u201c"},"content":{"rendered":"<p>Naro\u010fil sem sa v roku 1940 v Bra- \u0165islavje, ale cel\u00ed \u017eivot \u017eiju ve Skalici. J\u00e1, moja star\u0161\u00ed sestra, a ro\u010fi\u010d\u00e9 sme b\u00edvali na Blahovej ulici. N\u00e1\u0161 d\u00fam tam st\u00f3j\u00ed v nezmje\u0148enej podobje, dokonca aj pjekn\u00e1 br\u00e1na tam je furt. Doba bila zl\u00e1, vojnov\u00e9 roki. Skoro ka\u017ed\u00fa noc nad hlavama l\u00e9tali letadla a zvuki jejich \u0165a\u017ek\u00edch motor\u00fa n\u00e1m pom\u00e1li rozbijali skla na okn\u00e1ch. L\u00e9tali sematam, na v\u00edchod, na z\u00e1pad, na sever aj na juh.<\/p>\n<p>Ta\u0165inek bil zamjestnan\u00ed na okres\u0148\u00edm \u00fara\u010fe, maminka bila v dom\u00e1cnos\u0165i, starala sa o m\u0148a a o hid. Sestra cho\u010fila na \u0161kolu. Tata po\u010d\u00faval ka\u017ed\u00ed ve\u010d\u00e9r r\u00e1dio, abi vje\u010fel co sa gde \u010feje a kedi bude vojna aj u n\u00e1s. Bil Slovensk\u00ed \u0161t\u00e1t a prezident Tiso na vojnu nebral \u017eenat\u00edch a otc\u00fa. Tak vje\u010d\u0161ina chlap\u00fa bila doma a v robot\u00e1ch. Neker\u00ed bili nasa\u010fe\u0148\u00ed na pr\u00e1ce v \u0147emecku. Neker\u00e9 \u00fatr\u017eki z vojnov\u00edch \u010das\u00fa si pamat\u00e1m a\u017e tak od tich 4-5 rok\u00fa. Cho\u010f\u00edl sem do materskej-\u010feckej \u0161kolki ke Kobli\u017ekom, ker\u00e1 bila v tich m\u00edst\u00e1ch, gde je f\u010d\u00edl nemoc\u0148i\u010d\u0148\u00ed pohotovos\u0165. Cho\u010fili tam \u010fecka s\u00a0tejto \u010das\u0165i Skalice, ostat\u0148\u00ed cho\u010fili do \u0161kolki k\u00a0Vrchovsk\u00edm, alebo bili z\u00a0mamama doma.<\/p>\n<p>Ket za\u010dali v\u00a0pjeta\u0161tiric\u00e1t\u00e9m roku n\u00e1leti a\u00a0bombardova\u0148\u00ed, tak sme mjeli jednu tr\u00eddu v\u00a0b\u00edvalej hasi\u010dskej zbroj\u0148ici na Mal\u00e9m rinku, vedl\u00e1 n\u00e1rod\u0148\u00ed \u0161koli. \u0160koda, \u017ee u\u0161 je zb\u00faran\u00e1, bila to pjekn\u00e1 budova. Na krku sem mjel na \u0161\u0148\u00farce povjesen\u00ed popundeklov\u00ed kufr\u00edk a\u00a0v\u00a0\u0148em zlepen\u00ed s\u00e1dlem omas\u0165en\u00ed chleba. Ket za\u010dali h\u00fakat sir\u00e9ni, rozutekali sme, sk\u00e1kali sme aj oknama, ka\u017ed\u00ed \u010d\u00edm sk\u00far dom alebo dokritu. J\u00e1 sem to mjel najbl\u00ed\u017e po Jate\u010d\u0148\u00ed (zasranej) uli\u010dce, doma sme z\u00a0mam\u00fa vl\u00e9zli do sklepa, alebo ket nebil \u0148ikdo doma, sem utekal na Kalvarku a\u00a0tam sledoval jak bombardovali Hodon\u00edn. Spom\u00edn\u00e1m si jak jedenkr\u00e1t sem dobjehel dom a\u00a0mama mja hnala do sklepa. Padac\u00ed dvera bili \u0161pat\u0148e opr\u00edt\u00e9 o\u00a0s\u0165enu, co mjelo za n\u00e1sledek, \u017ee sami odsebja spadli, ozvala sa rana mama zakri\u010dala: \u201eJe\u017ei\u0161maria, mi sme zabit\u00ed\u201c. No, \u017eili sme.<\/p>\n<p>U s\u00fased\u00fa Reh\u00e1k\u00fa chlapi pod\u0161prajcovali sklep tr\u00e1mama a tam sme sa pri n\u00e1letoch skov\u00e1vali s\u00fase\u010fi, tri aj \u0161tiri ro\u010fini. Nekedi sme tam bili aj cel\u00fa noc. Sp\u00e1vali sme, jak sa dalo. Najhor\u0161\u00ed obdob\u00ed bilo od za\u010d\u00e1tku pjeta\u0161tiric\u00e1t\u00e9ho roka. V\u00a0domoch bili ubitova\u0148\u00ed nemeck\u00ed aj rumunsk\u00ed voj\u00e1ci. U\u00a0n\u00e1s bil tr\u00e9 rumunsk\u00ed ofic\u00edri a\u00a0jejich puc\u00e1k Andrej. Ofic\u00edri sp\u00e1vali v\u00a0pred\u0148\u00ed izbje a\u00a0puc\u00e1k na dek\u00e1ch pod kol\u0148\u00fa. Var\u00edval im u\u00a0n\u00e1s v\u00a0kuchi\u0148i na \u0161porhel\u0165e a\u00a0ket mjel pjek\u0148ej\u0161\u00ed k\u00fasek masa, aj mi d\u00e1l. Jedno pjekn\u00e9 dopoled\u0148a, mjel navaren\u00e9 a\u00a0opaloval sa na rozebranej kopje dreva na dvori. Zaspal, maminka nabrala do k\u00edbla vodu a\u00a0\u0161\u0155stla to na \u0148eho. Probr\u00e1l sa, cosi zahre\u0161\u00edl, no potom sa zasm\u00edl a\u00a0kop\u00e1l semn\u00fa bal\u00f3n.<\/p>\n<p>V marci 1945 bilo bombardov\u00e1\u0148\u00ed \u010das\u0165ej\u0161\u00ed. R\u00e1z, u\u0161 neskoro ve\u010d\u00e9r,to za\u010dalo hrmjet a mi sme utekali do sklepa. Stare\u010dek Reh\u00e1k zapomjeli na dvori zhasn\u00fat lampu. Vr\u00e1\u0165ili sa na dv\u00far a ftem negde bl\u00edsko spadla bomba. Tlakem vzduchu sa za \u0148ima zavreli sklepov\u00e9 dvera, o\u0148i sa lekli, arekli: \u201eNo, mohli bi ste aj pomal\u0161\u00ed valachovat.&#8220;Ve Skalici bilo aj hod\u0148e evakuant\u00fa z\u00a0Bra\u0165islavi a\u00a0odin\u00e1t. Pri jedn\u00e9m n\u00e1le\u0165e bili dvje alebo tri ro\u010fini skovan\u00e9 ve sklepje u\u00a0\u010cech\u00fa vedl\u00e1 \u017eidofskej modliteb\u0148e na Blahovej ulici podmjesk\u00fa z\u010f\u00fa. Ameri\u010da\u0148i mjeli \u0161patn\u00fa mu\u0161ku a\u00a0retazov\u00fa bombu neho\u010fili na nemeck\u00e9 zbra\u0148e, ale bomba dopadla na sklep. F\u0161ecko bilo rozmetan\u00e9 a\u00a0na\u0161i chlapi hned po n\u00e1le\u0165e i\u0161li zachra\u0148ovat zasipan\u00edch. M\u00faj ta\u0165inek r\u00edkal, \u017ee e\u0161te v\u00a0rujin\u00e1ch \u010d\u00fal \u010feck\u00ed hl\u00e1sek: \u201eMaminko, j\u00e1 sa dus\u00edm&#8220;, ale objavili sa dal\u0161\u00ed letadla, tak sa chlapi rozutekali skovat. Po p\u00fal ho\u010fi\u0148e sa im naskitel hrozn\u00ed obraz. Bilo tam tu\u0161\u00edm 11 mrtv\u00edch, mezi \u0148ima aj p\u00fal ro\u010d\u0148\u00ed \u010fe\u0165\u00e1tko aj s\u00a0ko\u010d\u00e1rem. Zostala tam cel\u00e1 ro\u010fina. Aj \u010fef\u010d\u00e1tko, ker\u00e9 sa dusilo, u\u017e ne\u017eilo aj s\u00a0jeho mamink\u00fa. U\u00a0n\u00e1s v\u00a0zahr\u00e1dce bilo p\u00e9r\u00e1, jak kebi padal s\u0148eh, ruk\u00e1f z\u00a0ko\u017een\u00e9ho kab\u00e1ta vis\u00e1l na hru\u0161ce, motiki, povje\u0161an\u00e9 na plo\u0165e bili pokr\u00fa\u0165en\u00e9 jak paragrafi. Bilo to stra\u0161n\u00e9. Tenkr\u00e1t spadla e\u0161\u010de jedna bomba na ulici, ale t\u00e1 nezabila \u0148ikoho, enom rozbila vr\u00e1ta a\u00a0zostala po \u0148\u00ed jama.<\/p>\n<p>Oslobo\u010fova\u0148\u00ed Skalice don\u00e9slo hod\u0148e obje\u0165\u00ed na jednej aj druhej stra\u0148e. Rusk\u00e9 vojsko \u00fato\u010d\u00edlo od Rado\u0161ovec a Mokr\u00e9ho H\u00e1ja. \u010eelostreleck\u00e1 a m\u00ednomet\u0148\u00ed palba bila ostr\u00e1. Na Wintoperku na\u0161li vinohrad\u0148\u00edci zabit\u00e9ho nemeck\u00e9ho voj\u00e1ka, ker\u00ed mjel asi 18 rok\u00fa. Mjel obut\u00e9 visok\u00e9 vojansk\u00e9 boti a po dal\u0161\u00ed strelbje ho na\u0161li u\u017e bez bot\u00fa. Nekomu sa ze\u0161li. No rohu Blahovej a Rinkov\u0148\u00ed (\u0160karniclovske) za\u010d\u00e1tkem apr\u00edla st\u00e1l m\u00faj ta\u0165inek a jeho tr\u00e9 kamar\u00e1\u010fi a debatovali. Maminka vi\u0161la na ulicu a rozehnala ich, abi sa na konci vojni nedali zabit. Roze\u0161li sa, na\u0161i zavreli br\u00e1nu a ozvala sa stra\u0161n\u00e1 rana. Na m\u00eds\u0165e, gde st\u00e1li, na\u0161li \u010felostreleck\u00edm gran\u00e1tem roztrhan\u00e9ho kamar\u00e1da, financa Stachovi\u010da. Ta\u0165inek mjel \u0161\u0165es\u0165\u00ed, \u017ee mamu poslech\u00e9l.<\/p>\n<p>Oslobo\u010fe\u0148\u00ed Skalice n\u00e1m do sklepa do\u0161\u00e9l ozn\u00e1mit sin tetki Jule Mirek. Pro n\u00e1s vojna vlast\u0148e skon\u010dila. Tetka Jula si klekli pred postel a modlili sa a \u010fekovali Rusom. Po ho\u010fi\u0148e do\u0161\u00e9l Mirek znova, povidal mamje, \u017ee s\u00fa oslobo\u010fe\u0148\u00ed aj od sla\u0148ini, s\u00e1dla, chleba. Tetka u\u0161 sa nemodlili a tak enom neco zakln\u00fali. M\u0148e maminka utrhla v zahra\u010fe ki\u0165i\u010dku petrkl\u00ed\u010da a j\u00e1 sem ich v Rinkov\u0148\u00ed ulici dal prv\u0148\u00edmu Rusovi, ker\u00e9ho sme stretli. Ten mja zebr\u00e1l, posa\u010fil si mja za krk a i\u0161\u00e9l na n\u00e1mjes\u0165\u00ed. Maminka utekala za \u0148\u00edm. On \u00ed neco po ruski pl\u00e9tel, \u017ee sa nem\u00e1 b\u00e1t, \u017ee on m\u00e1 doma tak\u00e9 tri \u010fe\u0165i.<br \/>\nU pom\u0148\u00edka padl\u00edch mjel cukr\u00e1r\u0148u p\u00e1n \u0160ablat\u00fara.<\/p>\n<p>Rusk\u00ed voj\u00e1k tam zebr\u00e1l pje\u0165ikilov\u00fa pikslu cukrov\u00e9ho a na ulici to rozd\u00e1val \u010feck\u00e1m. Po oslobo\u010fe\u0148\u00ed u n\u00e1s bila chv\u00edlu ubitovan\u00e1 rusk\u00e1 dochtorka, majorka. Chu\u010fina, bila \u0161pinav\u00e1, zav\u0161ivaven\u00e1 a maminka ju ho\u010finu drhla ve va\u0148i. Ket nebila doma, moja sestra nak\u00fakla do pred\u0148\u00ed izbi a\u00a0uvi\u010fela tam velik\u00ed vojansk\u00ed drevjen\u00ed kufr. Ze zvjedavos\u0165i ho otevrela a\u00a0ten bil pln\u00ed r\u00fazn\u00edch gomb\u00edk\u00fa. Setra jeden pap\u00edrek z\u00a0gomb\u00edkama zebrala. Ruska asi nato do\u0161la, lebo e\u0161\u010de ten de\u0148 dvera zatl\u00fakla hreb\u00edkama a\u00a0druh\u00e9 dvera si zatkla.<\/p>\n<p>No, bila to \u0165a\u0161k\u00e1 doba a\u00a0za\u017eili sme aj boles\u0165iv\u00e9 aj smje\u0161n\u00e9. Hod\u0148e sem si zapamatov\u00edl s\u00e1m a\u00a0neco spom\u00ednali ro\u010fi\u010d\u00e9. Chvalabohu, sn\u00e1d sa u\u017e vojni nedo\u017eijeme.<\/p>\n","protected":false},"excerpt":{"rendered":"<div class=\"mh-excerpt\"><p>Naro\u010fil sem sa v roku 1940 v Bra- \u0165islavje, ale cel\u00ed \u017eivot \u017eiju ve Skalici. J\u00e1, moja star\u0161\u00ed sestra, a ro\u010fi\u010d\u00e9 sme b\u00edvali na Blahovej ulici. N\u00e1\u0161 d\u00fam tam st\u00f3j\u00ed v nezmje\u0148enej podobje, dokonca aj <a class=\"mh-excerpt-more\" href=\"http:\/\/skalickyobzor.sk\/cms\/ja-su-vojnove-decko\/\" title=\"J\u00e1 su \u201eVOJNOV\u00c9 \u010eECKO\u201c\">[&#8230;]<\/a><\/p>\n<\/div>","protected":false},"author":12,"featured_media":17,"comment_status":"closed","ping_status":"closed","sticky":false,"template":"","format":"standard","meta":{"footnotes":""},"categories":[4],"tags":[],"class_list":{"0":"post-3288","1":"post","2":"type-post","3":"status-publish","4":"format-standard","5":"has-post-thumbnail","7":"category-ja-su-ze-skalice"},"_links":{"self":[{"href":"http:\/\/skalickyobzor.sk\/cms\/wp-json\/wp\/v2\/posts\/3288","targetHints":{"allow":["GET"]}}],"collection":[{"href":"http:\/\/skalickyobzor.sk\/cms\/wp-json\/wp\/v2\/posts"}],"about":[{"href":"http:\/\/skalickyobzor.sk\/cms\/wp-json\/wp\/v2\/types\/post"}],"author":[{"embeddable":true,"href":"http:\/\/skalickyobzor.sk\/cms\/wp-json\/wp\/v2\/users\/12"}],"replies":[{"embeddable":true,"href":"http:\/\/skalickyobzor.sk\/cms\/wp-json\/wp\/v2\/comments?post=3288"}],"version-history":[{"count":1,"href":"http:\/\/skalickyobzor.sk\/cms\/wp-json\/wp\/v2\/posts\/3288\/revisions"}],"predecessor-version":[{"id":3289,"href":"http:\/\/skalickyobzor.sk\/cms\/wp-json\/wp\/v2\/posts\/3288\/revisions\/3289"}],"wp:featuredmedia":[{"embeddable":true,"href":"http:\/\/skalickyobzor.sk\/cms\/wp-json\/wp\/v2\/media\/17"}],"wp:attachment":[{"href":"http:\/\/skalickyobzor.sk\/cms\/wp-json\/wp\/v2\/media?parent=3288"}],"wp:term":[{"taxonomy":"category","embeddable":true,"href":"http:\/\/skalickyobzor.sk\/cms\/wp-json\/wp\/v2\/categories?post=3288"},{"taxonomy":"post_tag","embeddable":true,"href":"http:\/\/skalickyobzor.sk\/cms\/wp-json\/wp\/v2\/tags?post=3288"}],"curies":[{"name":"wp","href":"https:\/\/api.w.org\/{rel}","templated":true}]}}