{"id":3291,"date":"2020-05-05T21:08:17","date_gmt":"2020-05-05T19:08:17","guid":{"rendered":"http:\/\/skalickyobzor.sk\/cms\/?p=3291"},"modified":"2020-05-05T21:03:33","modified_gmt":"2020-05-05T19:03:33","slug":"dvojite-stastie","status":"publish","type":"post","link":"http:\/\/skalickyobzor.sk\/cms\/dvojite-stastie\/","title":{"rendered":"Dvojit\u00e9 \u0161\u0165astie"},"content":{"rendered":"<p><em><strong>Dostali sme list z\u00a0domu seniorov Pod H\u00e1jkom. V\u00a0dne\u0161nej elektronickej dobe bol o\u00a0to v\u00fdnimo\u010dnej\u0161\u00ed, \u017ee bol p\u00edsan\u00fd ru\u010dne, na papieri. A\u00a0ke\u010f aj pani Farka\u0161ov\u00e1 nemala mo\u017enos\u0165 pou\u017ei\u0165 techniku, dala si t\u00fa pr\u00e1cu a\u00a0nap\u00edsala. My v\u010faka tomu zase m\u00e1me mo\u017enos\u0165 sprostredkova\u0165 \u010fal\u0161\u00ed autentick\u00fd z\u00e1\u017eitok z\u00a02. svetovej vojny a\u00a0svedectvo o\u00a0tom, \u017ee \u010dasto o\u00a0\u017eivote a\u00a0smrti rozhoduje iba n\u00e1hoda.<\/strong><\/em><\/p>\n<p>Vol\u00e1m sa M\u00e1ria Farka\u0161ov\u00e1, roden\u00e1 Blahov\u00e1, a\u00a0som pam\u00e4tn\u00ed\u010dkou mnoh\u00e9ho, i\u00a0udalost\u00ed v\u00a0Skalici, ktor\u00e9 sa odohrali 11. apr\u00edla 1945.<\/p>\n<p>Mala som desa\u0165 rokov a\u00a0spom\u00ednam si ako cez Skalicu prech\u00e1dzali nemeck\u00ed a\u00a0potom aj rusk\u00ed vojaci. S\u00a0moj\u00edm o\u00a0sedem rokov star\u0161\u00edm bratom sme boli v\u00a0sklepe na Stra\u010dink\u00e1ch. Bol to jeden domek za Skalicou, medzi vinohradn\u00edckymi stromami. V\u00a0sklepe toho domku sme boli schovan\u00ed viacer\u00ed. Majite\u013e domku bol hluch\u00fd.<\/p>\n<p>Nemeck\u00ed vojaci odi\u0161li a bl\u00ed\u017eili sa Rusi. Ke\u010f uvideli niekoho st\u00e1\u0165, vyzvali ho, aby z dver\u00ed vyst\u00fapil. Ke\u010f\u017ee majite\u013e domku bol hluch\u00fd, ani sa nepohol. Rusk\u00ed vojaci to v\u0161ak netu\u0161ili a jeden so samopalom po\u010d\u00edtal do troch. Raz, dva ,&#8230; no, k trom u\u017e nedo\u0161iel, preto\u017ee majite\u013e nevedomky vykro\u010dil dopredu. Vojaci uvideli, \u017ee je to civil a Bo\u017eou pomocou n\u00e1m tak u\u0161etrili na\u0161e \u017eivoty. K tomu domku na Stra\u010dink\u00e1ch a k m\u00f4jmu bratovi sa via\u017ee e\u0161te jedna moja spomienka. Brat mal rovnako star\u00e9ho, 17-ro\u010dn\u00e9ho kamar\u00e1ta. Ke\u010f u\u017e boli rusk\u00ed vojaci pri n\u00e1s, tak sa chlapci vybrali ne\u010faleko do dediny, do Mokr\u00e9ho h\u00e1ja. Pri ceste odrazu videli le\u017ea\u0165 v priekope nemeck\u00e9ho vojaka. Boli zvedav\u00ed a chceli sa na neho pozrie\u0165 zbl\u00edzka. Ako sa v\u0161ak nad neho naklonili, odrazu sa oto\u010dil a vystrelil na nich. Bohu v\u010faka, \u017ee ani jedn\u00e9ho nezasiahol. Tak hl\u00fapo a\u00a0jednoducho mohli zomrie\u0165 na samom konci vojny.<\/p>\n","protected":false},"excerpt":{"rendered":"<div class=\"mh-excerpt\"><p>Dostali sme list z\u00a0domu seniorov Pod H\u00e1jkom. V\u00a0dne\u0161nej elektronickej dobe bol o\u00a0to v\u00fdnimo\u010dnej\u0161\u00ed, \u017ee bol p\u00edsan\u00fd ru\u010dne, na papieri. A\u00a0ke\u010f aj pani Farka\u0161ov\u00e1 nemala mo\u017enos\u0165 pou\u017ei\u0165 techniku, dala si t\u00fa pr\u00e1cu a\u00a0nap\u00edsala. My v\u010faka tomu <a class=\"mh-excerpt-more\" href=\"http:\/\/skalickyobzor.sk\/cms\/dvojite-stastie\/\" title=\"Dvojit\u00e9 \u0161\u0165astie\">[&#8230;]<\/a><\/p>\n<\/div>","protected":false},"author":49,"featured_media":17,"comment_status":"closed","ping_status":"closed","sticky":false,"template":"","format":"standard","meta":{"footnotes":""},"categories":[4],"tags":[],"class_list":{"0":"post-3291","1":"post","2":"type-post","3":"status-publish","4":"format-standard","5":"has-post-thumbnail","7":"category-ja-su-ze-skalice"},"_links":{"self":[{"href":"http:\/\/skalickyobzor.sk\/cms\/wp-json\/wp\/v2\/posts\/3291","targetHints":{"allow":["GET"]}}],"collection":[{"href":"http:\/\/skalickyobzor.sk\/cms\/wp-json\/wp\/v2\/posts"}],"about":[{"href":"http:\/\/skalickyobzor.sk\/cms\/wp-json\/wp\/v2\/types\/post"}],"author":[{"embeddable":true,"href":"http:\/\/skalickyobzor.sk\/cms\/wp-json\/wp\/v2\/users\/49"}],"replies":[{"embeddable":true,"href":"http:\/\/skalickyobzor.sk\/cms\/wp-json\/wp\/v2\/comments?post=3291"}],"version-history":[{"count":1,"href":"http:\/\/skalickyobzor.sk\/cms\/wp-json\/wp\/v2\/posts\/3291\/revisions"}],"predecessor-version":[{"id":3292,"href":"http:\/\/skalickyobzor.sk\/cms\/wp-json\/wp\/v2\/posts\/3291\/revisions\/3292"}],"wp:featuredmedia":[{"embeddable":true,"href":"http:\/\/skalickyobzor.sk\/cms\/wp-json\/wp\/v2\/media\/17"}],"wp:attachment":[{"href":"http:\/\/skalickyobzor.sk\/cms\/wp-json\/wp\/v2\/media?parent=3291"}],"wp:term":[{"taxonomy":"category","embeddable":true,"href":"http:\/\/skalickyobzor.sk\/cms\/wp-json\/wp\/v2\/categories?post=3291"},{"taxonomy":"post_tag","embeddable":true,"href":"http:\/\/skalickyobzor.sk\/cms\/wp-json\/wp\/v2\/tags?post=3291"}],"curies":[{"name":"wp","href":"https:\/\/api.w.org\/{rel}","templated":true}]}}