{"id":3304,"date":"2020-05-05T21:10:14","date_gmt":"2020-05-05T19:10:14","guid":{"rendered":"http:\/\/skalickyobzor.sk\/cms\/?p=3304"},"modified":"2020-11-24T16:30:40","modified_gmt":"2020-11-24T15:30:40","slug":"skalicke-ulice-ludovita-valacha","status":"publish","type":"post","link":"http:\/\/skalickyobzor.sk\/cms\/skalicke-ulice-ludovita-valacha\/","title":{"rendered":"Skalick\u00e9 ulice &#8211; \u013dudov\u00edta Valacha"},"content":{"rendered":"<p>Prof. MUDr. \u013dudov\u00edt Valach (* 18. marec 1893, Skalica \u2013 \u2020 1. m\u00e1j 1941, Bratislava), v\u00fdznamn\u00fd slovensk\u00fd lek\u00e1r, r\u00f6ntgenol\u00f3g, zakladate\u013e r\u00e1diol\u00f3gie na Slovensku, sa narodil sa 18. marca 1893 v Skalici v rodine kr\u010dm\u00e1ra \u013dudov\u00edta Valacha a jeho man\u017eelky Karol\u00edny, rod. Novomeskej. Po absolvovan\u00ed skalick\u00e9ho gymn\u00e1zia \u0161tudoval na Lek\u00e1rskej fakulte v Prahe a Budape\u0161ti, ale \u0161t\u00fadium ukon\u010dil a\u017e na novozriadenej Lek\u00e1rskej fakulte Univerzity Komensk\u00e9ho (LFUK) v Bratislave (1920). Od roku 1921 pracoval na internej klinike prof. Hynka, prv\u00e9ho rektora UK. V roku 1931 sa stal prednostom R\u00e1dioterapeutick\u00e9ho \u00fastavu LFUK a s\u00fa\u010dasne predn\u00e1\u0161al na LFUK. Sk\u00fasenosti z\u00edskaval na \u0161tudijn\u00fdch pobytoch v Anglicku, Holandsku, Belgicku, Rak\u00fasku a Franc\u00fazsku.<\/p>\n<p>Na docenta sa habilitoval v roku 1928, v roku 1934 sa stal mimoriadnym profesorom a\u00a0nesk\u00f4r aj riadnym profesorom (1939). Ako r\u00f6ntgenol\u00f3g \u2013 internista sa zameriaval na r\u00f6ntgenov\u00fa diag-<br \/>\nnostiku dutiny hrudnej a bru\u0161nej. Nesk\u00f4r sa jeho z\u00e1ujem za\u010dal s\u00fastre\u010fova\u0165 aj na fyziol\u00f3giu a patol\u00f3giu \u017el\u010dn\u00edka. Po z\u00edskan\u00ed docent\u00fary sa jeho odborn\u00e1 a vedeck\u00e1 orient\u00e1cia zameriavala viac na terapeutick\u00e9 vyu\u017e\u00edvanie r\u00f6ntgenov\u00e9ho, a najm\u00e4 r\u00e1diov\u00e9ho \u017eiarenia. S\u00fastredil sa na terapeutick\u00fa problematiku zhubn\u00fdch n\u00e1dorov, predov\u0161etk\u00fdm ko\u017enej a\u00a0gynekologickej rakoviny. Vytrvalo a\u00a0s\u00fastavne upozor\u0148oval, \u017ee do lie\u010dby treba zapoji\u0165 aj \u017eiarenie, a\u017e napokon sa mu podarilo presved\u010di\u0165 profesorsk\u00fd zbor LFUK o\u00a0potrebe vybudova\u0165 r\u00e1diologick\u00fa kliniku.<\/p>\n<p>Nov\u00fd R\u00e1dioterapeutick\u00fd \u00fastav s\u00eddlil na \u0160pit\u00e1lskej ulici v Bratislave, \u013d. Valach sa stal jeho riadite\u013eom. V roku 1940 suter\u00e9nne priestory fakultnej nemocnice u\u017e nevyhovovali, \u00fastav sa pres\u0165ahoval do Nemocnice sv. Al\u017ebety, kde u\u017e mali sk\u00fasenosti s lie\u010dbou chronicky a onkologicky chor\u00fdch pacientov a navy\u0161e tu bolo k dispoz\u00edcii a\u017e 95 l\u00f4\u017eok (namiesto 16 p\u00f4vodn\u00fdch), ale i priestory pre laborat\u00f3ri\u00e1. \u013dudov\u00edt Valach bol inici\u00e1torom vzniku Spolku slovensk\u00fdch medikov a stal sa jeho prv\u00fdm predsedom a dlh\u00e9 roky p\u00f4sobil ako funkcion\u00e1r Slovenskej lek\u00e1rskej komory. Nesk\u00f4r ho po z\u00e1sluhe, ako zakladate\u013ea r\u00e1diol\u00f3gie na Slovensku, zvolili za predsedu Slovenskej protirakovinovej spolo\u010dnosti.<\/p>\n<p>\u013dudov\u00edt Valach obetoval svoj \u017eivot pacientom. Ako 48-ro\u010dn\u00e9ho ho operovali a zistili mu rakovinu hrub\u00e9ho \u010dreva ako d\u00f4sledok agres\u00edvneho \u017eiarenia v exponovanom pracovnom prostred\u00ed, v ktorom 25 rokov p\u00f4sobil. Zomrel 1. m\u00e1ja 1941. Pochovan\u00fd je na Cintor\u00edne pri Kozej br\u00e1ne na ulici Palis\u00e1dy v Bratislave. Mil\u00ed Skali\u010dania, ak p\u00f4jdete do Bratislavy a\u00a0budete ma\u0165 \u010das, nav\u0161t\u00edvte cintor\u00edn, zastavte sa pri jeho hrobe a\u00a0zap\u00e1\u013ete na \u0148om svie\u010dku, ako hold a\u00a0spomienku na v\u00fdznamn\u00e9ho Skali\u010dana.<\/p>\n","protected":false},"excerpt":{"rendered":"<div class=\"mh-excerpt\"><p>Prof. MUDr. \u013dudov\u00edt Valach (* 18. marec 1893, Skalica \u2013 \u2020 1. m\u00e1j 1941, Bratislava), v\u00fdznamn\u00fd slovensk\u00fd lek\u00e1r, r\u00f6ntgenol\u00f3g, zakladate\u013e r\u00e1diol\u00f3gie na Slovensku, sa narodil sa 18. marca 1893 v Skalici v rodine kr\u010dm\u00e1ra \u013dudov\u00edta <a class=\"mh-excerpt-more\" href=\"http:\/\/skalickyobzor.sk\/cms\/skalicke-ulice-ludovita-valacha\/\" title=\"Skalick\u00e9 ulice &#8211; \u013dudov\u00edta Valacha\">[&#8230;]<\/a><\/p>\n<\/div>","protected":false},"author":16,"featured_media":3305,"comment_status":"closed","ping_status":"closed","sticky":false,"template":"","format":"standard","meta":{"footnotes":""},"categories":[24],"tags":[],"class_list":{"0":"post-3304","1":"post","2":"type-post","3":"status-publish","4":"format-standard","5":"has-post-thumbnail","7":"category-skalicke-ulice"},"_links":{"self":[{"href":"http:\/\/skalickyobzor.sk\/cms\/wp-json\/wp\/v2\/posts\/3304","targetHints":{"allow":["GET"]}}],"collection":[{"href":"http:\/\/skalickyobzor.sk\/cms\/wp-json\/wp\/v2\/posts"}],"about":[{"href":"http:\/\/skalickyobzor.sk\/cms\/wp-json\/wp\/v2\/types\/post"}],"author":[{"embeddable":true,"href":"http:\/\/skalickyobzor.sk\/cms\/wp-json\/wp\/v2\/users\/16"}],"replies":[{"embeddable":true,"href":"http:\/\/skalickyobzor.sk\/cms\/wp-json\/wp\/v2\/comments?post=3304"}],"version-history":[{"count":1,"href":"http:\/\/skalickyobzor.sk\/cms\/wp-json\/wp\/v2\/posts\/3304\/revisions"}],"predecessor-version":[{"id":3306,"href":"http:\/\/skalickyobzor.sk\/cms\/wp-json\/wp\/v2\/posts\/3304\/revisions\/3306"}],"wp:featuredmedia":[{"embeddable":true,"href":"http:\/\/skalickyobzor.sk\/cms\/wp-json\/wp\/v2\/media\/3305"}],"wp:attachment":[{"href":"http:\/\/skalickyobzor.sk\/cms\/wp-json\/wp\/v2\/media?parent=3304"}],"wp:term":[{"taxonomy":"category","embeddable":true,"href":"http:\/\/skalickyobzor.sk\/cms\/wp-json\/wp\/v2\/categories?post=3304"},{"taxonomy":"post_tag","embeddable":true,"href":"http:\/\/skalickyobzor.sk\/cms\/wp-json\/wp\/v2\/tags?post=3304"}],"curies":[{"name":"wp","href":"https:\/\/api.w.org\/{rel}","templated":true}]}}