{"id":3343,"date":"2020-06-02T20:07:03","date_gmt":"2020-06-02T18:07:03","guid":{"rendered":"http:\/\/skalickyobzor.sk\/cms\/?p=3343"},"modified":"2020-06-02T20:46:56","modified_gmt":"2020-06-02T18:46:56","slug":"tajomna-ponorka-na-bataku","status":"publish","type":"post","link":"http:\/\/skalickyobzor.sk\/cms\/tajomna-ponorka-na-bataku\/","title":{"rendered":"Tajomn\u00e1 ponorka na Ba\u0165\u00e1ku"},"content":{"rendered":"<p><em><strong>S\u00fa pr\u00edbehy, ktor\u00e9 sa vynoria z\u00a0hist\u00f3rie po dlhom \u010dase. \u010casto u\u017e nemaj\u00fa svojich priamych svedkov, no \u017eij\u00fa v\u00a0pam\u00e4ti a\u00a0rozpr\u00e1van\u00ed t\u00fdch, ktor\u00fdm ich odovzdali.<\/strong> <\/em><\/p>\n<p>Jednou z takmer zabudnut\u00fdch udalost\u00ed je aktivita nieko\u013ek\u00fdch \u013eud\u00ed, ktor\u00ed si v obdob\u00ed 2. svetovej vojny pova\u017eovali za svoju \u013eudsk\u00fa povinnos\u0165 zapoji\u0165 sa do odboja proti \u013eud\u00e1ckemu re\u017eimu vtedaj\u0161ieho Slovensk\u00e9ho \u0161t\u00e1tu, re\u017eimu Protektor\u00e1tu \u010cechy a Morava a v\u00f4bec proti fa\u0161izmu ako tak\u00e9mu. V\u00fdnimo\u010dn\u00fdm momentom tohto pr\u00edbehu bolo, \u017ee sa rozhodli zapoji\u0165 sa do odboja zostrojen\u00edm a vyu\u017eit\u00edm ponorky vlastnej kon\u0161trukcie. Pod vplyvom okolnost\u00ed sa o tom prv\u00fdkr\u00e1t verejne hovorilo a\u017e po desiatkach rokov. Skalick\u00fd historik PhDr. Peter Brezina trpezlivo zbieral inform\u00e1cie a v roku 2013 uverejnil s\u00fahrn faktov vo svojom \u010dl\u00e1nku v \u010dasopise Z\u00e1horie. Skalick\u00fd Obzor zauj\u00edmali v\u0161ak bli\u017e\u0161ie v\u00e4zby pr\u00edbehu na na\u0161e mesto a tak sme po\u017eiadali Petra Brezinu o zvl\u00e1\u0161tny rozhovor pre v\u00e1s.<\/p>\n<h4>DOBR\u00c9 PR\u00cdBEHY PRE\u017dIJ\u00da<\/h4>\n<p><em><strong>Pr\u00edbeh skalickej ponorky (na moravskom brehu ju pre zmenu naz\u00fdvaj\u00fa rohateckou) Skali\u010danov z mlad\u0161ej gener\u00e1cie v\u00e4\u010d\u0161inou v\u00f4bec nezasiahol a vlastne sa o \u0148om v\u0161eobecne ani nevie. Popravde, stavba ponorky v Skalici znie sama o sebe ako zna\u010dne neuverite\u013en\u00fd pr\u00edbeh. Ako to, \u017ee tak\u00e1to historka dok\u00e1zala upadn\u00fa\u0165 do zabudnutia?<\/strong><\/em><br \/>\nJe to na prv\u00fd poh\u013ead v tak nepodstatnom detaile, \u017ee takmer v\u0161etci z\u00fa\u010dastnen\u00ed odboj\u00e1ri boli miestni \u017eivnostn\u00edci. Ke\u010f\u017ee pr\u00edbeh sa odohr\u00e1val za druhej svetovej vojny, bola stavba ponorky, samozrejme, v utajen\u00ed kv\u00f4li gestapu a neleg\u00e1lnej \u010dinnosti odboj\u00e1rov. Po vojne sa o nej chv\u00ed\u013eu rozpr\u00e1valo, no len dovtedy, ne\u017e komunisti v roku 1948 prevzali \u00fapln\u00fa moc. V\u0161etky z\u00e1sluhy za protifa\u0161istick\u00fd odboj si prisvojili iba v partaji a ob\u010dianske aktivity boli zaml\u010diavan\u00e9, zvl\u00e1\u0161\u0165, ke\u010f po IX. zjazde KS\u010c v 1949 rozhodli o zru\u0161en\u00ed \u017eivnostn\u00edkov. V ob\u010dianskom odboji ich v\u0161ak bolo ve\u013ea, no v s\u00falade s ideol\u00f3giou b\u00fdval\u00fd \u017eivnostn\u00edk, ako triedny nepriate\u013e, nemohol ma\u0165 rovnak\u00e9 z\u00e1sluhy ako komunista. Jednoducho, nehodil sa do profilu revolucion\u00e1ra-robotn\u00edka a v 50. rokoch boli dokonca jeho z\u00e1sluhy priamo potieran\u00e9.<\/p>\n<p><em><strong>Z\u00a0dne\u0161n\u00e9ho poh\u013eadu je nepochopite\u013en\u00e9, \u017ee prekrucovanie pravdy m\u00f4\u017ee z\u00e1js\u0165 a\u017e tak \u010faleko &#8230;<\/strong><\/em><br \/>\n\u00c1no, je smutn\u00e9 odopiera\u0165 z\u00e1sluhy alebo dokonca tresta\u0165 za ne. Bolo predsa jedno, kto bojoval za na\u0161u slobodu \u2013 \u010di komunista, Rus, \u017eivnostn\u00edk alebo Angli\u010dan. Mnoh\u00ed polo\u017eili svoje \u017eivoty. Ale to sa deje, \u010do je \u013eudstvo \u013eudstvom, hist\u00f3riu p\u00ed\u0161u (a\u00a0prekr\u00facaj\u00fa) v\u00ed\u0165azi.<\/p>\n<h4>HLAS SVEDECTIEV NEZANIKOL<\/h4>\n<p><em><strong>Napriek tomu napokon ponorka vypl\u00e1vala na povrch lok\u00e1lnej hist\u00f3rie. Boli ste prv\u00fd, kto publikoval inform\u00e1cie o\u00a0udalostiach okolo nej?<\/strong><\/em><br \/>\nNiektor\u00e9 Inform\u00e1cie o\u00a0ponorke boli publikovane u\u017e pred moj\u00edm \u010dl\u00e1nkom. Prv\u00e9 \u010dl\u00e1nky po roku 1970 v\u00a0\u010dasopise Ma\u013eovan\u00fd kraj boli od viacer\u00fdch autorov. Niektor\u00fdch to zauj\u00edmalo ako technick\u00e1 pamiatka, nie\u010do p\u00edsali \u013eudia, ktor\u00ed sa zaoberali t\u00e9mou okolo odboj\u00e1rov. Zvl\u00e1\u0161tne postavenie mal jedin\u00fd o\u010dit\u00fd svedok \u2013 kronik\u00e1r p\u00e1n B\u00edza z\u00a0Rohatca, ktor\u00fd bol ako die\u0165a pr\u00edtomn\u00fd tomu, ke\u010f ponorku po povodniach vyplavilo zo dna a\u00a0zap\u00edsal svoj z\u00e1\u017eitok. Z\u00a0toho v\u0161etk\u00e9ho som nesk\u00f4r \u010derpal,\u00a0overoval a\u00a0dopl\u0148oval moje z\u00edskan\u00e9 inform\u00e1cie.<\/p>\n<p><em><strong>Kedy a\u00a0ako ste sa o\u00a0stavbe ponorky dozvedeli?<\/strong><\/em><br \/>\nOkolo roku 1980 som hr\u00e1val karty s pani Helou Masa\u0159\u00edkovou a ona medzi re\u010dou spomenula t\u00fato historku o ponorke a aktivit\u00e1ch skalick\u00fdch \u017eivnostn\u00edkov okolo nej, kam patril aj jej man\u017eel. Bavili sme sa o tom viackr\u00e1t, no ja som to v\u017edy pova\u017eoval za poveda\u010dku a neveril som jej.<\/p>\n<figure id=\"attachment_3347\" aria-describedby=\"caption-attachment-3347\" style=\"width: 603px\" class=\"wp-caption aligncenter\"><img loading=\"lazy\" decoding=\"async\" class=\"size-full wp-image-3347\" src=\"http:\/\/skalickyobzor.sk\/cms\/wp-content\/uploads\/2020\/06\/1b-232-Skalica-1950-Jozef-Masa\u0159\u00edk-\u00fa\u010dastn\u00edk-protif.-odboja-inici\u00e1tor-vyhot.-ponorky.jpg\" alt=\"\" width=\"603\" height=\"966\" srcset=\"http:\/\/skalickyobzor.sk\/cms\/wp-content\/uploads\/2020\/06\/1b-232-Skalica-1950-Jozef-Masa\u0159\u00edk-\u00fa\u010dastn\u00edk-protif.-odboja-inici\u00e1tor-vyhot.-ponorky.jpg 603w, http:\/\/skalickyobzor.sk\/cms\/wp-content\/uploads\/2020\/06\/1b-232-Skalica-1950-Jozef-Masa\u0159\u00edk-\u00fa\u010dastn\u00edk-protif.-odboja-inici\u00e1tor-vyhot.-ponorky-187x300.jpg 187w\" sizes=\"auto, (max-width: 603px) 100vw, 603px\" \/><figcaption id=\"caption-attachment-3347\" class=\"wp-caption-text\">Jozef Masa\u0159\u00edk, man\u017eel Heleny Masa\u0159\u00edkovej<br \/>Arch\u00edv: PhDr. Peter Brezina<\/figcaption><\/figure>\n<p>Nesk\u00f4r mi fakt existencie ponorky potvrdilo nez\u00e1visle na sebe asi \u0161es\u0165 pam\u00e4tn\u00edkov, napr\u00edklad MUDr. Igor Chaloupka, jeho otec J\u00e1n bol \u010dlen ileg\u00e1lnej odbojovej ob\u010dianskej skupiny a bol popraven\u00fd s Jaroslavom Kleme\u0161om. \u010eal\u0161\u00edm bol Bohuslav Tomis, ktor\u00fd bol tie\u017e s\u00fa\u010das\u0165ou 30-\u010dlennej ileg\u00e1lnej ob\u010dianskej odbojovej skupiny, roz\u0161iruj\u00facej let\u00e1ky a prev\u00e1dzaj\u00facej cez hranice. Niektor\u00ed boli akt\u00edvni pri tvorbe ponorky. A\u00a0tak som za\u010dal p\u00e1tra\u0165, na\u0161ielsom \u010dl\u00e1nky v\u00a0Ma\u013eovanom kraji, stret\u00e1val \u010fal\u0161\u00edch pam\u00e4tn\u00edkov a\u00a0ich potomkov a\u00a0za\u010dal som sklada\u0165 sklada\u010dku.<\/p>\n<h4>LEGENDY VERSUS FAKTY<\/h4>\n<p><em><strong>Pre\u010do v\u00e1\u0161 prv\u00fd \u010dl\u00e1nok vy\u0161iel a\u017e v\u00a0roku 2013?<\/strong><\/em><br \/>\nDlho som zbieral inform\u00e1cie a potom, popravde, dlho le\u017eali pozn\u00e1mky v mojom arch\u00edve. Prek\u00e1\u017eali mi nepresnosti v niektor\u00fdch \u010dl\u00e1nkoch zo 70. rokov, kde udalosti okolo ponorky boli omylom prekr\u00faten\u00e9 a naf\u00faknut\u00e9. \u010cl\u00e1nky \u0161\u00edrili medzi \u013eu\u010fmi nepresn\u00e9 inform\u00e1cie, ako napr\u00edklad, \u017ee i\u0161lo o \u0161pion\u00e1\u017enu ponorku, ktor\u00e1 mala zachra\u0148ova\u0165 anglick\u00fdch letcov a ute\u010dencov a prev\u00e1\u017ea\u0165 ich z Uhersk\u00e9ho Hradi\u0161\u0165a a\u017e k Dev\u00ednu do Dunaja. Podnet k t\u00fdmto \u201ededukci\u00e1m\u201c dali z\u00e1pisy nemeck\u00fdch gestap\u00e1kov, ktor\u00ed ponorku pri vy\u0161etrovan\u00ed spojili so \u0161pion\u00e1\u017eou, nikoho nechytili a\u00a0uviedli svoje domnienky do protokolov. Na gestape pr\u00edpad zostal ako nevyrie\u0161en\u00fd a\u00a0bol zalo\u017een\u00fd ad acta. Aby sa skon\u010dili tieto poveda\u010dky, rozhodol som sa roku 2013 zo svojich pozn\u00e1mok,\u00a0hlavne inform\u00e1cii od svedkov a\u00a0ich det\u00ed a\u00a0technick\u00fdch poznatkov, vnies\u0165 do pr\u00edpadu svetlo.<\/p>\n<p><em><strong>Z\u00a0Va\u0161ich materi\u00e1lov v\u0161ak vypl\u00fdva, \u017ee ponorka tejto kon\u0161trukcie bola sk\u00f4r sudom a\u00a0nebola schopn\u00e1 pon\u00e1ra\u0165 a\u00a0vyn\u00e1ra\u0165 sa. Na prepravu os\u00f4b, pri jej rozmeroch, by bola asi nemo\u017en\u00e1. Nesporn\u00e9 v\u0161ak je, \u017ee bola postaven\u00e1 s\u00a0t\u00fdmto \u00famyslom. Ako bolo mo\u017en\u00e9 nie\u010do tak\u00e9 ako stavba 3,5 metrovej ponorky v\u00a0Skalici utaji\u0165? Navy\u0161e, jej prepravu do Str\u00e1\u017enice a\u00a0sp\u00e4\u0165 &#8230;<\/strong><\/em><br \/>\nPrepravovan\u00e1 bola dokonca nieko\u013ekokr\u00e1t a\u00a0na r\u00f4zne miesta. Bolo to ve\u013emi nebezpe\u010dn\u00e9, preto\u017ee po hr\u00e1dzi sa st\u00e1le pohybovala str\u00e1\u017e. Vyroben\u00e1 bola doma u\u00a0debn\u00e1ra Bohumila Manna v\u00a0Skalici a\u00a0vedelo o\u00a0tom len m\u00e1lo \u013eud\u00ed. Na Ba\u0165ov kan\u00e1l v\u00a0Skalici (dne\u0161n\u00fd pr\u00edstav na Ba\u0165ovom kan\u00e1le) ju nosili v\u00a0noci po \u010dastiach. Na Ba\u0165\u00e1ku (\u013eudov\u00fd n\u00e1zov pre Ba\u0165ov kan\u00e1l) bolo vtedy m\u0155tvo, okolo vody boli h\u00fa\u0161tiny, pohyb za\u010d\u00ednal a\u017e za hranicou Sudom\u011b\u0159ick\u00fdm v\u00fdklopn\u00edkom, odkia\u013e jazdili lode s\u00a0uhl\u00edm. Tak ju bez odhalenia zmontovali a\u00a0sk\u00fa\u0161ali. Potom ju preniesli cez stavidlo a\u00a0\u0165ahali ju po potoku nieko\u013eko sto metrov a\u017e do Moravy. Ke\u010f\u017ee nefungovala, \u0165ahali ju sp\u00e4\u0165 cez Ba\u0165\u00e1k v\u00a0Skalici a\u00a0pokra\u010dovali \u010fal\u0161\u00ed necel\u00fd kilometer a\u017e k\u00a0v\u00fdklopn\u00edku. Brehy boli zarasten\u00e9 a\u00a0str\u00e1\u017e chodila iba po hr\u00e1dzi v\u00a0polhodinov\u00fdch intervaloch.<\/p>\n<figure id=\"attachment_3348\" aria-describedby=\"caption-attachment-3348\" style=\"width: 401px\" class=\"wp-caption aligncenter\"><img loading=\"lazy\" decoding=\"async\" class=\"size-full wp-image-3348\" src=\"http:\/\/skalickyobzor.sk\/cms\/wp-content\/uploads\/2020\/06\/1a-229AA-Skalica-Stra\u2560\u00fcz\u2560\u00eenica-Bohumil-Mann-protif.-boj.-z\u2560\u00eeivn-debna\u2560\u00fcr.jpg\" alt=\"\" width=\"401\" height=\"603\" srcset=\"http:\/\/skalickyobzor.sk\/cms\/wp-content\/uploads\/2020\/06\/1a-229AA-Skalica-Stra\u2560\u00fcz\u2560\u00eenica-Bohumil-Mann-protif.-boj.-z\u2560\u00eeivn-debna\u2560\u00fcr.jpg 401w, http:\/\/skalickyobzor.sk\/cms\/wp-content\/uploads\/2020\/06\/1a-229AA-Skalica-Stra\u2560\u00fcz\u2560\u00eenica-Bohumil-Mann-protif.-boj.-z\u2560\u00eeivn-debna\u2560\u00fcr-200x300.jpg 200w\" sizes=\"auto, (max-width: 401px) 100vw, 401px\" \/><figcaption id=\"caption-attachment-3348\" class=\"wp-caption-text\">Kon\u0161trukt\u00e9r a\u00a0stavite\u013e ponorky, debn\u00e1r Bohumil Mann<br \/>Arch\u00edv: PhDr. Peter Brezina<\/figcaption><\/figure>\n<p>Ako spom\u00ednala pani Masa\u0159\u00edkov\u00e1, z\u00a0v\u00fdklopn\u00edka ju potom prepravili zahraban\u00fa na lodi dopravuj\u00facej uhlie do Str\u00e1\u017enice na kon\u0161truk\u010dn\u00e9 opravy k\u00a0Mannovi, ktor\u00fd sa\u00a0v\u00a0tej dobe zo Skalice pres\u0165ahoval. Takto ju na opravu prev\u00e1\u017eali dokonca dvakr\u00e1t. Naposledy bola prepravovan\u00e1 k\u00a0zatopeniu. Pani Votrubov\u00e1 (setra odboj\u00e1ra Jirkovsk\u00e9ho) spom\u00ednala, \u017ee si ako 15-ro\u010dn\u00e1 pam\u00e4tala, \u017ee sa raz otec s\u00a0bratmi vr\u00e1tili nad r\u00e1nom domov stra\u0161ne upachten\u00ed, spoten\u00ed,\u00a0mokr\u00ed a\u00a0vystra\u0161en\u00ed. To bolo v\u00a0\u010dase, ke\u010f v\u00a0roku 1941 zatkli p\u00e1na Manna, ktor\u00e9ho nesk\u00f4r popravili. A\u017e ke\u010f bola dospel\u00e1, jej brat sa priznal, \u017ee t\u00fa noc ponorku tiahli po Morave od Rohatca a\u017e ku Str\u00e1\u017enici, aby\u00a0ju skryli \u2013 zatopili a\u00a0nav\u0155\u0161ili na \u0148u kamene. Ob\u00e1vali sa, aby na odboj v\u00a0Skalici nepri\u0161li a\u00a0tak ju zatopili v\u00a0protektor\u00e1te, za hranicou Slovenskej republiky.<\/p>\n<h4>PONORKA, KTOR\u00c1 SA NEPON\u00c1RALA<\/h4>\n<p><em><strong>Zachovalo sa zobrazenie ponorky?<\/strong><\/em><br \/>\nPo povodni v roku 1943, ne\u010faleko \u017eelezni\u010dn\u00e9ho mosta pri obci Rohatec vyplavilo ponorku na breh. Nasledovalo vy\u0161etrovanie \u010deskej pol\u00edcie i gestapa, av\u0161ak bolo bezv\u00fdsledn\u00e9. A pr\u00e1ve z tohto vy\u0161etrovania sa zachovala fotka ponorky, ktor\u00fa po vy\u0161etrovan\u00ed vyhotovil fotograf z Rohatca. A\u017e po zverejnen\u00ed m\u00f4jho \u010dl\u00e1nku v roku 2015 mi t\u00fato fotografiu poslal p\u00e1n Boris G\u00f3l z Pardub\u00edc, ktor\u00fd sa zaober\u00e1 dejinami plavidiel. On vlastne aj z fotografie objasnil, \u017ee ponorka nemohla by\u0165 funk\u010dn\u00e1, lebo kon\u0161truk\u010dne nesp\u013a\u0148ala z\u00e1kladn\u00e9 parametre pre plavidlo \u2013 ponorku.<\/p>\n<p><em><strong>Tak\u017ee ponorka nikdy nepl\u00e1vala?<\/strong><\/em><br \/>\nNepl\u00e1vala. Ke\u010f ju na ileg\u00e1lnu \u010dinnos\u0165 aj pou\u017e\u00edvali, tak ju iba tiahli po dne rieky Morava, medzi moravsk\u00fdm a\u00a0slovensk\u00fdm brehom. Neprepravovali \u013eud\u00ed, ako bolo p\u00f4vodne pl\u00e1novan\u00e9, ale iba ileg\u00e1l-<br \/>\nne dokumenty, ako let\u00e1ky a falo\u0161n\u00e9 doklady. Na skalickej strane Moravy, kde bola maskovan\u00e1 pod kr\u00ed\u010dkami, vlo\u017eili dokumenty v igelite a na za\u0165a\u017eenie kamene, ktor\u00e9 zostali pri hr\u00e1dzi po regul\u00e1cii Moravy a stavbe kan\u00e1la. Za ponorku pripevnili lano a toto, ako\u017ee ryb\u00e1ri, na oby\u010dajnej lo\u010fke s veslami previezli a vyviezli na moravsk\u00fd rohateck\u00fd breh. Nesk\u00f4r ponorku ru\u010dne t\u00fdm lanom pretiahli a vytiahli na breh a naopak. Oper\u00e1cia prebiehala v r\u00f4znych kr\u00e1tkych \u010dasov\u00fdch \u00fasekoch, cel\u00e1 trvala celkom aj dva dni, preto\u017ee po hr\u00e1dzi neust\u00e1le chodili pohrani\u010dn\u00e9 str\u00e1\u017ee a kontrolovali aj \u201eryb\u00e1rov\u201c.<\/p>\n<h4>BOLO BEZPE\u010cNEJ\u0160IE ML\u010cA\u0164<\/h4>\n<p><em><strong>Ak\u00fa \u00falohu hrala v\u00a0s\u00favislosti s\u00a0ileg\u00e1lnou\u00a0tla\u010dou skalick\u00e1 Tesl\u00edkovsk\u00e1 tla\u010diare\u0148? Jeho dc\u00e9ra Libu\u0161a Du\u0161kov\u00e1 spom\u00ednala, ako otec tla\u010dil ileg\u00e1lne let\u00e1ky a\u00a0schov\u00e1val ich v\u00a0kuchyni pod linoleom. Za toto riziko a\u00a0podporu odboja sa mu komunisti nesk\u00f4r odv\u010fa\u010dili zn\u00e1rodnen\u00edm tla\u010diarne.<\/strong><\/em><br \/>\nSkalick\u00e1 tla\u010diare\u0148 zohr\u00e1vala ve\u013emi d\u00f4le\u017eit\u00fa \u00falohu. V\u00a0rokoch 1932 \u2013 1950 st\u00e1l v\u00a0jej \u010dele Gust\u00e1v Tesl\u00edk. Tesl\u00edk tla\u010dil ileg\u00e1lne let\u00e1ky, aj falo\u0161n\u00e9 doklady, ktor\u00e9 vozili aj ponorkou. Kan\u00e1lov na distrib\u00faciu v\u0161ak bolo viac. Origin\u00e1ly, z\u00a0ktor\u00fdch sa v\u00a0Skalici zachovali, vraj, asi tri krabice, boli v\u00a0roku 1956 odovzdan\u00e9 Krajsk\u00e9mu v\u00fdboru KSS, do Bratislavy, na zapo\u017ei\u010danie na v\u00fdstavu k\u00a0dejin\u00e1m z\u00e1sluh KS\u010c za\u00a0v\u00ed\u0165azstvo vo vojne. Sp\u00e4\u0165 ich v\u0161ak nevr\u00e1tili, aj ke\u010f to bolo nieko\u013ekokr\u00e1t \u017eiadan\u00e9. Nesk\u00f4r u\u017e po nich nikto nep\u00e1tral. Ileg\u00e1lne Tesl\u00edkove tla\u010doviny skon\u010dili, pravdepodobne, ako ve\u013ea in\u00fdch. Napr\u00edklad, arch\u00edv Okresn\u00e9ho v\u00fdboru KSS v\u00a0Senici v\u00a090-tych rokoch. Ke\u010f som sa na\u0148\u00a0p\u00fdtal b\u00fdval\u00fdch pracovn\u00edkov, odpovedali, \u017ee vraj i\u0161iel do zberu.<\/p>\n<p><em><strong>Bol nesk\u00f4r tento pr\u00ednos k\u00a0protifa\u0161istick\u00e9mu odboju povojnov\u00fdm re\u017eimom nejako ocenen\u00fd?<\/strong><\/em><br \/>\nAkt\u00e9ri, ktor\u00ed sa z\u00fa\u010dastnili stavby ponorky, sa ocenenia nedo\u017eili. Spom\u00ednal som, \u017ee po roku 1948 boli zmienky o\u00a0ob\u010dianskom odboji uml\u010dan\u00e9. Fakt, \u017ee bol okrem komunistick\u00e9ho odboja aj odboj ob\u010diansky, bolo uznan\u00e9 a\u017e po roku 1970, no v\u00e4\u010d\u0161ina \u00fa\u010dastn\u00edkov odboja a\u00a0v\u0161etci, \u010do sa na stavbe ponorky a\u00a0jej pou\u017e\u00edvan\u00ed z\u00fa\u010dastnili, boli m\u0155tvi.<\/p>\n<p><em><strong>Ver\u00edme, \u017ee t\u00fdmto \u010dl\u00e1nkom a\u00a0o\u017eiven\u00edm pr\u00edbehu ponorky a\u00a0jeho akt\u00e9rov prispejeme k\u00a0tomu, \u017ee nezapadn\u00fa v\u00a0hist\u00f3rii a\u00a0stan\u00fa sa jej st\u00e1lou s\u00fa\u010das\u0165ou. \u010eakujeme.<\/strong><\/em><br \/>\n<em>\u017delm\u00edra Mach\u00e1\u010dkov\u00e1<\/em><\/p>\n<hr \/>\n<h3>HIST\u00d3RIA SKALICKEJ PONORKY<\/h3>\n<p><strong>Hlavn\u00ed akt\u00e9ri a\u00a0\u010dlenovia odbojovej skupiny:<\/strong><\/p>\n<ul>\n<li><strong>Bohumil Mann <\/strong>debn\u00e1r a\u00a0stavite\u013e ponorky<\/li>\n<li><strong>Jozef Masa\u0159\u00edk <\/strong>inici\u00e1tor a\u00a0\u00fa\u010dastn\u00edk stavby ponorky<\/li>\n<li><strong>Henrich (Jind\u0159ich) Jirkovsk\u00fd <\/strong>z\u00e1mo\u010dn\u00edk, vyhotovil kovov\u00e9 \u010dasti ponorky a dodal motor<\/li>\n<li><strong>Jozef Hole\u010dek <\/strong>\u010dal\u00fannik, z\u00fa\u010dastnil sa stavby ponorky<\/li>\n<li><strong>Anton \u0160t\u011brba <\/strong>klobu\u010dn\u00edk, z\u00fa\u010dastnil sa stavby ponorky<\/li>\n<li><strong>Gust\u00e1v Tesl\u00edk <\/strong>kn\u00edhtla\u010diar, tla\u010dil ileg\u00e1lne let\u00e1ky a\u00a0dokumenty, finan\u010dne prispel na materi\u00e1l na stavbu ponorky<\/li>\n<li><strong>Emil \u017dabkovsk\u00fd <\/strong>cukr\u00e1r, finan\u010dne prispel na materi\u00e1l na stavbu ponorky<\/li>\n<li><strong>Anton \u0160ablat\u00fara <\/strong>cukr\u00e1r, finan\u010dne prispel na materi\u00e1l na stavbu ponorky<\/li>\n<li><strong>V\u00e1clav Cemper <\/strong>kn\u00edhviaza\u010d a\u00a0papiern\u00edk, finan\u010dne prispel na materi\u00e1l na stavbu ponorky<\/li>\n<li><strong>Bohuslav Tomis <\/strong>drogista<\/li>\n<\/ul>\n<p><strong>S\u00a0odbojovou skupinou spolupracovali:<\/strong><br \/>\nJaroslav Kleme\u0161, \u00faradn\u00edk bern\u00e9ho (da\u0148ov\u00e9ho) \u00faradu, a\u00a0\u017eand\u00e1ri J\u00e1n Chaloupka, J\u00e1n Po\u017eivenec, J\u00e1n Prud\u00edk<\/p>\n<ul>\n<li><strong>1939<\/strong> vznik Slovensk\u00e9ho \u0161t\u00e1tu, nov\u00e1 hranica s\u00a0Protektor\u00e1tom \u010cechy a\u00a0Morava<\/li>\n<li><strong>1939<\/strong> po\u010diatok stavby ponorky<\/li>\n<li><strong>1941<\/strong> zatopenie ponorky z\u00a0d\u00f4vodu jej utajenia<\/li>\n<li><strong>1942<\/strong> 13. j\u00fana bol stavite\u013e ponorky Bohumil Mann popraven\u00fd, odboj\u00e1rska skupina skalick\u00fdch \u017eivnostn\u00edkov sa rozpadla<\/li>\n<li><strong>1943<\/strong> ponorku vyniesla povode\u0148 na plyt\u010dinu pri Rohatci, \u017eand\u00e1r J\u00e1n Chaloupka zahynul v\u00a0koncentra\u010dnom t\u00e1bore, Jaroslav Kleme\u0161 bol popraven\u00fd v\u00a0pankr\u00e1ckej v\u00e4znici v\u00a0Prahe<\/li>\n<li><strong>1945<\/strong> koniec 2. svetovej vojny, obnovenie \u010ceskoslovenskej republiky<\/li>\n<li><strong>1948<\/strong> komunistick\u00fd prevrat v\u00a0\u010ceskoslovensku<\/li>\n<li><strong>1953<\/strong> zomrel Jozef Masa\u0159\u00edk<\/li>\n<li><strong>1956<\/strong> zomrel Gust\u00e1v Tesl\u00edk, origin\u00e1ly skalick\u00fdch dokumentov ku skalickej odbojovej \u010dinnosti boli odovzdan\u00e9 na KV KSS v\u00a0Bratislave<\/li>\n<li><strong>1957<\/strong> zomrel Anton \u0160ablat\u00fara<\/li>\n<li><strong>1961<\/strong> zomrel Anton \u0160t\u011brba, zomrel Emil \u017dabkovsk\u00fd<\/li>\n<li><strong>1970<\/strong> prv\u00e9 zmienky o\u00a0ponorke v\u00a0\u010dasopise Ma\u013eovan\u00fd kraj<\/li>\n<li><strong>1980<\/strong> spomienky Heleny Masa\u0159\u00edkovej<\/li>\n<li><strong>1984<\/strong> svedectvo V\u00e1clava Cempera<\/li>\n<li><strong>1986<\/strong> spomienky Libu\u0161e Du\u0161ekovej<\/li>\n<li><strong>2012<\/strong> spomienky Franti\u0161ky \u0160tef\u00e1nie Votrubovej, rod. Jirkovskej<\/li>\n<li><strong>2013<\/strong> a\u00a0<strong>2015<\/strong> \u010dl\u00e1nky Petra Brezinu v \u010dasopise Z\u00e1horie<\/li>\n<\/ul>\n<p>Cel\u00fd \u010dl\u00e1nok n\u00e1jdete tu:<\/p>\n<blockquote class=\"wp-embedded-content\" data-secret=\"Pwi9MfM6EM\"><p><a href=\"https:\/\/www.zahorskemuzeum.sk\/ponorka-na-rieke-morave\/\">Ponorka na rieke Morave<\/a><\/p><\/blockquote>\n<p><iframe loading=\"lazy\" class=\"wp-embedded-content\" sandbox=\"allow-scripts\" security=\"restricted\" style=\"position: absolute; visibility: hidden;\" title=\"&#8220;Ponorka na rieke Morave&#8221; &#8212; Z\u00e1horsk\u00e9 M\u00fazeum Skalica\" src=\"https:\/\/www.zahorskemuzeum.sk\/ponorka-na-rieke-morave\/embed\/#?secret=ceV76j9aW4#?secret=Pwi9MfM6EM\" data-secret=\"Pwi9MfM6EM\" width=\"500\" height=\"282\" frameborder=\"0\" marginwidth=\"0\" marginheight=\"0\" scrolling=\"no\"><\/iframe><\/p>\n","protected":false},"excerpt":{"rendered":"<div class=\"mh-excerpt\"><p>S\u00fa pr\u00edbehy, ktor\u00e9 sa vynoria z\u00a0hist\u00f3rie po dlhom \u010dase. \u010casto u\u017e nemaj\u00fa svojich priamych svedkov, no \u017eij\u00fa v\u00a0pam\u00e4ti a\u00a0rozpr\u00e1van\u00ed t\u00fdch, ktor\u00fdm ich odovzdali. Jednou z takmer zabudnut\u00fdch udalost\u00ed je aktivita nieko\u013ek\u00fdch \u013eud\u00ed, ktor\u00ed si v <a class=\"mh-excerpt-more\" href=\"http:\/\/skalickyobzor.sk\/cms\/tajomna-ponorka-na-bataku\/\" title=\"Tajomn\u00e1 ponorka na Ba\u0165\u00e1ku\">[&#8230;]<\/a><\/p>\n<\/div>","protected":false},"author":2,"featured_media":3344,"comment_status":"closed","ping_status":"closed","sticky":false,"template":"","format":"standard","meta":{"footnotes":""},"categories":[4],"tags":[],"class_list":{"0":"post-3343","1":"post","2":"type-post","3":"status-publish","4":"format-standard","5":"has-post-thumbnail","7":"category-ja-su-ze-skalice"},"_links":{"self":[{"href":"http:\/\/skalickyobzor.sk\/cms\/wp-json\/wp\/v2\/posts\/3343","targetHints":{"allow":["GET"]}}],"collection":[{"href":"http:\/\/skalickyobzor.sk\/cms\/wp-json\/wp\/v2\/posts"}],"about":[{"href":"http:\/\/skalickyobzor.sk\/cms\/wp-json\/wp\/v2\/types\/post"}],"author":[{"embeddable":true,"href":"http:\/\/skalickyobzor.sk\/cms\/wp-json\/wp\/v2\/users\/2"}],"replies":[{"embeddable":true,"href":"http:\/\/skalickyobzor.sk\/cms\/wp-json\/wp\/v2\/comments?post=3343"}],"version-history":[{"count":11,"href":"http:\/\/skalickyobzor.sk\/cms\/wp-json\/wp\/v2\/posts\/3343\/revisions"}],"predecessor-version":[{"id":3357,"href":"http:\/\/skalickyobzor.sk\/cms\/wp-json\/wp\/v2\/posts\/3343\/revisions\/3357"}],"wp:featuredmedia":[{"embeddable":true,"href":"http:\/\/skalickyobzor.sk\/cms\/wp-json\/wp\/v2\/media\/3344"}],"wp:attachment":[{"href":"http:\/\/skalickyobzor.sk\/cms\/wp-json\/wp\/v2\/media?parent=3343"}],"wp:term":[{"taxonomy":"category","embeddable":true,"href":"http:\/\/skalickyobzor.sk\/cms\/wp-json\/wp\/v2\/categories?post=3343"},{"taxonomy":"post_tag","embeddable":true,"href":"http:\/\/skalickyobzor.sk\/cms\/wp-json\/wp\/v2\/tags?post=3343"}],"curies":[{"name":"wp","href":"https:\/\/api.w.org\/{rel}","templated":true}]}}