{"id":3410,"date":"2020-06-02T20:08:59","date_gmt":"2020-06-02T18:08:59","guid":{"rendered":"http:\/\/skalickyobzor.sk\/cms\/?p=3410"},"modified":"2020-06-02T20:47:02","modified_gmt":"2020-06-02T18:47:02","slug":"moja-spominka-na-svjetovu-vojnu","status":"publish","type":"post","link":"http:\/\/skalickyobzor.sk\/cms\/moja-spominka-na-svjetovu-vojnu\/","title":{"rendered":"Moja \u201espom\u00ednka\u201c na svjetov\u00fa vojnu"},"content":{"rendered":"<p>Moj\u00fa je\u010fin\u00fa spom\u00ednk\u00fa na vojnu je star\u00e1 rodinn\u00e1 fotka. Je ze dvora v na\u0161eho bar\u00e1ku, ker\u00ed st\u00e1val tam, kde s\u00fa dnes \u010din\u017e\u00e1ki na ulici Mall\u00e9ho, pod\u00e9l hlavnej cesti. M\u00e1m na tej fotce rok. Na\u0161a mama m\u0148a dr\u017e\u00ed v n\u00e1ru\u010d\u00ed, tata st\u00f3j\u00ed za nama a za p\u00e1r d\u0148\u00ed sa na svet prihl\u00e1s\u00ed aj m\u00faj br\u00e1cha Pe\u0165a, tak\u017ee je vlast\u0148e na fotce s nama t\u00e9\u0161. Na\u0161u ro\u010finu dopl\u0148uje tatova sestra, na\u0161a teta Bjeta a str\u00edc Vinca. Bila bi to obi\u010dajn\u00e1 ro\u010finn\u00e1 fotka, jak\u00edch m\u00e1me doma kopec (tata r\u00e1t fotil) no t\u00fa spom\u00ednku na vojnu s \u0148\u00ed \u010felaj\u00fa dv\u00e1 voj\u00e1ci za mn\u00fa. Rumu\u0148i. Jak mi nesk\u00farej r\u00edkali na\u0161i, ubitovali ich u n\u00e1s \u0165es\u0148e po 11. apr\u00edli 1945, ket pre\u0161li Rusi. Mjeli na staros\u0165i z\u00e1sobov\u00e1n\u00ed pro arm\u00e1du. B\u00fdvali u n\u00e1s dva t\u00edd\u0148e a s front\u00fa ode\u0161li aj o\u0148i. Zostala po \u0148\u00edch len t\u00e1to fotka a pro m\u0148a jedin\u00e1 vojnov\u00e1 spom\u00ednka, na\u0161\u0165est\u00ed.<\/p>\n<p><em>Ale\u0161 Mach\u00e1\u010dek<\/em><\/p>\n","protected":false},"excerpt":{"rendered":"<div class=\"mh-excerpt\"><p>Moj\u00fa je\u010fin\u00fa spom\u00ednk\u00fa na vojnu je star\u00e1 rodinn\u00e1 fotka. Je ze dvora v na\u0161eho bar\u00e1ku, ker\u00ed st\u00e1val tam, kde s\u00fa dnes \u010din\u017e\u00e1ki na ulici Mall\u00e9ho, pod\u00e9l hlavnej cesti. M\u00e1m na tej fotce rok. Na\u0161a mama <a class=\"mh-excerpt-more\" href=\"http:\/\/skalickyobzor.sk\/cms\/moja-spominka-na-svjetovu-vojnu\/\" title=\"Moja \u201espom\u00ednka\u201c na svjetov\u00fa vojnu\">[&#8230;]<\/a><\/p>\n<\/div>","protected":false},"author":51,"featured_media":3411,"comment_status":"closed","ping_status":"closed","sticky":false,"template":"","format":"standard","meta":{"footnotes":""},"categories":[4],"tags":[],"class_list":{"0":"post-3410","1":"post","2":"type-post","3":"status-publish","4":"format-standard","5":"has-post-thumbnail","7":"category-ja-su-ze-skalice"},"_links":{"self":[{"href":"http:\/\/skalickyobzor.sk\/cms\/wp-json\/wp\/v2\/posts\/3410","targetHints":{"allow":["GET"]}}],"collection":[{"href":"http:\/\/skalickyobzor.sk\/cms\/wp-json\/wp\/v2\/posts"}],"about":[{"href":"http:\/\/skalickyobzor.sk\/cms\/wp-json\/wp\/v2\/types\/post"}],"author":[{"embeddable":true,"href":"http:\/\/skalickyobzor.sk\/cms\/wp-json\/wp\/v2\/users\/51"}],"replies":[{"embeddable":true,"href":"http:\/\/skalickyobzor.sk\/cms\/wp-json\/wp\/v2\/comments?post=3410"}],"version-history":[{"count":1,"href":"http:\/\/skalickyobzor.sk\/cms\/wp-json\/wp\/v2\/posts\/3410\/revisions"}],"predecessor-version":[{"id":3412,"href":"http:\/\/skalickyobzor.sk\/cms\/wp-json\/wp\/v2\/posts\/3410\/revisions\/3412"}],"wp:featuredmedia":[{"embeddable":true,"href":"http:\/\/skalickyobzor.sk\/cms\/wp-json\/wp\/v2\/media\/3411"}],"wp:attachment":[{"href":"http:\/\/skalickyobzor.sk\/cms\/wp-json\/wp\/v2\/media?parent=3410"}],"wp:term":[{"taxonomy":"category","embeddable":true,"href":"http:\/\/skalickyobzor.sk\/cms\/wp-json\/wp\/v2\/categories?post=3410"},{"taxonomy":"post_tag","embeddable":true,"href":"http:\/\/skalickyobzor.sk\/cms\/wp-json\/wp\/v2\/tags?post=3410"}],"curies":[{"name":"wp","href":"https:\/\/api.w.org\/{rel}","templated":true}]}}