{"id":3420,"date":"2020-06-02T20:09:58","date_gmt":"2020-06-02T18:09:58","guid":{"rendered":"http:\/\/skalickyobzor.sk\/cms\/?p=3420"},"modified":"2020-06-02T20:47:07","modified_gmt":"2020-06-02T18:47:07","slug":"je-nam-spolem-dobre","status":"publish","type":"post","link":"http:\/\/skalickyobzor.sk\/cms\/je-nam-spolem-dobre\/","title":{"rendered":"Je n\u00e1m spolem dobre"},"content":{"rendered":"<p>J\u00e1 a\u00a0pes m\u00e9nem Adar. Moc si rozum\u00edme u\u0161 v\u00edc jak 10 rok\u00fa. Dostala ho vtedi man\u017eelka ot nevjesti na b\u00edl\u00e9 V\u00e1noce, jak d\u00e1rek f krabici ot bot\u00fa a\u00a0t\u00e1 jej\u00ed rados\u0165 sa a\u0148i nedala op\u00edsat. Kr\u00e1sn\u00e9 chlupat\u00e9 zerzavob\u00edl\u00e9 \u0161\u0165e\u0148\u00e1tko, gulat\u00e9 jak boxersk\u00e1 rukavica. Dnes sme z\u00a0Adarem sam\u00ed dv\u00e1 d\u00fachodci. J\u00e1 v\u00a0domje, on m\u00e1 svoju ps\u00ed b\u00fadu. Najra\u010di ale le\u017e\u00ed u\u00a0vchodov\u00edch dver\u00ed a\u00a0str\u00e1\u017ei ka\u017ed\u00ed m\u00faj krok, no m\u00e1m aj strach, \u017ee ket o\u00a0\u0148eho zapackuju, tak zrovna ten krok neustr\u00e1\u017e\u00edm a\u00a0spadnu. Wel\u0161pringer\u0161panjeli s\u00fa polovn\u00ed psi, no Adar pl\u0148\u00ed v\u00a0moj\u00e9m \u017eivo\u0165e \u00falohu nenahra\u010fiteln\u00e9ho spole\u010d\u0148\u00edka a\u00a0str\u00e1\u0161cu domu.<\/p>\n<p>R\u00e1s mja kr\u00e1tko po p\u00falnoci obu\u010fil \u0161\u00edlen\u00edm brechotem. Abi neobu\u010fil aj s\u00fased\u00fa, tak sem sa i\u0161el po\u010f\u00edvat, co sa to na dvori \u010feje. F tem sem vi\u010fel dr\u00e1mu, o\u00a0ker\u00fa ide \u2013 n\u00e1\u0161 d\u00fam napadel mal\u00ed je\u017eek! Nevje\u010fel si s\u00a0\u0148\u00edm radi, tak sem to musel vire\u0161it j\u00e1. Je\u0161ka sem nabral na lopatu a\u00a0\u0161up s\u00a0\u0148\u00edm za plot. Zasp\u00e1val sem s\u00a0pocitem, \u017ee to dobre dopadlo, proto\u017ee to nebil nejak\u00ed zlo\u010fej, lebo zlo\u010feja bich enom tak lachko lopat\u00fa pres plot neho\u010fil.<\/p>\n<p>Z\u00a0Adarem cho\u010f\u00edme spolem na proch\u00e1ski do pr\u00edrodi. Je to pes sl\u00ed\u010fi\u010d, a\u00a0tak m\u00e1 furt \u0161\u0148up\u00e1k u\u00a0zemi. Vodu a\u0161 tak moc r\u00e1t nem\u00e1, proto mja r\u00e1s nemilo prekvapil, \u017ee zasl\u00ed\u010fil a\u0161 g\u00a0brehu Moravy. Ne\u0161 sem ho s\u0165ihel okr\u00edkn\u00fat, lupel do vodi a\u00a0nemoh\u00e9l vil\u00e9st sp\u00e1tki na visok\u00ed brech. Stalo sa to ned\u00e1vno a\u00a0tak i\u0161lo o\u00a0\u017eivot n\u00e1m obom. Na\u0161\u0165es\u0165\u00ed on mjel obojek a\u00a0j\u00e1 bl\u00edsko kr\u00ed\u010dek. Dv\u00e1 starci v\u00a0z\u00e1chranej akciji a\u00a0ob\u00e1 smr\u0165 f o\u010d\u00e1ch. Dopadlo to zase dobre, no ot tej dobi ho m\u00e1m furt f pr\u00edrod\u011b na vo\u010f\u00edtku. Jednak je u\u0161 hluch\u00ed a\u00a0jednak u\u0161 nejsme dobr\u00ed plafci.<\/p>\n<p>Mos\u00edm priznat, \u017ee v ohroze\u0148\u00ed sme namo\u010den\u00ed rovn\u00edm \u010f\u00edlem. Tak sem zas j\u00e1 inokedi zapomjel zavr\u00edt dvera ot gar\u00e1\u017ee a jak sem nes\u0165ihel dorobit opravu na au\u0165e, e\u0161\u0165e sem nechal aj otevr\u00edt\u00fa jamu. Nef\u0161imel sem si, \u017ee Adar le\u017eal f tej gar\u00e1\u017ei pri mje a nevi\u0161el ven, ket sem otch\u00e1dzal. R\u00e1no idu psa nakrmit a jeho \u0148igde. Hledal sem ho po zahra\u010fe, po dvori, ale bez\u00faspje\u0161\u0148e. Ten pocit bich u\u0161 nescel za\u017eit. Hnet mi napadlo, \u010di sem ho nezabuchel v gar\u00e1\u017ei, a tak aj bilo. M\u00faj spole\u010d\u0148\u00edk spadel do tej vi\u0161e metrovej jami. Vi\u010fel sem, \u017ee na\u0161\u0165es\u0165\u00ed \u017eije, no mjel sem co \u010felat, abich ho s tej jami vit\u00e1hel. Asi dva d\u0148i kr\u00edval na nohu. Je to velk\u00ed bojov\u0148\u00edk a inteligent\u0148\u00ed tvor, lebo v\u00ed, co pro mja znamen\u00e1. A opa\u010d\u0148e. D\u00fafam, \u017ee nejak\u00ed p\u00e1tek to spolem e\u0161\u010de pot\u00e1hneme. J\u00e1 a pes m\u00e9nem Adar.<\/p>\n<p>P\u00ed\u0161u enom to, co sem v mojem \u017eivo\u0165e vi\u010fel, \u010dul a za\u017eil.<\/p>\n<p><em>Miloslav Tom\u0161ej st.,<\/em><br \/>\n<em>Skali\u010dan \u0165elem aj du\u0161\u00fa<\/em><\/p>\n","protected":false},"excerpt":{"rendered":"<div class=\"mh-excerpt\"><p>J\u00e1 a\u00a0pes m\u00e9nem Adar. Moc si rozum\u00edme u\u0161 v\u00edc jak 10 rok\u00fa. Dostala ho vtedi man\u017eelka ot nevjesti na b\u00edl\u00e9 V\u00e1noce, jak d\u00e1rek f krabici ot bot\u00fa a\u00a0t\u00e1 jej\u00ed rados\u0165 sa a\u0148i nedala op\u00edsat. Kr\u00e1sn\u00e9 <a class=\"mh-excerpt-more\" href=\"http:\/\/skalickyobzor.sk\/cms\/je-nam-spolem-dobre\/\" title=\"Je n\u00e1m spolem dobre\">[&#8230;]<\/a><\/p>\n<\/div>","protected":false},"author":17,"featured_media":3421,"comment_status":"closed","ping_status":"closed","sticky":false,"template":"","format":"standard","meta":{"footnotes":""},"categories":[4],"tags":[],"class_list":{"0":"post-3420","1":"post","2":"type-post","3":"status-publish","4":"format-standard","5":"has-post-thumbnail","7":"category-ja-su-ze-skalice"},"_links":{"self":[{"href":"http:\/\/skalickyobzor.sk\/cms\/wp-json\/wp\/v2\/posts\/3420","targetHints":{"allow":["GET"]}}],"collection":[{"href":"http:\/\/skalickyobzor.sk\/cms\/wp-json\/wp\/v2\/posts"}],"about":[{"href":"http:\/\/skalickyobzor.sk\/cms\/wp-json\/wp\/v2\/types\/post"}],"author":[{"embeddable":true,"href":"http:\/\/skalickyobzor.sk\/cms\/wp-json\/wp\/v2\/users\/17"}],"replies":[{"embeddable":true,"href":"http:\/\/skalickyobzor.sk\/cms\/wp-json\/wp\/v2\/comments?post=3420"}],"version-history":[{"count":3,"href":"http:\/\/skalickyobzor.sk\/cms\/wp-json\/wp\/v2\/posts\/3420\/revisions"}],"predecessor-version":[{"id":3424,"href":"http:\/\/skalickyobzor.sk\/cms\/wp-json\/wp\/v2\/posts\/3420\/revisions\/3424"}],"wp:featuredmedia":[{"embeddable":true,"href":"http:\/\/skalickyobzor.sk\/cms\/wp-json\/wp\/v2\/media\/3421"}],"wp:attachment":[{"href":"http:\/\/skalickyobzor.sk\/cms\/wp-json\/wp\/v2\/media?parent=3420"}],"wp:term":[{"taxonomy":"category","embeddable":true,"href":"http:\/\/skalickyobzor.sk\/cms\/wp-json\/wp\/v2\/categories?post=3420"},{"taxonomy":"post_tag","embeddable":true,"href":"http:\/\/skalickyobzor.sk\/cms\/wp-json\/wp\/v2\/tags?post=3420"}],"curies":[{"name":"wp","href":"https:\/\/api.w.org\/{rel}","templated":true}]}}