{"id":3437,"date":"2020-06-02T20:14:36","date_gmt":"2020-06-02T18:14:36","guid":{"rendered":"http:\/\/skalickyobzor.sk\/cms\/?p=3437"},"modified":"2025-01-30T22:21:42","modified_gmt":"2025-01-30T21:21:42","slug":"nech-ziju-deti","status":"publish","type":"post","link":"http:\/\/skalickyobzor.sk\/cms\/nech-ziju-deti\/","title":{"rendered":"Nech \u017eij\u00fa deti!"},"content":{"rendered":"<p><em><strong>Tento mesiac za\u010d\u00edna jedn\u00fdm z najzn\u00e1mej\u0161\u00edch sviatkov. A najd\u00f4le\u017eitej\u0161\u00edch. V\u0161etci sme boli de\u0165mi (niektor\u00ed z n\u00e1s e\u0161te s\u00fa) a tak Medzin\u00e1rodn\u00fd de\u0148 det\u00ed sa n\u00e1s v\u0161etk\u00fdch dot\u00fdka celkom osobne.<\/strong><\/em><\/p>\n<p>Pokia\u013e nie je pr\u00e1ve karant\u00e9na a\u00a0zo zdravotn\u00fdch d\u00f4vodov\u00a0z\u00e1kaz zhroma\u017e\u010fovania, odohr\u00e1vaj\u00fa sa v\u0161ade oslavy, \u0161koly s\u00fa vyzdoben\u00e9, mest\u00e1 usporad\u00favaj\u00fa cel\u00e9 festivaly hier &#8230; Aj ke\u010f v\u00a0tejto chv\u00edli netu\u0161\u00edme ako bude vyzera\u0165 De\u0148 det\u00ed 2020, bude ur\u010dite in\u00fd a\u00a0ke\u010f vy \u010d\u00edtate tento text, m\u00e1te u\u017e odpove\u010f na to ak\u00fd bol.<\/p>\n<figure id=\"attachment_3440\" aria-describedby=\"caption-attachment-3440\" style=\"width: 881px\" class=\"wp-caption aligncenter\"><img loading=\"lazy\" decoding=\"async\" class=\"size-full wp-image-3440\" src=\"http:\/\/skalickyobzor.sk\/cms\/wp-content\/uploads\/2020\/06\/2-B60W2227.jpg\" alt=\"\" width=\"881\" height=\"588\" srcset=\"http:\/\/skalickyobzor.sk\/cms\/wp-content\/uploads\/2020\/06\/2-B60W2227.jpg 881w, http:\/\/skalickyobzor.sk\/cms\/wp-content\/uploads\/2020\/06\/2-B60W2227-300x200.jpg 300w, http:\/\/skalickyobzor.sk\/cms\/wp-content\/uploads\/2020\/06\/2-B60W2227-768x513.jpg 768w\" sizes=\"auto, (max-width: 881px) 100vw, 881px\" \/><figcaption id=\"caption-attachment-3440\" class=\"wp-caption-text\">MDD v\u00a0Skalici 2019<br \/>Foto: Miroslav Min\u010f\u00e1\u0161<\/figcaption><\/figure>\n<h4>ZRODIL SA SVIATOK<\/h4>\n<p>1. j\u00fan, ako Medzin\u00e1rodn\u00fd de\u0148 det\u00ed \u2013 MDD, je tak silno v\u00a0na\u0161om povedom\u00ed, \u017ee n\u00e1m ani nenapadne, \u017ee ten d\u00e1tum nie je jedin\u00fd, ktor\u00fd sa sp\u00e1ja so sviatkom det\u00ed. 1. j\u00fan sa ujal predov\u0161etk\u00fdm v\u00a0krajin\u00e1ch b\u00fdval\u00e9ho socialistick\u00e9ho v\u00fdchodn\u00e9ho bloku. Napr\u00edklad tento de\u0148 bol sviatkom v\u00a0NDR, vo vtedaj\u0161om NSR oslavovali 20. septembra. V\u00a0Ma\u010farsku sa oslavuje posledn\u00fa m\u00e1jov\u00fa nede\u013eu, vo Venezuele tretiu j\u00falov\u00fa nede\u013eu, v\u00a0Mexiku 30. apr\u00edla, v\u00a0Japonsku 5. m\u00e1ja, v\u00a0moslimsk\u00fdch krajin\u00e1ch 4. j\u00fala. V\u00a0roku 1954 zvolilo UNESCO celosvetovo za Medzin\u00e1rodn\u00fd de\u0148 det\u00ed 20. november. Kde sa, teda, vzal 1. j\u00fan? Bolo to e\u0161te v\u00a0roku 1925, na Svetovej konferencii pre blaho det\u00ed, ktor\u00e1 sa konala v\u00a0\u017deneve. Pre\u010do bol v\u0161ak za term\u00edn tohto sviatku vtedy zvolen\u00fd pr\u00e1ve 1. j\u00fan je dnes z\u00e1hadou. V\u00a0tom roku sa po prv\u00fdkr\u00e1t oslavoval v\u00a0San Franciscu v\u00a0USA. U\u00a0n\u00e1s sa sviatok oslavuje od roku 1952.<\/p>\n<figure id=\"attachment_3442\" aria-describedby=\"caption-attachment-3442\" style=\"width: 900px\" class=\"wp-caption aligncenter\"><img loading=\"lazy\" decoding=\"async\" class=\"size-full wp-image-3442\" src=\"http:\/\/skalickyobzor.sk\/cms\/wp-content\/uploads\/2020\/06\/3-B60W2117.jpg\" alt=\"\" width=\"900\" height=\"600\" srcset=\"http:\/\/skalickyobzor.sk\/cms\/wp-content\/uploads\/2020\/06\/3-B60W2117.jpg 900w, http:\/\/skalickyobzor.sk\/cms\/wp-content\/uploads\/2020\/06\/3-B60W2117-300x200.jpg 300w, http:\/\/skalickyobzor.sk\/cms\/wp-content\/uploads\/2020\/06\/3-B60W2117-768x512.jpg 768w\" sizes=\"auto, (max-width: 900px) 100vw, 900px\" \/><figcaption id=\"caption-attachment-3442\" class=\"wp-caption-text\">MDD v\u00a0Skalici 2019<br \/>Foto: Miroslav Min\u010f\u00e1\u0161<\/figcaption><\/figure>\n<h4>DETI NIE S\u00da MAL\u00cd DOSPEL\u00cd<\/h4>\n<p>To je fakt, no napriek tomu \u010dasto predbehn\u00fa \u010das a s obdivom pozorujeme z\u00e1zra\u010dn\u00e9 deti s ich v\u00fdkonmi, \u010dasto viac ako len porovnate\u013en\u00fdmi s dospel\u00fdmi. Jedn\u00fdm z najzn\u00e1mej\u0161\u00edch z\u00e1zra\u010dn\u00fdch det\u00ed bol Wolfgang Amadeus Mozart, ktor\u00fd u\u017e ako \u0161es\u0165ro\u010dn\u00fd koncertoval vo Viedni a\u00a0Mn\u00edchove. V\u00a0piatich rokoch v\u0161ak u\u017e zlo\u017eil prv\u00e9 skladby a\u00a0v\u00a0\u00f4smych nap\u00edsal prv\u00fa symf\u00f3niu. Na You Tube sledujeme aj\u00a0dnes s\u00a0\u00fa\u017easom predov\u0161etk\u00fdm hudobn\u00e9 vyst\u00fapenia det\u00ed, ktor\u00e9 s\u00fa \u010dasto v\u00a0pred\u0161kolskom veku.<\/p>\n<figure id=\"attachment_3443\" aria-describedby=\"caption-attachment-3443\" style=\"width: 600px\" class=\"wp-caption aligncenter\"><img loading=\"lazy\" decoding=\"async\" class=\"size-full wp-image-3443\" src=\"http:\/\/skalickyobzor.sk\/cms\/wp-content\/uploads\/2020\/06\/francemusique.fre-n10-little-things-you-might-not-know-about-mozart-15566.jpg\" alt=\"\" width=\"600\" height=\"337\" srcset=\"http:\/\/skalickyobzor.sk\/cms\/wp-content\/uploads\/2020\/06\/francemusique.fre-n10-little-things-you-might-not-know-about-mozart-15566.jpg 600w, http:\/\/skalickyobzor.sk\/cms\/wp-content\/uploads\/2020\/06\/francemusique.fre-n10-little-things-you-might-not-know-about-mozart-15566-300x169.jpg 300w\" sizes=\"auto, (max-width: 600px) 100vw, 600px\" \/><figcaption id=\"caption-attachment-3443\" class=\"wp-caption-text\">W. A. Mozart<br \/>Zdroj: francemusique.fr<\/figcaption><\/figure>\n<p>Nie je to v\u0161ak len hudba. N\u00edzky vek akosi prirodzene patr\u00ed napr\u00edklad ku gymnastike. U\u017e na prv\u00fdch olympijsk\u00fdch hr\u00e1ch v roku 1896 z\u00edskal na bradl\u00e1ch bronzov\u00fa medailu Dimitrios Lundras, ktor\u00fd mal len o m\u00e1lo viac ako 10 rokov. Napokon, Ondrej Nepela, po ktorom je pomenovan\u00fd n\u00e1\u0161 n\u00e1rodn\u00fd zimn\u00fd \u0161tadi\u00f3n, mal na svojej prvej olympi\u00e1de len trin\u00e1s\u0165. V\u00a0rovnakom veku sa stal N\u00f3r Magnus Carlsen \u0161achov\u00fdm ve\u013emajstrom.<\/p>\n<figure id=\"attachment_3446\" aria-describedby=\"caption-attachment-3446\" style=\"width: 480px\" class=\"wp-caption aligncenter\"><img loading=\"lazy\" decoding=\"async\" class=\"size-full wp-image-3446\" src=\"http:\/\/skalickyobzor.sk\/cms\/wp-content\/uploads\/2020\/06\/youtube.com-watchvCs2xbi5eUf0.jpg\" alt=\"\" width=\"480\" height=\"269\" srcset=\"http:\/\/skalickyobzor.sk\/cms\/wp-content\/uploads\/2020\/06\/youtube.com-watchvCs2xbi5eUf0.jpg 480w, http:\/\/skalickyobzor.sk\/cms\/wp-content\/uploads\/2020\/06\/youtube.com-watchvCs2xbi5eUf0-300x168.jpg 300w\" sizes=\"auto, (max-width: 480px) 100vw, 480px\" \/><figcaption id=\"caption-attachment-3446\" class=\"wp-caption-text\">Mlad\u00fd Ondrej Nepela<br \/>Zdroj: youtube.com<\/figcaption><\/figure>\n<p>Aby sme sa pr\u00edli\u0161 neroz\u0161irovali, tak len pre zauj\u00edmavos\u0165 najmlad\u0161\u00ed ofici\u00e1lny spisovate\u013e na svete Jona David mal v\u00a0\u010dase vydania svojho debutu v\u00a0roku 2015 len dev\u00e4\u0165. To v\u0161etko neznamen\u00e1, \u017ee deti, ktor\u00e9 nie s\u00fa u\u017e vtedy v\u00fdnimo\u010dn\u00e9, nemaj\u00fa to najlep\u0161ie e\u0161te len pred sebou.<\/p>\n<h4>NEDOBROVO\u013dN\u00c1 SL\u00c1VA<\/h4>\n<p>Osudy v\u0161ak m\u00f4\u017eu by\u0165 i celkom in\u00e9 a deti sa m\u00f4\u017eu sta\u0165 len s\u00fa\u010das\u0165ou hry dej\u00edn a predov\u0161etk\u00fdm s\u00fa\u010das\u0165ou hry t\u00fdch, ktor\u00ed sa sna\u017eili cez deti dosta\u0165 k moci. Zn\u00e1my Ivan Hrozn\u00fd sa stal form\u00e1lne moskovsk\u00fdm knie\u017ea\u0165om u\u017e v troch rokoch, no v trin\u00e1stich urobil prevrat a chopil sa vl\u00e1dy naozaj. Benedikt IX. sa stal p\u00e1pe\u017eom ako dvan\u00e1s\u0165ro\u010dn\u00fd. Izabela II. bola za \u0161panielsku kr\u00e1\u013eovn\u00fa vymenovan\u00e1 v troch rokoch, i ke\u010f korunovan\u00e1 bola a\u017e v trin\u00e1stich. Christina \u0160v\u00e9dska nast\u00fapila na tr\u00f3n po smrti svojho otca ako \u0161es\u0165ro\u010dn\u00e1. O to sk\u00f4r ju to prestalo bavi\u0165 a u\u017e v 16-tich odst\u00fapila. Posledn\u00fd \u010d\u00ednsky cis\u00e1r Puyi mal dva roky, ke\u010f zasadol na Nebesk\u00fd tr\u00f3n v Zak\u00e1zanom meste. Len o tri roky nesk\u00f4r v\u0161ak cis\u00e1rstvo porazila republika a b\u00fdval\u00fd cis\u00e1r do\u017eil ako z\u00e1hradn\u00edk.<\/p>\n<p>Tak\u00fd Henrich VI. bol korunovan\u00fd len v\u00a0deviatich mesiacoch a,\u00a0vraj, cel\u00fa korunov\u00e1ciu prereval. To u\u00a0n\u00e1s, vo vtedaj\u0161om Uhorsku, bol Ladislav Pohrobok vo veku\u00a0\u0161tyroch mesiacov u\u017e zvrhnut\u00fd. Pravdepodobne jedin\u00fd panovn\u00edk, ktor\u00fd \u201evl\u00e1dol\u201c po cel\u00fd \u017eivot, bol franc\u00fazsky kr\u00e1\u013e John I. Stal sa kr\u00e1\u013eom ihne\u010f po svojom naroden\u00ed, no do\u017eil sa len piatich dn\u00ed.<\/p>\n<p>Naopak, najdlh\u0161ie vl\u00e1dnucim panovn\u00edkom bol svazijsk\u00fd kr\u00e1\u013e Sobhuza II., ktor\u00fd nast\u00fapil na tr\u00f3n ako jednoro\u010dn\u00fd a\u00a0vl\u00e1dol a\u017e do svojej smrti o\u00a082 rokov nesk\u00f4r. Popravde \u2013 hra na princezn\u00e9 a\u00a0rozpr\u00e1vky o\u00a0mlad\u00fdch kr\u00e1\u013eoch s\u00fa ove\u013ea kraj\u0161ie ako skuto\u010dnos\u0165. K\u00fdm rozpr\u00e1vka to kr\u00e1sne do detsk\u00e9ho \u017eivota vn\u00e1\u0161a, skuto\u010dn\u00e9 vlad\u00e1rske povinnosti de\u0165om ich detstvo kradn\u00fa.<\/p>\n<h4>CENA ZA N\u00c1\u0160 LUXUS<\/h4>\n<p>Ul\u00fapenie detstva m\u00f4\u017ee ma\u0165 mnoho pod\u00f4b a\u00a0\u010dasto k\u00a0nemu nechtiac prispievame. Niekedy si nevid\u00edme \u010falej od svojho nosa a\u00a0mnoho hrozn\u00fdch javov tohto sveta existuje len preto, lebo my rie\u0161ime probl\u00e9my z\u00a0na\u0161ej perspekt\u00edvy a\u00a0v\u00e4\u010d\u0161ina \u013eud\u00ed sa ani nezauj\u00edma o\u00a0to, \u010do t\u00fdm rie\u0161eniam predch\u00e1dza. Dobr\u00fdm pr\u00edkladom je od\u013eah\u010denie pre ovzdu\u0161ie z\u00e1menou klasick\u00fdch automobilov so spa\u013eovac\u00edmi motormi za elektromobily. K\u013e\u00fa\u010dov\u00fdm komponentom do bat\u00e9ri\u00ed nielen elektromobilov, ale aj mobilov a\u00a0laptopov, je kobalt. Polovica z\u00a0jeho svetov\u00fdch z\u00e1sob sa nach\u00e1dza v\u00a0Kongu a\u00a0pr\u00e1ve jeho \u0165a\u017eba sa sp\u00e1ja s\u00a0vyu\u017e\u00edvan\u00edm otrockej pr\u00e1ce desiatok tis\u00edc det\u00ed. Mali by sme na to myslie\u0165, v\u0161etci, aspo\u0148 vo chv\u00edli, ke\u010f men\u00edme star\u00fd model telef\u00f3nu alebo notebooku za nov\u0161\u00ed a\u00a0len preto, aby sme boli in.<\/p>\n<p>Navy\u0161e, nielen vtedy, ale aj ke\u010f z\u00a0rovnak\u00fdch d\u00f4vodov nakupujeme lacn\u00e9 m\u00f3dne oble\u010denie. Viete, \u017ee k\u00a0najv\u00e4\u010d\u0161\u00edm v\u00fdrobcom odevov na svete patr\u00ed Banglad\u00e9\u0161? N\u00e1klady na v\u00fdrobu s\u00fa tu toti\u017e najni\u017e\u0161ie aj v\u010faka st\u00e1tis\u00edcom det\u00ed vo veku od 10 do 14 rokov, ktor\u00e9 pracuj\u00fa a\u00a0v\u00e4\u010d\u0161inou aj\u00a0\u017eij\u00fa a\u00a0b\u00fdvaj\u00fa priamo vo fabrik\u00e1ch. Ich mzda nepresahuje ani dvadsa\u0165 eur za cel\u00fd mesiac.<\/p>\n<p>Pod\u013ea Medzin\u00e1rodnej organiz\u00e1cie pr\u00e1ce pracuje na celom svete, \u010dasto v hrozn\u00fdch podmienkach a\u017e 152 mili\u00f3nov det\u00ed. V\u00e4\u010d\u0161ina z nich m\u00e1 od 5 do 11 rokov. Ak zv\u00fd\u0161ime hranicu a\u017e po pr\u00e1vnu dospelos\u0165, potom sa toto \u010d\u00edslo vy\u0161plh\u00e1 na 218 mili\u00f3nov. S podielom vykoris\u0165ovan\u00fdch det\u00ed sa nestret\u00e1vame v\u0161ak len pri elektronike, \u010di textile. V\u00e4\u010d\u0161ina det\u00ed z toho obrovsk\u00e9ho mno\u017estva toti\u017e pracuje v po\u013enohospod\u00e1rstve a tak sa jej podiel nach\u00e1dza vo v\u00fdrobkoch z kakaa, v k\u00e1ve, tabaku, vo veciach z bavlny. Pri zahryznut\u00ed do \u010dokol\u00e1dy si spome\u0148me na to, \u017ee len na kakaov\u00fdch plant\u00e1\u017each na Pobre\u017e\u00ed slonoviny a v Ghane pracuje 2,1 mili\u00f3na det\u00ed &#8230; Tu sa pridru\u017euje \u010fal\u0161\u00ed sviatok \u2013 12. j\u00fan je Medzin\u00e1rodn\u00fdm d\u0148om boja proti detskej pr\u00e1ci. Akosi n\u00e1m oba v\u00fdznamn\u00e9 dni splynuli do jednej t\u00e9my, vlastne, jeden bez druh\u00e9ho ani nemaj\u00fa zmysel.<\/p>\n<figure id=\"attachment_3451\" aria-describedby=\"caption-attachment-3451\" style=\"width: 858px\" class=\"wp-caption aligncenter\"><img loading=\"lazy\" decoding=\"async\" class=\"size-full wp-image-3451\" src=\"http:\/\/skalickyobzor.sk\/cms\/wp-content\/uploads\/2020\/06\/refresher.sk-30144-Vies-co-stoji-za-vyrobou-lacneho-oblecenia-Detska-praca-hrozive-podmienky-a-zufalstvo.jpg\" alt=\"\" width=\"858\" height=\"536\" srcset=\"http:\/\/skalickyobzor.sk\/cms\/wp-content\/uploads\/2020\/06\/refresher.sk-30144-Vies-co-stoji-za-vyrobou-lacneho-oblecenia-Detska-praca-hrozive-podmienky-a-zufalstvo.jpg 858w, http:\/\/skalickyobzor.sk\/cms\/wp-content\/uploads\/2020\/06\/refresher.sk-30144-Vies-co-stoji-za-vyrobou-lacneho-oblecenia-Detska-praca-hrozive-podmienky-a-zufalstvo-300x187.jpg 300w, http:\/\/skalickyobzor.sk\/cms\/wp-content\/uploads\/2020\/06\/refresher.sk-30144-Vies-co-stoji-za-vyrobou-lacneho-oblecenia-Detska-praca-hrozive-podmienky-a-zufalstvo-768x480.jpg 768w\" sizes=\"auto, (max-width: 858px) 100vw, 858px\" \/><figcaption id=\"caption-attachment-3451\" class=\"wp-caption-text\">Zdroj: refresher.sk<\/figcaption><\/figure>\n<h4>NEZABUDN\u00da\u0164 NA DETSTVO<\/h4>\n<p>Deti s\u00fa tu rovnako dlho ako \u013eudstvo. Pod\u013ea nerozl\u00fa\u0161ten\u00e9ho probl\u00e9mu, \u010di bola sk\u00f4r sliepka alebo vajce, tu museli by\u0165 deti dokonca sk\u00f4r ako my, dospel\u00ed. A ke\u010f\u017ee my, dospel\u00ed, m\u00e1me detstvo za sebou, dobre vieme, \u017ee by\u0165 die\u0165a\u0165om nie je v\u00f4bec jednoduch\u00e9. Prajeme preto v\u0161etk\u00fdm de\u0165om kr\u00e1sne detstvo, \u0161\u0165astn\u00e9, bez str\u00e1dania a\u00a0smutn\u00fdch dn\u00ed. Ak sa to spln\u00ed, mohla by by\u0165 st\u00e1la n\u00e1dej, \u017ee detstvo ostane detstvom i\u00a0ke\u010f pr\u00edde \u010fal\u0161ia gener\u00e1cia. A\u00a0deti, ktor\u00e9 medzit\u00fdm dospeli a\u00a0stali sa rodi\u010dmi, si v\u017edy povzdychn\u00fa: \u0160koda, \u017ee na\u0161e deti u\u017e neza\u017eij\u00fa detstvo ak\u00e9 sme mali my. No, deti by to nevymenili ani za svet a\u00a0tv\u00e1ria sa, \u017ee netu\u0161ia, o\u00a0\u010dom hovor\u00edme. Detstvo si, jednoducho, mus\u00ed pre\u017ei\u0165 ka\u017ed\u00fd to svoje. A\u00a0samo. Tak e\u0161te raz: Nech je v\u00a0\u0148om v\u0161etko najlep\u0161ie!<\/p>\n<figure id=\"attachment_3452\" aria-describedby=\"caption-attachment-3452\" style=\"width: 881px\" class=\"wp-caption aligncenter\"><img loading=\"lazy\" decoding=\"async\" class=\"size-full wp-image-3452\" src=\"http:\/\/skalickyobzor.sk\/cms\/wp-content\/uploads\/2020\/06\/4-B60W2027.jpg\" alt=\"\" width=\"881\" height=\"588\" srcset=\"http:\/\/skalickyobzor.sk\/cms\/wp-content\/uploads\/2020\/06\/4-B60W2027.jpg 881w, http:\/\/skalickyobzor.sk\/cms\/wp-content\/uploads\/2020\/06\/4-B60W2027-300x200.jpg 300w, http:\/\/skalickyobzor.sk\/cms\/wp-content\/uploads\/2020\/06\/4-B60W2027-768x513.jpg 768w\" sizes=\"auto, (max-width: 881px) 100vw, 881px\" \/><figcaption id=\"caption-attachment-3452\" class=\"wp-caption-text\">MDD v\u00a0Skalici 2019<br \/>Foto: Miroslav Min\u010f\u00e1\u0161<\/figcaption><\/figure>\n","protected":false},"excerpt":{"rendered":"<div class=\"mh-excerpt\"><p>Tento mesiac za\u010d\u00edna jedn\u00fdm z najzn\u00e1mej\u0161\u00edch sviatkov. A najd\u00f4le\u017eitej\u0161\u00edch. V\u0161etci sme boli de\u0165mi (niektor\u00ed z n\u00e1s e\u0161te s\u00fa) a tak Medzin\u00e1rodn\u00fd de\u0148 det\u00ed sa n\u00e1s v\u0161etk\u00fdch dot\u00fdka celkom osobne. Pokia\u013e nie je pr\u00e1ve karant\u00e9na a\u00a0zo <a class=\"mh-excerpt-more\" href=\"http:\/\/skalickyobzor.sk\/cms\/nech-ziju-deti\/\" title=\"Nech \u017eij\u00fa deti!\">[&#8230;]<\/a><\/p>\n<\/div>","protected":false},"author":15,"featured_media":3438,"comment_status":"closed","ping_status":"closed","sticky":false,"template":"","format":"standard","meta":{"footnotes":""},"categories":[2],"tags":[],"class_list":{"0":"post-3437","1":"post","2":"type-post","3":"status-publish","4":"format-standard","5":"has-post-thumbnail","7":"category-hlavna-tema"},"_links":{"self":[{"href":"http:\/\/skalickyobzor.sk\/cms\/wp-json\/wp\/v2\/posts\/3437","targetHints":{"allow":["GET"]}}],"collection":[{"href":"http:\/\/skalickyobzor.sk\/cms\/wp-json\/wp\/v2\/posts"}],"about":[{"href":"http:\/\/skalickyobzor.sk\/cms\/wp-json\/wp\/v2\/types\/post"}],"author":[{"embeddable":true,"href":"http:\/\/skalickyobzor.sk\/cms\/wp-json\/wp\/v2\/users\/15"}],"replies":[{"embeddable":true,"href":"http:\/\/skalickyobzor.sk\/cms\/wp-json\/wp\/v2\/comments?post=3437"}],"version-history":[{"count":5,"href":"http:\/\/skalickyobzor.sk\/cms\/wp-json\/wp\/v2\/posts\/3437\/revisions"}],"predecessor-version":[{"id":5709,"href":"http:\/\/skalickyobzor.sk\/cms\/wp-json\/wp\/v2\/posts\/3437\/revisions\/5709"}],"wp:featuredmedia":[{"embeddable":true,"href":"http:\/\/skalickyobzor.sk\/cms\/wp-json\/wp\/v2\/media\/3438"}],"wp:attachment":[{"href":"http:\/\/skalickyobzor.sk\/cms\/wp-json\/wp\/v2\/media?parent=3437"}],"wp:term":[{"taxonomy":"category","embeddable":true,"href":"http:\/\/skalickyobzor.sk\/cms\/wp-json\/wp\/v2\/categories?post=3437"},{"taxonomy":"post_tag","embeddable":true,"href":"http:\/\/skalickyobzor.sk\/cms\/wp-json\/wp\/v2\/tags?post=3437"}],"curies":[{"name":"wp","href":"https:\/\/api.w.org\/{rel}","templated":true}]}}