{"id":3537,"date":"2020-07-07T00:02:06","date_gmt":"2020-07-06T22:02:06","guid":{"rendered":"http:\/\/skalickyobzor.sk\/cms\/?p=3537"},"modified":"2020-07-07T00:53:06","modified_gmt":"2020-07-06T22:53:06","slug":"supliky-plne-pokladov","status":"publish","type":"post","link":"http:\/\/skalickyobzor.sk\/cms\/supliky-plne-pokladov\/","title":{"rendered":"\u0160upl\u00edky pln\u00e9 pokladov"},"content":{"rendered":"<p><em><strong>Skalica je jedn\u00fdm z\u00a0miest, okrem in\u00e9ho bohat\u00fdch i\u00a0na mno\u017estvo publik\u00e1ci\u00ed, v\u00a0ktor\u00fdch je hlavn\u00fdm hrdinom na\u0161e mesto. Ostatnou v\u00a0rade je kniha \u201e\u010cas Skalici ve\u013ea dal a\u00a0vzal\u201c. Jej autorom je PhDr. Peter Brezina, slovensk\u00fd region\u00e1lny historik, zameriavaj\u00faci sa na regi\u00f3n Z\u00e1horia.<\/strong><\/em><\/p>\n<p>I ke\u010f je autor pevnou s\u00fa\u010das\u0165ou \u017eivota Skalice, narodil sa v roku 1954 v Hol\u00ed\u010di. Po maturite na skalickej SV\u0160 pokra\u010doval v rokoch 1973 \u2013 1978 v \u0161t\u00fadiu hist\u00f3rie a filozofie na Univerzite Komensk\u00e9ho v Bratislave a v rokoch 1984 \u2013 1987 muzeol\u00f3gie na Univerzite J. E. Purkyn\u011b v Brne. Doktorandsk\u00e9 \u0161t\u00fadium ukon\u010dil v Bratislave obhajobou pr\u00e1ce o F. V. Sasinkovi ako prvom slovenskom n\u00e1rodnom m\u00fazejn\u00edkovi (1988). P\u00f4sobil ako pedag\u00f3g na Gymn\u00e1ziu v Skalici (1978\u20131981), pracoval v Z\u00e1horskom m\u00fazeu v Skalici (1981\u20131990) a na Z\u0160 v Gbeloch (1990). V rokoch 1990 \u2013 2011 podnikal v papierenskom a polygrafickom priemysle. V s\u00fa\u010dasnosti sa, u\u017e ako d\u00f4chodca, na\u010falej akt\u00edvne venuje hist\u00f3rii a v\u00fdsledky svojej pr\u00e1ce ne\u00fanavne publikuje.<\/p>\n<p><strong>Kedy ste za\u010dali tu\u0161i\u0165, \u017ee Va\u0161a \u017eivotn\u00e1 dr\u00e1ha bude venovan\u00e1 hist\u00f3rii?<\/strong><br \/>\nBolo to pomerne skoro, u\u017e na z\u00e1kladnej \u0161kole v Mikulove, kde sme \u017eili v dome pod z\u00e1mkom. V tomto dome bol sklad historick\u00e9ho n\u00e1bytku Lichtensteinovcov, zachr\u00e1nen\u00e9ho zo z\u00e1mku pred po\u017eiarom v roku 1945. Detsk\u00e9 potulky po z\u00e1mku, hrobke Lichtensteinovcov, po Koz\u00edm hr\u00e1dku a kalv\u00e1rii Na Kope\u010dku mali vplyv na formovanie z\u00e1ujmu. Ako \u017eiak moravskej \u0161koly som viackr\u00e1t nav\u0161t\u00edvil Skalicu a\u00a0zaujali ma pamiatky Skalice, ktor\u00e9 n\u00e1m p\u00fatavo ukazoval Dr. Franti\u0161ek Buchta. Vtedy som netu\u0161il, \u017ee tu raz budem \u017ei\u0165. Z\u00e1kladn\u00fa \u0161kolu som v\u0161ak dokon\u010dil u\u017e v\u00a0Skalici a\u00a0vtedy u\u017e bolo jasn\u00e9 moje rozhodnutie sta\u0165 sa u\u010dite\u013eom dejepisu.<\/p>\n<p><strong>Viedol v\u00e1s k\u00a0hist\u00f3rii niekto z\u00a0rodiny?<\/strong><br \/>\nSvoj\u00edm sp\u00f4sobom nechtiac \u00e1no. Od babky, dedka som po\u010d\u00faval pr\u00edbehy o\u00a0regul\u00e1cii rieky Moravy, o\u00a0ich slu\u017ebe v\u00a0rak\u00faskych rodin\u00e1ch a\u00a0v\u00a0hol\u00ed\u010dskych \u017eidovsk\u00fdch rodin\u00e1ch e\u0161te pred 1. svetovou vojnou, o\u00a0smrti pradeda v\u00a0tejto vojne, o\u00a0strastiach vojen, o\u00a0\u017eivote hol\u00ed\u010dskych a\u00a0skalick\u00fdch \u017eivnostn\u00edkov. Najm\u00e4 dedo a\u00a0mama vedeli p\u00fatavo rozpr\u00e1va\u0165 o\u00a0Hol\u00ed\u010dskom z\u00e1mku, o\u00a0trhoch v\u00a0obidvoch mest\u00e1ch, o\u00a0osudoch \u017didov, o\u00a0meniacich sa re\u017eimoch po\u010das ich \u017eivota.<\/p>\n<p><strong>\u010co V\u00e1m dnes ch\u00fdba zo Skalice V\u00e1\u0161ho detstva?<\/strong><br \/>\nSkalica vyr\u00e1stla do kr\u00e1sy a\u00a0nie je toho ve\u013ea, \u010do mi ch\u00fdba. \u0160koda je v\u0161ak na\u0161ej skalickej uli\u010dky Pod mestskou z\u010fou, kde som kedysi b\u00fdval. \u0160koda je san\u00e1cie budov na N\u00e1mest\u00ed slobody. Kto v\u0161ak mohol tu\u0161i\u0165, \u017ee Skalica bude ma\u0165 v\u00a0bud\u00facnosti obchvat? \u010ciasto\u010dne nezmyseln\u00e1 zostala len asan\u00e1cia v\u00a0hornej \u010dasti Poto\u010dnej ulice za \u00fa\u010delom postavenia nov\u00fdch budov nemocnice, \u010do sa v\u0161ak po zmene re\u017eimu v\u00a0roku 1989 neuskuto\u010dnilo.<\/p>\n<p><strong>Je v\u00a0Skalici nie\u010do unik\u00e1tne, o\u00a0\u010dom mnoho \u013eud\u00ed ani nevie, pri\u010dom mo\u017eno chodia denne okolo?<\/strong><br \/>\nTo iste. Napr\u00edklad: Na mieste teraj\u0161ej kalv\u00e1rie st\u00e1val hrad, na Ru\u017eovej ulici sa nach\u00e1dza dom Pomocnej pokladnice, ktor\u00e1 bola prv\u00fdm svojpomocn\u00fdm pe\u0148a\u017en\u00fdm spolkom skalick\u00fdch Slov\u00e1kov, kaplnka sv. Al\u017ebety na Kr\u00e1\u013eovskej bola v stredoveku gotick\u00fdm kostolom, v dome s pam\u00e4tnou doskou D. G. Licharda na Poto\u010dnej ul. bola redakcia prv\u00e9ho slovensk\u00e9ho odborn\u00e9ho hospod\u00e1rskeho \u010dasopisu Obzor. Na Sasinkovej ulici sa zachovala budova mestsk\u00e9ho pivovaru. Na n\u00e1dvor\u00ed kl\u00e1\u0161tora milosrdn\u00fdch bratov sa nach\u00e1dza barokov\u00e1 socha sv. Jozefa.<\/p>\n<p><strong>Va\u0161u nov\u00fa knihu ste pomenovali \u010cas Skalici ve\u013ea dal a\u00a0vzal. \u010co z\u00a0toho je v\u00a0knihe?<\/strong><br \/>\nKniha prin\u00e1\u0161a prv\u00fa \u010das\u0165 poh\u013eadn\u00edc, od najstar\u0161\u00edch, z roku 1896, cez panor\u00e1my, viacobr\u00e1zkov\u00e9 a poh\u013eadnice skalick\u00fdch n\u00e1mest\u00ed, ul\u00edc Poto\u010dnej a Kr\u00e1\u013eovskej. V knihe sa nach\u00e1dza okrem poh\u013eadn\u00edc v\u00fdber m\u00e1p, projektov, graf\u00edk, obrazov a fotografi\u00ed. To preto, lebo nie v\u0161etky skalick\u00e9 udalosti zachytili poh\u013eadnice. Kn\u00edh o poh\u013eadniciach vy\u0161lo na Slovensku desiatky. Skalick\u00e1 je in\u00e1 pre jej prepojenie s hist\u00f3riou a doplnen\u00edm poh\u013eadn\u00edc o \u010fal\u0161iu dokument\u00e1ciu.<\/p>\n<p><strong>Kniha u\u017e je na svete od za\u010diatku marca, no koronav\u00edrus prekazil trochu pl\u00e1ny s\u00a0jej uveden\u00edm do \u017eivota a\u00a0predajom. Uvediete ju dodato\u010dne do \u017eivota a\u00a0kde ju m\u00f4\u017eeme k\u00fapi\u0165?<\/strong><br \/>\nUvedenie do \u017eivota bude d\u0148a 9. j\u00fala 2020 v starom kine Sloboda o 17.00 hodine, v r\u00e1mci predn\u00e1\u0161kov\u00e9ho cyklu Potulky hist\u00f3riou Skalice, kde sa uskuto\u010dn\u00ed aj prv\u00fd predaj kn\u00edh. Po tomto d\u00e1tume bude kniha dostupn\u00e1 k zak\u00fapeniu v Turistickom informa\u010dnom centre Skalica a v Mestskej kni\u017enici Skalica.<\/p>\n<p><strong>Je t\u00e1to publik\u00e1cia nie\u010d\u00edm v\u00fdnimo\u010dn\u00e1 aj v\u00a0rade Va\u0161ich kn\u00edh?<\/strong><br \/>\nPo prv\u00fdkr\u00e1t som zvolil odl\u00ed\u0161enie textov farebn\u00fdm podkladom, pod\u013ea ich obsahu \u2013 texty z\u00a0hist\u00f3rie, spomienky, cit\u00e1cie,\u00a0pr\u00edbehy a\u00a0inform\u00e1cie o\u00a0poh\u013eadniciach a\u00a0filokartistoch. Kniha je preplnen\u00e1 fotodokumentami, \u010do bol v\u0161ak z\u00e1mer. Ver\u00edm, \u017ee \u010ditatelia t\u00fato \u201epreplnenos\u0165\u201c ocenia.<\/p>\n<p><strong>V\u0161etky poh\u013eadnice v\u00a0knihe s\u00fa z\u00a0Va\u0161ej zbierky?<\/strong><br \/>\nPo\u010det v\u0161etk\u00fdch poh\u013eadn\u00edc Skalice sa odhaduje na takmer osemsto a\u00a0\u017eiadny zberate\u013e\u00a0ani in\u0161tit\u00facia nem\u00e1 v\u00a0zbierke v\u0161etky. Na\u0161e Z\u00e1horsk\u00e9 m\u00fazeum m\u00e1 spomedzi in\u0161tit\u00faci\u00ed najpo\u010detnej\u0161iu kolekciu skalick\u00fdch poh\u013eadn\u00edc v\u00a0po\u010dte takmer dvesto. Moja zbierka skalick\u00fdch poh\u013eadn\u00edc sa bl\u00ed\u017ei k\u00a0po\u010dtu tristo. Pre prv\u00fd diel v\u0161ak poskytli poh\u013eadnice aj bratislavsk\u00ed zberatelia Dr. Michal Zika, Ing. Jarom\u00edr Stacho, skalick\u00ed zberatelia Dr. Adri\u00e1n Ne\u010das, Dr. J\u00falia Horv\u00e1thov\u00e1, Daniel Kos\u00edk a\u00a0\u010fal\u0161\u00ed.<\/p>\n<p><img loading=\"lazy\" decoding=\"async\" class=\"aligncenter size-full wp-image-3547\" src=\"http:\/\/skalickyobzor.sk\/cms\/wp-content\/uploads\/2020\/07\/IMG6037.jpg\" alt=\"\" width=\"1052\" height=\"728\" srcset=\"http:\/\/skalickyobzor.sk\/cms\/wp-content\/uploads\/2020\/07\/IMG6037.jpg 1052w, http:\/\/skalickyobzor.sk\/cms\/wp-content\/uploads\/2020\/07\/IMG6037-300x208.jpg 300w, http:\/\/skalickyobzor.sk\/cms\/wp-content\/uploads\/2020\/07\/IMG6037-1024x709.jpg 1024w, http:\/\/skalickyobzor.sk\/cms\/wp-content\/uploads\/2020\/07\/IMG6037-768x531.jpg 768w\" sizes=\"auto, (max-width: 1052px) 100vw, 1052px\" \/><\/p>\n<p>&nbsp;<\/p>\n<p><strong>Ste historik, ktor\u00fd poh\u013eadnice nielen zbiera, ale aj spracov\u00e1va, eviduje a\u00a0dokumentuje.<\/strong><br \/>\nMoj\u00edm hlavn\u00fdm z\u00e1ujmom s\u00fa najm\u00e4 s\u00fabory fotografi\u00ed, negat\u00edvov a\u00a0kabinetiek jednotliv\u00fdch obc\u00ed a\u00a0miest Z\u00e1horia, dokumenty arch\u00edvnej, kni\u017enej, menej m\u00fazejnej hodnoty. Pomerne rozsiahla je moja zbierka cen\u00edn. a\u00a0po\u0161tovej hist\u00f3rie Z\u00e1horia. Zberate\u013estvu poh\u013eadn\u00edc zo Z\u00e1horia, vr\u00e1tane obc\u00ed, ktor\u00e9 boli pri\u010dlenen\u00e9 k\u00a0Bratislave, sa venujem pas\u00edvne od roku 1980, akt\u00edvne a\u00a0intenz\u00edvne od roku 2000.<\/p>\n<p><strong>\u010coho si zo zbierky skalick\u00fdch poh\u013eadn\u00edc v\u00e1\u017eite najviac a\u00a0\u010do z\u00a0toho m\u00e1 najv\u00e4\u010d\u0161iu historick\u00fa hodnotu?<\/strong><br \/>\nFinan\u010dn\u00e1 a historick\u00e1 hodnota poh\u013eadnice sa \u010dastokr\u00e1t nekryj\u00fa. Na burz\u00e1ch niekedy narastie cena niektorej poh\u013eadnice a\u017e do v\u00fd\u0161ky sto euro za kus. V mojej zbierke patria k najvz\u00e1cnej\u0161\u00edm viacokienkov\u00e9 poh\u013eadnice vydan\u00e9 do 1. svetovej vojny. Zvl\u00e1\u0161tnu historick\u00fa hodnotu maj\u00fa aj niektor\u00e9 poh\u013eadnice ni\u017e\u0161ej finan\u010dnej hodnoty, ktor\u00e9 v\u0161ak zobrazuj\u00fa zaniknut\u00fa realitu.<\/p>\n<p><strong>Ak\u00e1 je vlastne hist\u00f3ria samotn\u00fdch poh\u013eadn\u00edc?<\/strong><br \/>\nPoh\u013eadnice sa vyvinuli z kore\u0161ponden\u010dn\u00fdch l\u00edstkov v USA, u\u017e v roku 1843, na ktor\u00e9 za\u010dali firmy prid\u00e1va\u0165 obr\u00e1zky svojich v\u00fdrobkov, nesk\u00f4r v Anglicku a Nemecku. Boli neofici\u00e1lne, lebo ich nezaviedla a nepovolila po\u0161tov\u00e1 spr\u00e1va. V medzin\u00e1rodnom po\u0161tovom styku boli schv\u00e1len\u00e9 a\u017e v roku 1878. V rak\u00fasko-uhorskej monarchii, a\u00a0teda aj na Slovensku, zaviedli kore\u0161ponden\u010dn\u00e9 l\u00edstky v\u00a0po\u0161tovom styku v\u00a0roku 1869 a\u00a0od roku 1872 bola povolen\u00e1 na nich dotla\u010d obr\u00e1zkov. Skuto\u010dn\u00e9 poh\u013eadnice na Slovenku sa objavili v\u00a0roku 1885.<\/p>\n<p><strong>Maj\u00fa niektor\u00e9 k\u00fasky vo Va\u0161ej zbierke zvl\u00e1\u0161tny pr\u00edbeh?<\/strong><br \/>\nIde o\u00a0to, \u010di sa mysl\u00ed kuri\u00f3znos\u0165 samotnej poh\u013eadnice alebo zauj\u00edmavos\u0165 pri jej z\u00edskavan\u00ed. Kuri\u00f3zne s\u00fa niektor\u00e9 poh\u013eadnice Skalice, lebo s\u00fa oproti skuto\u010dnosti zrkadlovo obr\u00e1ten\u00e9 alebo je na nich vytla\u010den\u00fd nespr\u00e1vny n\u00e1zov. Pri z\u00edskavan\u00ed nov\u00e9ho druhu poh\u013eadnice ka\u017ed\u00fd zberate\u013e situ\u00e1ciu pocitovo pre\u017e\u00edva. Niekedy prezer\u00e1te celkom zapr\u00e1\u0161en\u00fa povalu a\u00a0zbad\u00e1te ak\u00e9si papiere. A\u017e doma, po vy\u010disten\u00ed, zbad\u00e1te, \u017ee tak\u00fa poh\u013eadnicu nem\u00e1te.<\/p>\n<p><strong>Skalica m\u00e1 nielen bohat\u00fa hist\u00f3riu, ale aj mnoho historick\u00fdch materi\u00e1lov. Je t\u00fdm pr\u00e1ca na nov\u00fdch t\u00e9mach jednoduch\u0161ia alebo komplikovanej\u0161ia?<\/strong><br \/>\nSamozrejme, \u010d\u00edm viac materi\u00e1lov je k\u00a0dispoz\u00edcii, o\u00a0to n\u00e1ro\u010dnej\u0161ie je b\u00e1danie.<\/p>\n<p><strong>Mimochodom, ak\u00fa \u00falohu hr\u00e1 pri Va\u0161ej pr\u00e1ci odha\u013eovanie pravdy, ke\u010f\u017ee i\u00a0historick\u00e9 materi\u00e1ly boli \u010dasto \u00fa\u010delovo deformovan\u00e9?<\/strong><br \/>\nNiekedy je to detekt\u00edvna pr\u00e1ca, ke\u010f n\u00e1jdete r\u00f4zne tvrdenia o rovnakej udalosti. Politick\u00ed odporcovia v minulosti \u00fa\u010delovo skres\u013eovali inform\u00e1cie. Aby historik na\u0161iel pravdu, mus\u00ed k dan\u00e9mu probl\u00e9mu ve\u013ea na\u0161tudova\u0165, spozna\u0165 s\u00favislosti a zlo\u017eitosti politicko-spolo\u010densk\u00e9ho a hospod\u00e1rskeho v\u00fdvoja, av\u0161ak aj osobn\u00fd profil akt\u00e9rov diania. Zaznamena\u0165 pravdiv\u00fd v\u00fdvoj by v\u0161ak malo by\u0165 cie\u013eom ka\u017ed\u00e9ho historika.<\/p>\n<p><strong>Ak\u00fd najcennej\u0161\u00ed artefakt skalick\u00fdch dej\u00edn ste dr\u017eali v\u00a0ruk\u00e1ch?<\/strong><br \/>\nArch\u00edv v kl\u00e1\u0161tore franti\u0161k\u00e1nov m\u00e1 v depozite listiny na pergamene, vydan\u00e9 kr\u00e1\u013eom \u017digmundom v rokoch 1389 a\u017e 1422, teda v 14. \u2013 15. storo\u010d\u00ed, ktor\u00fdmi boli Skalici udelen\u00e9 r\u00f4zne privil\u00e9gia. Nach\u00e1dza sa tu aj \u010fal\u0161ia desiatka list\u00edn z 15. storo\u010dia. S\u00fa to najstar\u0161ie, vz\u00e1cne skvosty.<\/p>\n<p><strong>Ko\u013eko publik\u00e1ci\u00ed nesie Va\u0161e meno? Ko\u013eko z nich sa t\u00fdka priamo Skalice?<\/strong><br \/>\nNeviem presne, av\u0161ak okolo tridsa\u0165 ich asi bude. S\u00fa to historicko-populariza\u010dn\u00e9 pr\u00e1ce preva\u017ene z\u00a0regi\u00f3nu Z\u00e1horia. Skalickej hist\u00f3rii priamo sa venuje sedem z\u00a0nich.<\/p>\n<p><strong>\u010co si s\u00e1m najviac v\u00e1\u017eite ako svoj pr\u00ednos pre poznanie hist\u00f3rie n\u00e1\u0161ho mesta?<\/strong><br \/>\nPoznanie region\u00e1lnych dej\u00edn m\u00e1 in\u0161pirova\u0165 k\u00a0rozv\u00edjaniu patriotizmu a\u00a0pocitu hrdosti na mesto. Ka\u017ed\u00fd \u010dl\u00e1nok, \u0161t\u00fadia alebo kniha, ktor\u00e9 vyvolali z\u00e1ujem a\u00a0viedli k\u00a0zamysleniu sa \u010ditate\u013ea nad zlo\u017eitos\u0165ou neust\u00e1le sa demokratizuj\u00facich dej\u00edn mali svoj v\u00fdznam. Mojimi najbli\u017e\u0161\u00edmi t\u00e9mami s\u00fa r\u00e1dy franti\u0161k\u00e1nov, milosrdn\u00fdch bratov, kn\u00edhtla\u010diare\u0148 \u0160karniclovcov a\u00a0Tesl\u00edkovcov, \u017eivnostn\u00edci.<\/p>\n<p><strong>Je pri tej bohatej skalickej mestskej bibliografii e\u0161te nejak\u00e1 oblas\u0165 nepreb\u00e1dan\u00e1?<\/strong><br \/>\nNespracovan\u00fdch t\u00e9m z v\u00fdvoja Skalice je st\u00e1le dos\u0165, napr\u00edklad pr\u00ednos spolkov, mnoh\u00fdch miestnych osobnost\u00ed, podnikov pre rozvoj mesta, udalosti rokov 1968 a 1989, stavebn\u00fd v\u00fdvoj Skalice, trval\u00fd pr\u00ednos r\u00e1du milosrdn\u00fdch bratov v zdravotnej starostlivosti Skalice i okolia, rieka Morava a jej regul\u00e1cia, pr\u00ednos spolkov k\u00a0rozvoju mesta za socializmu a\u00a0in\u00e9.<\/p>\n<p><strong>Teda, \u010do e\u0161te v\u0161etko schov\u00e1vate v\u00a0\u201e\u0161upl\u00edku\u201c?<\/strong><br \/>\nV\u00a0minulosti som odkladal v\u0161etko, \u010do som si myslel, \u017ee bude ma\u0165 v\u00fdznam pre dokument\u00e1ciu dej\u00edn Skalice a\u00a0Z\u00e1horia. Tak\u017ee, pr\u00edle\u017eitostne rob\u00edm v\u00a0\u0161upl\u00edkoch poriadok a\u00a0v\u0161etko uklad\u00e1m a\u00a0systematizujem do arch\u00edvnych \u0161kat\u00fa\u013e. Za polstoro\u010die sa mi podarilo na zberate\u013esk\u00fdch burz\u00e1ch z\u00edska\u0165 ve\u013ea fotografi\u00ed, poh\u013eadn\u00edc, list\u00edn. Mnoho dokumentov mi darovali Z\u00e1hor\u00e1ci e\u0161te v\u00a0\u010dase socializmu, ke\u010f neboli v\u00a0m\u00f3de predsocialistick\u00e9 dejiny. R\u00e1d by som dokon\u010dil knihu o\u00a0druhej \u010dasti poh\u013eadn\u00edc Skalice, knihu o\u00a0poh\u013eadniciach Hol\u00ed\u010da, mo\u017eno dejiny Marianky a\u00a0Dev\u00edna, zrkadliace sa na poh\u013eadniciach. T\u00fa\u017eob spracova\u0165 historick\u00e9 t\u00e9my je viac aj zo skalick\u00fdch dej\u00edn, napr\u00edklad zauj\u00edmavosti skalick\u00e9ho cintor\u00edna, osudy rodiny Mitt\u00e1kovej.<\/p>\n<p><strong>Pr\u00e1ca historika je spojen\u00e1 s publikovan\u00edm a populariz\u00e1ciou v novin\u00e1ch a \u010dasopisoch. Dokonca ste boli inici\u00e1torom niektor\u00fdch period\u00edk.<\/strong><br \/>\nPopri profesion\u00e1lnej pr\u00e1ci pedag\u00f3ga, nesk\u00f4r m\u00fazejn\u00edka a\u00a0\u017eivnostn\u00edka, som p\u00f4sobil ako amat\u00e9rsky novin\u00e1r v\u00a0poz\u00edcii ved\u00faceho redaktora region\u00e1lneho metodick\u00e9ho \u010dasopisu a\u00a0spravodajcu Z\u00e1horsk\u00e9ho m\u00fazea v\u00a0Skalici Ozveny (1987 \u2013 1990), celoslovensk\u00e9ho \u010dasopisu Slovenskej krema\u010dnej spolo\u010dnosti Perspekt\u00edvy (1987 \u2013 1991), celoslovensk\u00e9ho \u010dasopisu Spolo\u010dnosti knih\u00e1rok a\u00a0knih\u00e1rov Slovenska s\u00a0n\u00e1zvom Knih\u00e1lia (2000 \u2013 2005) a\u00a0\u010fal\u0161\u00edch miestnych spolkov\u00fdch \u010dasopisov. P\u00f4sobil som v\u00a0redak\u010dn\u00fdch rad\u00e1ch viacer\u00fdch \u010dasopisov. Desiatky \u010dl\u00e1nkov, \u0161t\u00fadi\u00ed s\u00a0region\u00e1lnym historick\u00fdm zameran\u00edm boli uverejnen\u00e9 v\u00a0region\u00e1lnych periodik\u00e1ch Z\u00e1hor\u00e1k, Z\u00e1horie, Spravodaj Skalice, v\u00a0r\u00f4znych zborn\u00edkoch a\u00a0periodik\u00e1ch obc\u00ed Z\u00e1horia.<\/p>\n<p><strong>Knihe \u017eel\u00e1me, aby si na\u0161la ve\u013ea \u010ditate\u013eov a\u00a0obdivovate\u013eov a\u00a0V\u00e1m i\u00a0n\u00e1m \u010doskor\u00e9 vydanie druh\u00e9ho dielu.<\/strong><\/p>\n<p><em>\u017delm\u00edra Mach\u00e1\u010dkov\u00e1<\/em><\/p>\n<p><strong>Pozn. redakcie:<\/strong> V \u0161peci\u00e1lnej pr\u00edlohe Obzoru n\u00e1jdete uk\u00e1\u017eky dobov\u00fdch poh\u013eadn\u00edc z knihy Petra Brezinu \u201e\u010cas Skalici ve\u013ea vzal a dal\u201c, ktor\u00e9 si m\u00f4\u017eete vystrihn\u00fa\u0165 a\u00a0uchova\u0165.<\/p>\n","protected":false},"excerpt":{"rendered":"<div class=\"mh-excerpt\"><p>Skalica je jedn\u00fdm z\u00a0miest, okrem in\u00e9ho bohat\u00fdch i\u00a0na mno\u017estvo publik\u00e1ci\u00ed, v\u00a0ktor\u00fdch je hlavn\u00fdm hrdinom na\u0161e mesto. Ostatnou v\u00a0rade je kniha \u201e\u010cas Skalici ve\u013ea dal a\u00a0vzal\u201c. Jej autorom je PhDr. Peter Brezina, slovensk\u00fd region\u00e1lny historik, zameriavaj\u00faci <a class=\"mh-excerpt-more\" href=\"http:\/\/skalickyobzor.sk\/cms\/supliky-plne-pokladov\/\" title=\"\u0160upl\u00edky pln\u00e9 pokladov\">[&#8230;]<\/a><\/p>\n<\/div>","protected":false},"author":2,"featured_media":3538,"comment_status":"closed","ping_status":"closed","sticky":false,"template":"","format":"standard","meta":{"footnotes":""},"categories":[10],"tags":[],"class_list":{"0":"post-3537","1":"post","2":"type-post","3":"status-publish","4":"format-standard","5":"has-post-thumbnail","7":"category-zaujalo-nas"},"_links":{"self":[{"href":"http:\/\/skalickyobzor.sk\/cms\/wp-json\/wp\/v2\/posts\/3537","targetHints":{"allow":["GET"]}}],"collection":[{"href":"http:\/\/skalickyobzor.sk\/cms\/wp-json\/wp\/v2\/posts"}],"about":[{"href":"http:\/\/skalickyobzor.sk\/cms\/wp-json\/wp\/v2\/types\/post"}],"author":[{"embeddable":true,"href":"http:\/\/skalickyobzor.sk\/cms\/wp-json\/wp\/v2\/users\/2"}],"replies":[{"embeddable":true,"href":"http:\/\/skalickyobzor.sk\/cms\/wp-json\/wp\/v2\/comments?post=3537"}],"version-history":[{"count":4,"href":"http:\/\/skalickyobzor.sk\/cms\/wp-json\/wp\/v2\/posts\/3537\/revisions"}],"predecessor-version":[{"id":3548,"href":"http:\/\/skalickyobzor.sk\/cms\/wp-json\/wp\/v2\/posts\/3537\/revisions\/3548"}],"wp:featuredmedia":[{"embeddable":true,"href":"http:\/\/skalickyobzor.sk\/cms\/wp-json\/wp\/v2\/media\/3538"}],"wp:attachment":[{"href":"http:\/\/skalickyobzor.sk\/cms\/wp-json\/wp\/v2\/media?parent=3537"}],"wp:term":[{"taxonomy":"category","embeddable":true,"href":"http:\/\/skalickyobzor.sk\/cms\/wp-json\/wp\/v2\/categories?post=3537"},{"taxonomy":"post_tag","embeddable":true,"href":"http:\/\/skalickyobzor.sk\/cms\/wp-json\/wp\/v2\/tags?post=3537"}],"curies":[{"name":"wp","href":"https:\/\/api.w.org\/{rel}","templated":true}]}}