{"id":3615,"date":"2020-07-07T00:05:02","date_gmt":"2020-07-06T22:05:02","guid":{"rendered":"http:\/\/skalickyobzor.sk\/cms\/?p=3615"},"modified":"2020-07-16T20:24:09","modified_gmt":"2020-07-16T18:24:09","slug":"vyzva-hladame-fotografie-a-informacie-o-cloveku-s-menom-vaclav-kohut","status":"publish","type":"post","link":"http:\/\/skalickyobzor.sk\/cms\/vyzva-hladame-fotografie-a-informacie-o-cloveku-s-menom-vaclav-kohut\/","title":{"rendered":"V\u00ddZVA \u2013 h\u013ead\u00e1me fotografie a inform\u00e1cie o \u010dloveku s menom V\u00e1clav Koh\u00fat"},"content":{"rendered":"<p style=\"text-align: center;\"><strong>V\u00e1\u017een\u00ed Skali\u010dania, mil\u00ed \u010ditatelia Skalick\u00e9ho Obzoru<\/strong><br \/>\na\u00a0v\u0161etci, ktor\u00fdm z\u00e1le\u017e\u00ed na tom, aby sa nezabudlo na \u013eud\u00ed zo skalick\u00fdch rodov,<br \/>\nani na\u00a0\u013eud\u00ed, ktor\u00ed boli mo\u017eno oby\u010dajn\u00ed, no i\u00a0tak ovplyvnili svoju dobu!<\/p>\n<p style=\"text-align: center;\">V ka\u017edom \u010d\u00edsle Skalick\u00e9ho Obzoru nach\u00e1dzate hist\u00f3riu niektor\u00e9ho zo skalick\u00fdch priezv\u00edsk a ich nosite\u013eov (z\u00e1kladom je pozostalos\u0165 skalick\u00e9ho historika profesora ThDr. Jozefa \u0160\u00e1tka \u2013 rukopisy Dejiny Skalice). Mo\u017eno to zatia\u013e nebol v\u00e1\u0161 rod, ale mo\u017eno ste s niektor\u00fdmi spriaznen\u00ed. V\u0161etci sme, napokon, po t\u00fdch storo\u010diach takmer jedna rodina.<\/p>\n<p style=\"text-align: center;\">Ak m\u00e1te, pros\u00edm, niekto z\u00a0v\u00e1s vedomosti o\u00a0\u010dloveku menom <strong>V\u00e1clav Koh\u00fat<\/strong>,<br \/>\n<strong>naroden\u00fd v\u00a0roku 1848, o\u017eenil sa 31. 5. 1875 s\u00a0M\u00e1riou Balczarovou, zomrel 9. 1. 1885,<\/strong><\/p>\n<p style=\"text-align: center;\">uv\u00edtame dokumenty, pamiatky po \u0148om, fotografie, \u010di pr\u00edbehy, ktor\u00e9 sa traduj\u00fa v\u00a0rodin\u00e1ch i\u00a0medzi \u013eu\u010fmi. Radi by sme \u017eivoty t\u00fdchto \u013eud\u00ed spr\u00edtomnili, aby neostali len poml\u010dkou medzi dvomi d\u00e1tumami.<br \/>\nAk dok\u00e1\u017eete nie\u010d\u00edm z\u00a0toho prispie\u0165, pros\u00edme o\u00a0v\u00e1\u0161 kontakt po\u0161tou na adresu redakcie na <strong>Mall\u00e9ho 60, Skalica<\/strong>, pr\u00edpadne e-mail <strong>skalickyobzor@skalickyobzor.sk<\/strong>, \u010di telef\u00f3nne \u010d\u00edslo<strong> 0910 670\u00a0440<\/strong>.<\/p>\n<p style=\"text-align: center;\">Za v\u0161etk\u00fdch, ktor\u00ed prejavuj\u00fa z\u00e1ujem o\u00a0na\u0161u spolo\u010dn\u00fa minulos\u0165 vopred ve\u013emi \u010fakujeme.<\/p>\n","protected":false},"excerpt":{"rendered":"<div class=\"mh-excerpt\"><p>V\u00e1\u017een\u00ed Skali\u010dania, mil\u00ed \u010ditatelia Skalick\u00e9ho Obzoru a\u00a0v\u0161etci, ktor\u00fdm z\u00e1le\u017e\u00ed na tom, aby sa nezabudlo na \u013eud\u00ed zo skalick\u00fdch rodov, ani na\u00a0\u013eud\u00ed, ktor\u00ed boli mo\u017eno oby\u010dajn\u00ed, no i\u00a0tak ovplyvnili svoju dobu! V ka\u017edom \u010d\u00edsle Skalick\u00e9ho Obzoru <a class=\"mh-excerpt-more\" href=\"http:\/\/skalickyobzor.sk\/cms\/vyzva-hladame-fotografie-a-informacie-o-cloveku-s-menom-vaclav-kohut\/\" title=\"V\u00ddZVA \u2013 h\u013ead\u00e1me fotografie a inform\u00e1cie o \u010dloveku s menom V\u00e1clav Koh\u00fat\">[&#8230;]<\/a><\/p>\n<\/div>","protected":false},"author":1,"featured_media":17,"comment_status":"closed","ping_status":"closed","sticky":false,"template":"","format":"standard","meta":{"footnotes":""},"categories":[21],"tags":[],"class_list":{"0":"post-3615","1":"post","2":"type-post","3":"status-publish","4":"format-standard","5":"has-post-thumbnail","7":"category-oznamy"},"_links":{"self":[{"href":"http:\/\/skalickyobzor.sk\/cms\/wp-json\/wp\/v2\/posts\/3615","targetHints":{"allow":["GET"]}}],"collection":[{"href":"http:\/\/skalickyobzor.sk\/cms\/wp-json\/wp\/v2\/posts"}],"about":[{"href":"http:\/\/skalickyobzor.sk\/cms\/wp-json\/wp\/v2\/types\/post"}],"author":[{"embeddable":true,"href":"http:\/\/skalickyobzor.sk\/cms\/wp-json\/wp\/v2\/users\/1"}],"replies":[{"embeddable":true,"href":"http:\/\/skalickyobzor.sk\/cms\/wp-json\/wp\/v2\/comments?post=3615"}],"version-history":[{"count":4,"href":"http:\/\/skalickyobzor.sk\/cms\/wp-json\/wp\/v2\/posts\/3615\/revisions"}],"predecessor-version":[{"id":3663,"href":"http:\/\/skalickyobzor.sk\/cms\/wp-json\/wp\/v2\/posts\/3615\/revisions\/3663"}],"wp:featuredmedia":[{"embeddable":true,"href":"http:\/\/skalickyobzor.sk\/cms\/wp-json\/wp\/v2\/media\/17"}],"wp:attachment":[{"href":"http:\/\/skalickyobzor.sk\/cms\/wp-json\/wp\/v2\/media?parent=3615"}],"wp:term":[{"taxonomy":"category","embeddable":true,"href":"http:\/\/skalickyobzor.sk\/cms\/wp-json\/wp\/v2\/categories?post=3615"},{"taxonomy":"post_tag","embeddable":true,"href":"http:\/\/skalickyobzor.sk\/cms\/wp-json\/wp\/v2\/tags?post=3615"}],"curies":[{"name":"wp","href":"https:\/\/api.w.org\/{rel}","templated":true}]}}