{"id":3708,"date":"2020-09-03T19:08:21","date_gmt":"2020-09-03T17:08:21","guid":{"rendered":"http:\/\/skalickyobzor.sk\/cms\/?p=3708"},"modified":"2020-11-24T16:32:24","modified_gmt":"2020-11-24T15:32:24","slug":"skalicke-priezviska-vi-preco-nie-je-pocut-kohuta","status":"publish","type":"post","link":"http:\/\/skalickyobzor.sk\/cms\/skalicke-priezviska-vi-preco-nie-je-pocut-kohuta\/","title":{"rendered":"Skalick\u00e9 priezvisk\u00e1 VI &#8211; Pre\u010do nie je po\u010du\u0165 Koh\u00fata?"},"content":{"rendered":"<p><em><strong>P\u00f4vod priezviska Koh\u00fat\/Kohut\/Kohuth je n\u00e1m \u00faplne jasn\u00fd a\u00a0nemus\u00edme pri \u0148om rie\u0161i\u0165 \u017eiadny r\u00e9bus. Priezvisko mohlo vznikn\u00fa\u0165 paralelne na mnoh\u00fdch miestach. \u013dudia tak za\u010dali vola\u0165 \u010dloveka, ktor\u00fd im ak\u00fdmko\u013evek sp\u00f4sobom pripom\u00ednal koh\u00fata. <\/strong><\/em><\/p>\n<p>Priezvisko Koh\u00fat sa v Skalici vyskytovalo u\u017e v 16. storo\u010d\u00ed. V roku 1583\/84 p\u00f4sobil v mestskom sen\u00e1te ist\u00fd <strong>Laurentius (Vavrinec) Koh\u00fat<\/strong>, ktor\u00e9ho spom\u00edna Richard Dr\u017eka v pr\u00e1ci Mestsk\u00e1 spr\u00e1va Skalice do roku 1711. Zmienka o \u0148om je i v rokoch 1589 a 1592 v s\u00favislosti s obchodn\u00fdmi transakciami. Do roku 1596 vlastnil Vavrinec Koh\u00fat ro\u017en\u00fd dom oproti dne\u0161n\u00e9mu mestsk\u00e9mu \u00faradu, v mieste, kde \u00fastila na n\u00e1mestie Dla\u017eden\u00e1 ulica. Potomkovia Vavrinca Koh\u00fata v\u0161ak v priebehu 18. storo\u010dia vymreli po me\u010di. Posledn\u00fdm mu\u017esk\u00fdm pr\u00edrastkom do rodiny Koh\u00fatovcov, zaznamenan\u00fdm v cirkevnch matrik\u00e1ch, bol Pavol, ktor\u00fd sa narodil 5. 1. 1763 Jozefovi Koh\u00fatovi a Katar\u00edne, rod. S\u00fdkorovej.<\/p>\n<p>Niekedy v\u00a0polovici 19. storo\u010dia, ako vo svojom populariza\u010dnom \u010dl\u00e1nku Regenschori skalick\u00e9ho farsk\u00e9ho kostola Ign\u00e1c Koh\u00fat p\u00ed\u0161e Peter Michalovi\u010d, prich\u00e1dza do Skalice \u010desk\u00fd hudobn\u00fd skladate\u013e, dirigent a\u00a0pedag\u00f3g <strong>Ign\u00e1c Koh\u00fat<\/strong> (*2. 2. 1818 \u2013 8. 2. 1898) i\u00a0so svojou man\u017eelkou M\u00e1riou, rod. Bre\u010dkovou a\u00a0synom V\u00e1clavom (*1848 \u2013 1885). Tento jeho pr\u00edchod do Skalice nie je e\u0161te celkom ujasnen\u00fd, no m\u00f4\u017eeme potvrdi\u0165, \u017ee v\u00a0roku 1860 bol Ign\u00e1c Koh\u00fat u\u017e v\u00a0Skalici usaden\u00fd, preto\u017ee 1. 1. 1860 sa do tejto rodiny narodil syn Ladislav. Krstn\u00fdmi rodi\u010dmi mu boli zemani Anton Vesel\u00fd so svojou sestrou Alojziou Veselou. Rodina Koh\u00fatov\u00fdch b\u00fdvala v\u00a0dome so s\u00fapisn\u00fdm \u010d\u00edslom 134.<\/p>\n<p>Jozef \u0160\u00e1tek zachytil list, ktor\u00fd Ign\u00e1covi Koh\u00fatovi poslal Jozef Viktor\u00edn. 25. 8. 1858 mu mala by\u0165 z Bud\u00edna zaslan\u00e1 z\u00e1sielka piatich exempl\u00e1rov Concordie na rozpredaj. Obsah hovor\u00ed dos\u0165 o vz\u0165ahoch, o situ\u00e1cii, ale aj o obchodnej taktike: <em>\u201eVelecten\u00fd pr\u00edteli. Dokud jsem j\u00e1 v Skalici b\u00fdval, hojn\u00fd po\u010det knih sem tam rozprod\u00e1val. Te\u010f to jakosi naopak jde. Nikdo se za roz\u0161irovan\u00ed knih slovansk\u00fdch nazauj\u00edma. I na moji Concordii se, vyjmaje \u0160karnicla a Kobli\u0161ka, nikdo z v\u00e1s nehl\u00e1sil. Tak brzo ste se spustili vlastenectv\u00ed a starod\u00e1vn\u00fdch svazk\u00fa? Vy koc\u00farov\u0161t\u00ed Skali\u010dan\u00e9. Aby ste ale va\u0161e provinen\u00ed jak tak napraviti mohli, pos\u00edl\u00e1m tu po pani Pr\u00edhodov\u00e9 5 v\u00fdtisk\u00fa Concordie v\u00e1m pane Kohute, do komissie s\u00a0tou prosbou, aby ste tak dlouho s\u00a0nimi kikir\u00edkal, a\u017e je &#8230;neodprod\u00e1te.\u201c<\/em><\/p>\n<p>Zatia\u013e\u010do heslo Ign\u00e1c Koh\u00fat sa ocitlo medzi osobnos\u0165ami i\u00a0v\u00a0monografii Skalice z\u00a0roku 2014, jeho syn <strong>V\u00e1clav Koh\u00fat<\/strong> (*1848 \u2013 9. 1. 1885) sa spom\u00edna pomenej, napriek tomu, \u017ee vyrastal a\u00a0\u0161tudoval v\u00a0Skalici a\u00a0vo svojej dobe to bol v\u00fdnimo\u010dn\u00fd a\u00a0v\u0161estrann\u00fd \u010dlovek. U\u017e ako ml\u00e1denec spieval s\u00f3la a\u00a0hral na husle v\u00a0kostole i\u00a0na \u0161kolsk\u00fdch sl\u00e1vnostiach. V\u00e1clav Koh\u00fat bol ve\u013emi akt\u00edvnym \u010dlovekom, \u010do isto s\u00faviselo s\u00a0rodinnou v\u00fdchovou. Okrem svojho u\u010dite\u013esk\u00e9ho zamestnania sa venoval najm\u00e4 \u0161portu a\u00a0hudbe. V\u00a0roku 1873 si v\u00a0Budape\u0161ti urobil kurz telocviku a\u00a0koncom septembra dostal diplom, opr\u00e1v\u0148uj\u00faci ho vyu\u010dova\u0165 telocvik na gymn\u00e1ziu. 13. 4. 1874 vymenovalo ministerstvo \u0161kolstva V\u00e1clava Koh\u00fata za riadneho profesora telocviku na skalickom gymn\u00e1ziu, kde p\u00f4sobil vy\u0161e desa\u0165 rokov. Okrem \u201eu\u010dite\u013eovania\u201c bol \u010dinn\u00fd aj v\u00a0\u010fal\u0161\u00edch spolo\u010densk\u00fdch a\u00a0z\u00e1ujmov\u00fdch organiz\u00e1ciach, ktor\u00e9 v\u00a0tom obdob\u00ed u\u017e fungovali, \u010di len vznikali.<\/p>\n<p>Ke\u010f v\u00a0roku 1879 zakladali v\u00a0Skalici \u010cerven\u00fd kr\u00ed\u017e, hne\u010f sa stal \u010dlenom jeho v\u00fdboru. Ke\u010f v\u00a0roku 1881 zalo\u017eili Dobrovo\u013en\u00fd hasi\u010dsk\u00fd zbor, stal sa jeho cvi\u010dite\u013eom. Bol tie\u017e akt\u00edvnym \u010dlenom hudobn\u00e9ho zdru\u017eenia. Jeho iniciat\u00edve a\u00a0iniciat\u00edve jeho otca treba \u010fakova\u0165 za to, \u017ee v\u00a0roku 1880 otvorili na gymn\u00e1ziu hudobn\u00fa \u0161kolu, kde sa vyu\u010dovala hra na klav\u00edr, husle a\u00a0harm\u00f3nium. V\u00e1clav Koh\u00fat t\u00fato hudobn\u00fa \u0161kolu viedol a\u017e do svojej pred\u010dasnej smrti. \u0160kola bola \u00faspe\u0161n\u00e1 a\u00a0jej absolventi dosahovali pozoruhodn\u00e9 v\u00fdsledky. Vysok\u00e1 \u00farove\u0148 figur\u00e1lnej hudby pri bohoslu\u017eb\u00e1ch a\u00a0svetskej hudby na koncertoch bola najm\u00e4 v\u00fdsledkom jeho pr\u00e1ce. Pri \u0161kole fungoval dvadsa\u0165\u010dlenn\u00fd orchester.<\/p>\n<p>Pod\u013ea dostupn\u00fdch inform\u00e1ci\u00ed sa V\u00e1clav Koh\u00fat o\u017eenil 31. 5. 1875 s M\u00e1riou Balczarovou, vzdelanou dc\u00e9rou polesn\u00e9ho Jozefa Balzara a mal s \u0148ou deti Otmara Jozefa (*3. 10. 1877), M\u00e1riu Alojziu (*7. 4. 1879), Teodora Ign\u00e1ca (*2. 5. 1881) a Huberta V\u00e1clava (*21. 9. 1882). Je zauj\u00edmav\u00e9, \u017ee sob\u00e1\u0161 a ani narodenie M\u00e1rie Balczarovej sa n\u00e1m nepodarilo n\u00e1js\u0165. Predpoklad\u00e1me, \u017ee M\u00e1ria Balczarov\u00e1 sa narodila niekde na bl\u00edzkej Morave a tam sa tie\u017e uskuto\u010dnil aj sob\u00e1\u0161. Krstn\u00e9 z\u00e1znamy det\u00ed s\u00edce m\u00e1me, no podobne sa vz\u00e1p\u00e4t\u00ed vytr\u00e1caj\u00fa zo skalick\u00e9ho kult\u00farno-spolo\u010densk\u00e9ho \u017eivota, ale i z matr\u00edk. V\u00e1clav Koh\u00fat zomrel pomerne mlad\u00fd na vodnatie\u013eku osrdcovn\u00edka 9. 1. 1885.<\/p>\n<p>Z\u00a0v\u010fa\u010dnosti za jeho obetavos\u0165 prepo\u0161t Fr. Mezey, Rudolf Vrchovsk\u00fd a\u00a0A. Lukavsk\u00fd usporiadali po jeho smrti zbierku medzi skalickou inteligenciou na podporu jeho rodiny. Vyzbieralo sa 315 zlat\u00fdch flor\u00e9nov, z\u00a0\u010doho vdova dostala 115 flor\u00e9nov a\u00a0ostatok ulo\u017eili pre siroty na vkladn\u00fa kni\u017eku v\u00a0mestskej sporite\u013eni.<\/p>\n<p>Dnes u\u017e v\u00a0Skalici priezvisko Koh\u00fat\/Koh\u00fatov\u00e1 \u201enenos\u00ed\u201c nikto, napriek tomu, \u017ee na Slovensku i\u00a0v\u00a0\u010cech\u00e1ch je toto priezvisko st\u00e1le celkom roz\u0161\u00edren\u00e9. V\u00a0roku 1995 malo na Slovensku priezvisko Koh\u00fat 1920 mu\u017eov v\u00a0391 lokalit\u00e1ch, priezvisko Koh\u00fatov\u00e1 dokonca 2004 \u017eien v\u00a0413 lokalit\u00e1ch. V\u00a0\u010cech\u00e1ch m\u00e1 aktu\u00e1lne priezvisko Koh\u00fat 270 obyvate\u013eov a\u00a03848 obyvate\u013eov \u010desk\u00fa verziu Kohout.<\/p>\n<p><em>Vladim\u00edr Petrovi\u010d,<\/em><br \/>\n<em>geneal\u00f3g a\u00a0historik<\/em><\/p>\n","protected":false},"excerpt":{"rendered":"<div class=\"mh-excerpt\"><p>P\u00f4vod priezviska Koh\u00fat\/Kohut\/Kohuth je n\u00e1m \u00faplne jasn\u00fd a\u00a0nemus\u00edme pri \u0148om rie\u0161i\u0165 \u017eiadny r\u00e9bus. Priezvisko mohlo vznikn\u00fa\u0165 paralelne na mnoh\u00fdch miestach. \u013dudia tak za\u010dali vola\u0165 \u010dloveka, ktor\u00fd im ak\u00fdmko\u013evek sp\u00f4sobom pripom\u00ednal koh\u00fata. Priezvisko Koh\u00fat sa v <a class=\"mh-excerpt-more\" href=\"http:\/\/skalickyobzor.sk\/cms\/skalicke-priezviska-vi-preco-nie-je-pocut-kohuta\/\" title=\"Skalick\u00e9 priezvisk\u00e1 VI &#8211; Pre\u010do nie je po\u010du\u0165 Koh\u00fata?\">[&#8230;]<\/a><\/p>\n<\/div>","protected":false},"author":48,"featured_media":17,"comment_status":"closed","ping_status":"closed","sticky":false,"template":"","format":"standard","meta":{"footnotes":""},"categories":[25],"tags":[],"class_list":{"0":"post-3708","1":"post","2":"type-post","3":"status-publish","4":"format-standard","5":"has-post-thumbnail","7":"category-skalicke-priezviska"},"_links":{"self":[{"href":"http:\/\/skalickyobzor.sk\/cms\/wp-json\/wp\/v2\/posts\/3708","targetHints":{"allow":["GET"]}}],"collection":[{"href":"http:\/\/skalickyobzor.sk\/cms\/wp-json\/wp\/v2\/posts"}],"about":[{"href":"http:\/\/skalickyobzor.sk\/cms\/wp-json\/wp\/v2\/types\/post"}],"author":[{"embeddable":true,"href":"http:\/\/skalickyobzor.sk\/cms\/wp-json\/wp\/v2\/users\/48"}],"replies":[{"embeddable":true,"href":"http:\/\/skalickyobzor.sk\/cms\/wp-json\/wp\/v2\/comments?post=3708"}],"version-history":[{"count":2,"href":"http:\/\/skalickyobzor.sk\/cms\/wp-json\/wp\/v2\/posts\/3708\/revisions"}],"predecessor-version":[{"id":3710,"href":"http:\/\/skalickyobzor.sk\/cms\/wp-json\/wp\/v2\/posts\/3708\/revisions\/3710"}],"wp:featuredmedia":[{"embeddable":true,"href":"http:\/\/skalickyobzor.sk\/cms\/wp-json\/wp\/v2\/media\/17"}],"wp:attachment":[{"href":"http:\/\/skalickyobzor.sk\/cms\/wp-json\/wp\/v2\/media?parent=3708"}],"wp:term":[{"taxonomy":"category","embeddable":true,"href":"http:\/\/skalickyobzor.sk\/cms\/wp-json\/wp\/v2\/categories?post=3708"},{"taxonomy":"post_tag","embeddable":true,"href":"http:\/\/skalickyobzor.sk\/cms\/wp-json\/wp\/v2\/tags?post=3708"}],"curies":[{"name":"wp","href":"https:\/\/api.w.org\/{rel}","templated":true}]}}