{"id":3711,"date":"2020-09-03T19:09:20","date_gmt":"2020-09-03T17:09:20","guid":{"rendered":"http:\/\/skalickyobzor.sk\/cms\/?p=3711"},"modified":"2020-09-03T19:46:21","modified_gmt":"2020-09-03T17:46:21","slug":"nes-nebude-kam-uhnut","status":"publish","type":"post","link":"http:\/\/skalickyobzor.sk\/cms\/nes-nebude-kam-uhnut\/","title":{"rendered":"Ne\u0161 nebude kam uhn\u00fat"},"content":{"rendered":"<p>Ned\u00e1vno sem sa obu\u010fil do upr\u0161an\u00e9ho r\u00e1na. S\u0148\u00edvalo sa mi, \u017ee sem si zapomjel u\u00a0holi\u010da paraz\u00f3l. Pro\u010d? E\u0161\u0165e furt ne\u0148i zn\u00e1me propoje\u0148\u00ed sna ze skute\u010dnos\u0165\u00fa a\u00a0je to sn\u00e1t dobre. Aspo\u0148 je nat \u010d\u00edm rozm\u00ed\u0161lat. Pro istotu sem ale paraz\u00f3l skontroloval, bil na svoj\u00e9m m\u00eds\u0165e.<\/p>\n<p>Ket u\u017e je takto mokr\u00ed de\u0148, rozhod\u00e9l sem sa ho viu\u017eit na zas\u00edre\u0148\u00ed be\u010dek ve vinohra\u010fe. Ze s\u00edre sa dicki za\u0161k\u0148\u00farim, no u\u010felat to mus\u00edm. Rob\u00edm to pravidel\u0148e, tak r\u00e1s za dva mjes\u00edce.<\/p>\n<p>Jedu a\u00a0za mostem pres Starohor\u00e1k sa objavil pro\u0165i mje osob\u00e1k a\u00a0v\u00a0\u0148em mlad\u00e1 \u017eena. U\u0161 zd\u00e1lki sem si f\u0161imel, \u017ee jede jaksi richlo, tak sem uhel doprava a\u00a0spomalil. Ona ale v\u00fabec nedbala na mja a\u00a0vitla\u010dila mja z\u00a0cesti, \u017ee sem u\u0161 nemjel kam uhn\u00fat. E\u0161\u0165e k\u00fasek a\u00a0u\u0161 bich sa aj prevr\u00e1\u0165il do pr\u00edkopi a\u00a0bohv\u00ed jak bi to dopadlo. Mo\u017en\u00e1 bi ste u\u017e bili bez tehoto \u010dl\u00e1nku. Gdo bi si v\u00a0takem momen\u0165e zapamatoval \u010d\u00edslo auta?! Ale t\u00fa mlad\u00fa \u0161of\u00e9rku m\u00e1m furt pret o\u010dama. Nekedi je jednoducho \u017eena nezapomenuteln\u00e1. Zastavil sem auto, ruki aj nohi sa mi tr\u00e1sli a\u00a0bil sem is\u0165e bled\u00ed jak s\u0165ena.<\/p>\n<p>Kr\u00e1tko sem si pose\u010fel, pohre\u0161il a\u00a0zahorekoval, jak to bilo fajn, ket ve Skalici jez\u010fili kedisi enom dvje auta. Jedn\u00edm sa p\u00ed\u0161il Stehl\u00edk a\u00a0druh\u00e9 \u0161of\u00e9roval \u0160turma. Bila to f t\u00edch \u010dasoch rarita a\u00a0tak sa \u0148igdo nemosel b\u00e1t, \u017ee ho za j\u00edzdi na koli auto zraz\u00ed. Bil \u010dis\u0165ej\u0161\u00ed vzduch, aj ket nekedi to dorovn\u00e1val smrad z\u00a0konsk\u00e9ho trusu. Dupot kop\u00edt a\u00a0hrkot\u00e1\u0148\u00ed voza po hrackej cez mjesto &#8230; to bil mal\u00ed orchestr. Lud\u00e9 bili zdraf\u0161\u00ed s\u00a0pohibu, \u0165a\u0161kej roboti a\u00a0lachk\u00e9ho j\u00eddla. No \u0148ic, v\u00edvoj ide dopredu. Je pravda, \u017ee \u0161of\u00e9r\u00fa prib\u00fada a\u00a0cesti s\u00fa negde \u00fask\u00e9 a\u00a0tak je nekedi \u0165a\u0161k\u00e9 sa blbcom vihn\u00fat. Vjer\u00edm ale, \u017ee e\u0161\u0165e je na tejto plan\u00e9\u0165e dos\u0165 m\u00edsta a\u00a0vjer\u00edm, \u017ee aj hod\u0148e ohledupln\u00edch lu\u010f\u00ed. Tak\u017ee jez\u010f\u00edm d\u00e1l.<\/p>\n<p>P\u00ed\u0161u enom to, co sem v\u00a0mojem \u017eivo\u0165e vi\u010fel, \u010dul a\u00a0za\u017eil.<\/p>\n<p><em>Miloslav Tom\u0161ej st.,<\/em><br \/>\n<em>Skali\u010dan \u0165elem aj du\u0161\u00fa<\/em><\/p>\n","protected":false},"excerpt":{"rendered":"<div class=\"mh-excerpt\"><p>Ned\u00e1vno sem sa obu\u010fil do upr\u0161an\u00e9ho r\u00e1na. S\u0148\u00edvalo sa mi, \u017ee sem si zapomjel u\u00a0holi\u010da paraz\u00f3l. Pro\u010d? E\u0161\u0165e furt ne\u0148i zn\u00e1me propoje\u0148\u00ed sna ze skute\u010dnos\u0165\u00fa a\u00a0je to sn\u00e1t dobre. Aspo\u0148 je nat \u010d\u00edm rozm\u00ed\u0161lat. Pro <a class=\"mh-excerpt-more\" href=\"http:\/\/skalickyobzor.sk\/cms\/nes-nebude-kam-uhnut\/\" title=\"Ne\u0161 nebude kam uhn\u00fat\">[&#8230;]<\/a><\/p>\n<\/div>","protected":false},"author":17,"featured_media":17,"comment_status":"closed","ping_status":"closed","sticky":false,"template":"","format":"standard","meta":{"footnotes":""},"categories":[4],"tags":[],"class_list":{"0":"post-3711","1":"post","2":"type-post","3":"status-publish","4":"format-standard","5":"has-post-thumbnail","7":"category-ja-su-ze-skalice"},"_links":{"self":[{"href":"http:\/\/skalickyobzor.sk\/cms\/wp-json\/wp\/v2\/posts\/3711","targetHints":{"allow":["GET"]}}],"collection":[{"href":"http:\/\/skalickyobzor.sk\/cms\/wp-json\/wp\/v2\/posts"}],"about":[{"href":"http:\/\/skalickyobzor.sk\/cms\/wp-json\/wp\/v2\/types\/post"}],"author":[{"embeddable":true,"href":"http:\/\/skalickyobzor.sk\/cms\/wp-json\/wp\/v2\/users\/17"}],"replies":[{"embeddable":true,"href":"http:\/\/skalickyobzor.sk\/cms\/wp-json\/wp\/v2\/comments?post=3711"}],"version-history":[{"count":2,"href":"http:\/\/skalickyobzor.sk\/cms\/wp-json\/wp\/v2\/posts\/3711\/revisions"}],"predecessor-version":[{"id":3713,"href":"http:\/\/skalickyobzor.sk\/cms\/wp-json\/wp\/v2\/posts\/3711\/revisions\/3713"}],"wp:featuredmedia":[{"embeddable":true,"href":"http:\/\/skalickyobzor.sk\/cms\/wp-json\/wp\/v2\/media\/17"}],"wp:attachment":[{"href":"http:\/\/skalickyobzor.sk\/cms\/wp-json\/wp\/v2\/media?parent=3711"}],"wp:term":[{"taxonomy":"category","embeddable":true,"href":"http:\/\/skalickyobzor.sk\/cms\/wp-json\/wp\/v2\/categories?post=3711"},{"taxonomy":"post_tag","embeddable":true,"href":"http:\/\/skalickyobzor.sk\/cms\/wp-json\/wp\/v2\/tags?post=3711"}],"curies":[{"name":"wp","href":"https:\/\/api.w.org\/{rel}","templated":true}]}}