{"id":3731,"date":"2020-09-03T19:10:15","date_gmt":"2020-09-03T17:10:15","guid":{"rendered":"http:\/\/skalickyobzor.sk\/cms\/?p=3731"},"modified":"2020-11-24T16:30:26","modified_gmt":"2020-11-24T15:30:26","slug":"skalicke-ulice-clementisova","status":"publish","type":"post","link":"http:\/\/skalickyobzor.sk\/cms\/skalicke-ulice-clementisova\/","title":{"rendered":"Skalick\u00e9 ulice &#8211; Clementisova"},"content":{"rendered":"<p>Vladim\u00edr Clementis (*20. september 1902, Tisovec, \u2013 \u20203. december 1952, Praha), slovensk\u00fd politik, pr\u00e1vnik, advok\u00e1t, spisovate\u013e a\u00a0prekladate\u013e, m\u00e1 hlbok\u00e9 rodinn\u00e9 v\u00e4zby na Skalicu. Jeho otec \u013dudov\u00edt, skalick\u00fd rod\u00e1k, nesk\u00f4r u\u010dite\u013e na jedinej slovenskej \u0161kole v\u00a0Tisovci (nav\u0161tevoval ju aj\u00a0Vladim\u00edr), poch\u00e1dzal zo starej uhorskej \u0161\u013eachtickej rodiny. Dokonca na skalickom evanjelickom cintor\u00edne n\u00e1jdeme n\u00e1hrobok Vladim\u00edrovho star\u00e9ho otca, garbiara Michala Clementisa.<\/p>\n<p>Na deda vo svojej knihe <em>Nedokon\u010den\u00e1 kronika<\/em> spom\u00edna takto: <em>\u201eMoje vedomosti o starom otcovi \u2013 mus\u00edm doda\u0165 Clementisovi, lebo inak by ten v\u00fdraz v na\u0161ej rodine nikoho neozna\u010doval, s\u00fa viac ne\u017e ne\u00fapln\u00e9. M\u00e1rne si spom\u00ednam na rok jeho \u00famrtia, viem len to, \u017ee to bolo d\u00e1vno pred moj\u00edm naroden\u00edm. Tu a tam mi vo\u013ea\u010do po \u0148om uviazlo v pam\u00e4ti z rozpr\u00e1vania otecka. Z fotografi\u00ed pozn\u00e1m nezabudnute\u013en\u00fa zavalit\u00fa postavu star\u00e9ho otca. Bol najmohutnej\u0161\u00edm mu\u017eom v Skalici \u2013 nielen \u010do do v\u00e1hy, ale aj do pliec. S mro\u017e\u00edmi baj\u00fazmi, gu\u013eatou clementisovskou hlavou, ktor\u00fa som zdedil po \u0148om prostredn\u00edctvom otecka. <\/em><em>Aspo\u0148 na mojej prvej fotografii, bol som vtedy asi osemmesa\u010dn\u00fd, na\u0161a podobnos\u0165 je naozaj re\u00e1lna, okrem t\u00fdch baj\u00fazov, samozrejme. Zames<\/em><em>tnan\u00edm bol star\u00fd otec, ak sa nem\u00fdlim, garbiar. Jeho man\u017eelka bola roden\u00e1, tu\u0161\u00edm, Vrchovsk\u00e1 a niekde v rodokmeni sa vyskytuje meno Hajn\u00f3czy. Aspo\u0148 som ho videl na jednom z rodinn\u00fdch n\u00e1hrobn\u00fdch kame\u0148ov na evanjelickom cintor\u00edne v Skalici. Aj meno Mittak sa tam vyskytuje. Pod\u013ea toho sa zd\u00e1, \u017ee, Clementisovci boli jednou z kme\u0148ov\u00fdch me\u0161tianskych rod\u00edn skalick\u00fdch. Oteckove sestry \u2013 teta Lotka, ktor\u00e1 sa nevydala, teta Tinka Smieskolov\u00e1, teta Am\u00e1lka Schultzov\u00e1 \u2013 to boli pre n\u00e1s tri sl\u00e1vne skalick\u00e9 tety. U tety Tinky som pre\u017eil cel\u00e9 svoje gymnazi\u00e1lne roky&#8230;\u201c<\/em><\/p>\n<p>Na Vladim\u00edra Clementisa spom\u00edna aj B\u011bta Ture\u010dkov\u00e1-\u010cambalov\u00e1 v knihe Na shledanou, Kawakami. Spolu \u0161tudovali na gymn\u00e1ziu v Skalici, stret\u00e1vali sa, priatelili, hr\u00e1vali divadlo. P\u00ed\u0161e: <em>\u201eClementisov dedo z\u00a0matkinej strany pri\u0161iel na Slovensko z\u00a0Kol\u00ednska a\u00a0po absolvovan\u00ed slovensk\u00e9ho gymn\u00e1zia v\u00a0Rev\u00facej zostal na Slovensku u\u010dite\u013eova\u0165. Preto sa Vladovi ako prv\u00e9 dost\u00e1vali do r\u00fak slovensk\u00e9 i\u00a0\u010desk\u00e9 detsk\u00e9 knihy. Ne\u010dudo, \u017ee si dokonale osvojil slovensk\u00fd aj \u010desk\u00fd pravopis a\u00a0ostatn\u00fdch spolu\u017eiakov predstihoval neoby\u010dajn\u00fdmi liter\u00e1rnymi znalos\u0165ami. Vynikal nadan\u00edm na jazyky, okrem ma\u010far\u010diny ovl\u00e1dal franc\u00faz\u0161tinu, nem\u010dinu a\u00a0angli\u010dtinu, skr\u00e1tka, bol otvoren\u00e1 hlava, v\u00a0triede nadpriemern\u00fd, cie\u013eavedom\u00fd, neboj\u00e1cny, ale aj sebavedom\u00fd.\u201c<\/em><\/p>\n<p>U\u017e po\u010das \u0161t\u00fadi\u00ed na Pr\u00e1vnickej fakulte Karlovej univerzity v Prahe sa anga\u017eoval v socialistickom hnut\u00ed akademickej ml\u00e1de\u017ee. V roku 1922 zalo\u017eili t\u00edto \u013eavicov\u00ed intelektu\u00e1li zdru\u017eenie slovensk\u00fdch socialistick\u00fdch \u0161tudentov, v ktorom sa venovali \u0161t\u00fadiu marxistickej filozofie a rusk\u00e9ho umenia. V roku 1924 za\u010dali vyd\u00e1va\u0165 \u0161tvr\u0165ro\u010dn\u00edk DAV. V roku 1924 vst\u00fapil do Komunistickej strany \u010cesko-Slovenska. V \u010dase vzniku tzv. Slovensk\u00e9ho \u0161t\u00e1tu emigroval a akt\u00edvne sa z\u00fa\u010dast\u0148oval na \u010dinnosti zahrani\u010dn\u00e9ho protifa\u0161istick\u00e9ho odboja. Najprv v Moskve, potom v Lond\u00fdne. V rokoch 1941 a\u017e 1945 p\u00f4sobil v lond\u00fdnskom rozhlasovom vysielan\u00ed pre \u010cesko-Slovensko ako \u017eurnalista a hl\u00e1sate\u013e, pod menom Peter Hron. Ako spisovate\u013e i novin\u00e1r pou\u017e\u00edval aj \u010fal\u0161ie pseudonymy: J\u00e1n Krokavec, V. Podtisovsk\u00fd, V. Sopko a in\u00e9.<\/p>\n<p>Po osloboden\u00ed a po smrti Jana Masaryka sa stal ministrom zahrani\u010dn\u00fdch vec\u00ed \u010cSR. Vo vykon\u0161truovanom politickom procese s Rudolfom Sl\u00e1nsk\u00fdm ho v roku 1951 zatkli a 3. decembra 1952 popravili v Prahe na Pankr\u00e1ci. V roku 1963 ho posmrtne rehabilitovali. V liste na rozl\u00fa\u010dku man\u017eelke L\u00edde z v\u00e4zenia nap\u00edsal: <em>\u201ePr\u00e1ve mi bolo ozn\u00e1men\u00e9, \u017ee Va\u0161e prosby o milos\u0165 boli zamietnut\u00e9 a mne zost\u00e1va e\u0161te nieko\u013eko hod\u00edn \u017eivota. Viem, ak\u00e9 hrozn\u00e9 a neuverite\u013en\u00e9 je to pre V\u00e1s v\u0161etk\u00fdch. Ak azda m\u00f4\u017eem V\u00e1m u\u013eah\u010di\u0165, tak je to toto: Za tie dva roky v\u00e4zenia som sa vn\u00fatorne so v\u0161etk\u00fdm vyrovnal a neviem, \u010di by pre m\u0148a nebolo \u0165a\u017e\u0161ie osta\u0165 na tomto svete a znovu a znovu mu\u010divo pre\u017e\u00edva\u0165 v\u0161etko to, \u010do som za posledn\u00e9 dva-tri roky, ale najm\u00e4 posledn\u00e9 dva t\u00fd\u017edne musel pre\u017ei\u0165. \u010casto som na V\u00e1s, na otecka a mamu spom\u00ednal v tie nekone\u010dn\u00e9 dlh\u00e9 dni, na \u0161\u0165astn\u00e9 detstvo a\u00a0mlados\u0165, na Tisovec a\u00a0Skalicu.\u201c<\/em><\/p>\n","protected":false},"excerpt":{"rendered":"<div class=\"mh-excerpt\"><p>Vladim\u00edr Clementis (*20. september 1902, Tisovec, \u2013 \u20203. december 1952, Praha), slovensk\u00fd politik, pr\u00e1vnik, advok\u00e1t, spisovate\u013e a\u00a0prekladate\u013e, m\u00e1 hlbok\u00e9 rodinn\u00e9 v\u00e4zby na Skalicu. Jeho otec \u013dudov\u00edt, skalick\u00fd rod\u00e1k, nesk\u00f4r u\u010dite\u013e na jedinej slovenskej \u0161kole v\u00a0Tisovci <a class=\"mh-excerpt-more\" href=\"http:\/\/skalickyobzor.sk\/cms\/skalicke-ulice-clementisova\/\" title=\"Skalick\u00e9 ulice &#8211; Clementisova\">[&#8230;]<\/a><\/p>\n<\/div>","protected":false},"author":16,"featured_media":3732,"comment_status":"closed","ping_status":"closed","sticky":false,"template":"","format":"standard","meta":{"footnotes":""},"categories":[24],"tags":[],"class_list":{"0":"post-3731","1":"post","2":"type-post","3":"status-publish","4":"format-standard","5":"has-post-thumbnail","7":"category-skalicke-ulice"},"_links":{"self":[{"href":"http:\/\/skalickyobzor.sk\/cms\/wp-json\/wp\/v2\/posts\/3731","targetHints":{"allow":["GET"]}}],"collection":[{"href":"http:\/\/skalickyobzor.sk\/cms\/wp-json\/wp\/v2\/posts"}],"about":[{"href":"http:\/\/skalickyobzor.sk\/cms\/wp-json\/wp\/v2\/types\/post"}],"author":[{"embeddable":true,"href":"http:\/\/skalickyobzor.sk\/cms\/wp-json\/wp\/v2\/users\/16"}],"replies":[{"embeddable":true,"href":"http:\/\/skalickyobzor.sk\/cms\/wp-json\/wp\/v2\/comments?post=3731"}],"version-history":[{"count":1,"href":"http:\/\/skalickyobzor.sk\/cms\/wp-json\/wp\/v2\/posts\/3731\/revisions"}],"predecessor-version":[{"id":3733,"href":"http:\/\/skalickyobzor.sk\/cms\/wp-json\/wp\/v2\/posts\/3731\/revisions\/3733"}],"wp:featuredmedia":[{"embeddable":true,"href":"http:\/\/skalickyobzor.sk\/cms\/wp-json\/wp\/v2\/media\/3732"}],"wp:attachment":[{"href":"http:\/\/skalickyobzor.sk\/cms\/wp-json\/wp\/v2\/media?parent=3731"}],"wp:term":[{"taxonomy":"category","embeddable":true,"href":"http:\/\/skalickyobzor.sk\/cms\/wp-json\/wp\/v2\/categories?post=3731"},{"taxonomy":"post_tag","embeddable":true,"href":"http:\/\/skalickyobzor.sk\/cms\/wp-json\/wp\/v2\/tags?post=3731"}],"curies":[{"name":"wp","href":"https:\/\/api.w.org\/{rel}","templated":true}]}}