{"id":3749,"date":"2020-09-03T19:14:26","date_gmt":"2020-09-03T17:14:26","guid":{"rendered":"http:\/\/skalickyobzor.sk\/cms\/?p=3749"},"modified":"2020-09-03T19:46:47","modified_gmt":"2020-09-03T17:46:47","slug":"ked-ma-patron-mesta-meniny","status":"publish","type":"post","link":"http:\/\/skalickyobzor.sk\/cms\/ked-ma-patron-mesta-meniny\/","title":{"rendered":"Ke\u010f m\u00e1 patr\u00f3n mesta meniny"},"content":{"rendered":"<p><em><strong>Ka\u017ed\u00fd de\u0148 m\u00e1 niekto sviatok. 29. september je v\u0161ak predsa len v\u00fdnimo\u010dn\u00fd. Sviatok m\u00e1 toti\u017e mesto. Aspo\u0148 z ist\u00e9ho poh\u013eadu. V tento de\u0148 je toti\u017e Michala a meniny m\u00e1 patr\u00f3n skalick\u00e9ho farsk\u00e9ho kostola archanjel Michael. Tradi\u010dne je sviatok patr\u00f3na spojen\u00fd s hodov\u00fdmi sl\u00e1vnos\u0165ami. Pod\u013ea Martina Hoferku zo Z\u00e1horsk\u00e9ho m\u00fazea v mestskom prostred\u00ed, a\u00a0teda ani v\u00a0Skalici, sa v\u0161ak tento zvyk vo v\u0161eobecnosti neudr\u017eiava. Navy\u0161e Skalica v\u00a0tom \u010dase u\u017e \u017eije vinohradmi a\u00a0vinobran\u00edm. Muzikol\u00f3g Peter Michalovi\u010d dokonca potvrdil inform\u00e1ciu, \u017ee, napriek bohatosti miestnej pies\u0148ovej tvorby, v\u00a0\u017eiadnej z\u00a0jemu zn\u00e1mych\u00a0piesn\u00ed sv. Michal nefiguruje. V\u00a0povedom\u00ed Skali\u010danov ost\u00e1va predov\u0161etk\u00fdm v\u00a0spojen\u00ed s\u00a0hlavn\u00fdm chr\u00e1mom v\u00a0meste.<\/strong><\/em><\/p>\n<p>Kostol sv. Michala je spolu s\u00a0rotundou a\u00a0kult\u00farnym domom najzn\u00e1mej\u0161ou stavebnou pamiatkou Skalice. Typick\u00e1 nezamenite\u013en\u00e1 ve\u017ea v\u0161ak pr\u00e1ve z\u00a0tohto kostola rob\u00ed najv\u00fdraznej\u0161iu dominantu v\u00a0meste. Ako najstar\u0161\u00ed zo v\u0161etk\u00fdch p\u00e4tn\u00e1stich mestsk\u00fdch kostolov bol vybudovan\u00fd v\u00a0roku 1372, po pov\u00fd\u0161en\u00ed Skalice za slobodn\u00e9 kr\u00e1\u013eovsk\u00e9 mesto. Najsk\u00f4r bol vybudovan\u00fd ako jednolo\u010fov\u00fd a\u00a0v\u00a0polovici 15. storo\u010dia ho prestavali na trojlo\u010fov\u00fd. Pravdepodobne tento moment m\u00e1 na mysli spisovate\u013e Ferdinand D\u00fabravsk\u00fd, ke\u010f v\u00a0diele Uhorsk\u00e1 Skalica p\u00ed\u0161e: <em>Bol postaven\u00fd za panovania kr\u00e1\u013ea Mateja (Maty\u00e1\u0161a) Corvina v r. 1460. Hlavn\u00fa z\u00e1sluhu o stavbe tohto kostola m\u00e1 J\u00e1n Filipec, biskup Ve\u013eko-Varadinsk\u00fd, rodom Moravan z Prost\u011bjova, ktor\u00e9ho bol kr\u00e1l Maty\u00e1\u0161 so sebou z \u010ciech priviedol a v Uhorsku ho nastolil. D\u013ea tehdaj\u0161ieho oby\u010daja polatin\u0161til si tento biskup svoje meno na <\/em><em>\u201eJoannes de Pruis\u201c, menovali ho ale tie\u017e \u201ede Prostensis\u201c. Bol on ve\u013ek\u00fdm humanitou a\u00a0vykonal mnoho dobra nielen pre Skalicu, ale tie\u017e i\u00a0pre cel\u00fa krajinu.<\/em><\/p>\n<p>Gotick\u00fd kostol nieko\u013ekokr\u00e1t vyhorel a\u00a0mnohokr\u00e1t bol prestavovan\u00fd a\u00a0opravovan\u00fd. Zatia\u013e posledn\u00e1 rozsiahla rekon\u0161trukcia farsk\u00e9ho kostola bola v\u00a0rokoch 2006 a\u00a02007. O\u00a0p\u00f4vodnom stavebnom \u0161t\u00fdle v\u0161ak st\u00e1le sved\u010dia okn\u00e1 a\u00a0klenba presbyt\u00e9ria. Sprievodcovia hovoria o\u00a0tom, \u017ee kostol dostal meno po patr\u00f3novi mesta, no ml\u010dia o\u00a0tom ako inak k\u00a0patr\u00f3novi Skalica pri\u0161la.<\/p>\n<h4>NA NAJ\u010cESTNEJ\u0160OM MIESTE<\/h4>\n<figure id=\"attachment_3753\" aria-describedby=\"caption-attachment-3753\" style=\"width: 520px\" class=\"wp-caption aligncenter\"><img loading=\"lazy\" decoding=\"async\" class=\"size-full wp-image-3753\" src=\"http:\/\/skalickyobzor.sk\/cms\/wp-content\/uploads\/2020\/09\/Infocesta_Zahorie_2017__022.jpg\" alt=\"\" width=\"520\" height=\"779\" srcset=\"http:\/\/skalickyobzor.sk\/cms\/wp-content\/uploads\/2020\/09\/Infocesta_Zahorie_2017__022.jpg 520w, http:\/\/skalickyobzor.sk\/cms\/wp-content\/uploads\/2020\/09\/Infocesta_Zahorie_2017__022-200x300.jpg 200w\" sizes=\"auto, (max-width: 520px) 100vw, 520px\" \/><figcaption id=\"caption-attachment-3753\" class=\"wp-caption-text\">Hlavn\u00fd olt\u00e1r<br \/>Zdroj: internet<\/figcaption><\/figure>\n<p>Hlavn\u00fd olt\u00e1r, ktor\u00fd patr\u00ed medzi najstar\u0161ie a najvz\u00e1cnej\u0161ie olt\u00e1re na Slovensku zdob\u00ed skuto\u010dn\u00fd \u2013 obraz sv. Michala Archanjela od rak\u00faskeho umelca Johanna Lucasa Krackera z roku 1777. Neskorobarokov\u00fd umelec bol hviezdou svojej doby v oblasti fresiek a olt\u00e1rnych diel. Jeho fresky m\u00f4\u017eeme st\u00e1le obdivova\u0165 okrem in\u00fdch miest aj v chr\u00e1me sv. Mikul\u00e1\u0161a na Malej strane v Prahe i v premon\u0161tr\u00e1tskom kostole v Jasove.<\/p>\n<figure id=\"attachment_3754\" aria-describedby=\"caption-attachment-3754\" style=\"width: 470px\" class=\"wp-caption aligncenter\"><img loading=\"lazy\" decoding=\"async\" class=\"wp-image-3754\" src=\"http:\/\/skalickyobzor.sk\/cms\/wp-content\/uploads\/2020\/09\/Jan_lukas_kracker_portret.jpg\" alt=\"\" width=\"470\" height=\"705\" srcset=\"http:\/\/skalickyobzor.sk\/cms\/wp-content\/uploads\/2020\/09\/Jan_lukas_kracker_portret.jpg 539w, http:\/\/skalickyobzor.sk\/cms\/wp-content\/uploads\/2020\/09\/Jan_lukas_kracker_portret-200x300.jpg 200w\" sizes=\"auto, (max-width: 470px) 100vw, 470px\" \/><figcaption id=\"caption-attachment-3754\" class=\"wp-caption-text\">Autoportr\u00e9t Lucasa Krackera<br \/>Zdroj: internet<\/figcaption><\/figure>\n<h4>MICHAL NAD HLAVOU<\/h4>\n<p>Ani mnoh\u00ed zo star\u00fdch Skali\u010danov netu\u0161ia, \u017ee okrem hlavn\u00e9ho olt\u00e1ra je Michal aj pod strechou nad renesan\u010dnou ark\u00e1dovou ochodzou ve\u017ee. Tu je umiestnen\u00fd zvon s rovnak\u00fdm menom. Ak chcete po\u010du\u0165 jeho zvuk, <a href=\"https:\/\/www.youtube.com\/watch?v=QowmToTv0oU\">kliknite na odkaz TU.<\/a><\/p>\n<figure id=\"attachment_3755\" aria-describedby=\"caption-attachment-3755\" style=\"width: 772px\" class=\"wp-caption aligncenter\"><img loading=\"lazy\" decoding=\"async\" class=\"size-full wp-image-3755\" src=\"http:\/\/skalickyobzor.sk\/cms\/wp-content\/uploads\/2020\/09\/skalica-7-v.jpg\" alt=\"\" width=\"772\" height=\"536\" srcset=\"http:\/\/skalickyobzor.sk\/cms\/wp-content\/uploads\/2020\/09\/skalica-7-v.jpg 772w, http:\/\/skalickyobzor.sk\/cms\/wp-content\/uploads\/2020\/09\/skalica-7-v-300x208.jpg 300w, http:\/\/skalickyobzor.sk\/cms\/wp-content\/uploads\/2020\/09\/skalica-7-v-768x533.jpg 768w\" sizes=\"auto, (max-width: 772px) 100vw, 772px\" \/><figcaption id=\"caption-attachment-3755\" class=\"wp-caption-text\">Zvon sv. Michala<br \/>Zdroj: internet<\/figcaption><\/figure>\n<h4>ZOZN\u00c1MTE SA S\u00a0ARCHANJELOM<\/h4>\n<p>Archanjel Michael je jednou z najstar\u0161\u00edch post\u00e1v v\u0161etk\u00fdch troch hlavn\u00fdch monoteistick\u00fdch n\u00e1bo\u017eenstiev \u2013 \u017eidovsk\u00e9ho, kres\u0165ansk\u00e9ho a islamu. E\u0161te v podobe ochrann\u00e9ho boha alebo ducha pravdepodobne poch\u00e1dza z Chaldejska. Do formy jedn\u00e9ho z hlavn\u00fdch anjelov ho prevzal judaizmus. S archanjelom Michaelom sa sp\u00e1ja mnoho legiend o z\u00e1zrakoch, ktor\u00e9 vykonal. Za v\u0161etky aspo\u0148 jednu, ktor\u00fa uv\u00e1dza Wikipedia: V Kolos\u00e1ch vo Fr\u00fdgii archanjel Michal z\u00e1zra\u010dne zachr\u00e1nil chr\u00e1m, ktor\u00fd mu bol zasv\u00e4ten\u00fd. Pohania sa toti\u017e rozhodli presmerova\u0165 dve bl\u00edzke rieky, aby pretekali cez chr\u00e1m. Starec Archip v\u0161ak videl ako archanjel Michal hodil \u017eezlo do ve\u013ek\u00e9ho kame\u0148a, ktor\u00fd sa rozpadol, vytvoriac pritom roklinu, ktor\u00e1 odviedla vodu in\u00fdm smerom. T\u00fato udalos\u0165 si v\u00fdchodn\u00e9 cirkvi pripom\u00ednaj\u00fa 6. septembra\u00a0sviatkom Z\u00e1zraku sv. archanjela Michala v\u00a0Kolos\u00e1ch. A\u00a0sme op\u00e4\u0165 v\u00a0septembri &#8230;<\/p>\n<figure id=\"attachment_3756\" aria-describedby=\"caption-attachment-3756\" style=\"width: 555px\" class=\"wp-caption aligncenter\"><img loading=\"lazy\" decoding=\"async\" class=\"wp-image-3756\" src=\"http:\/\/skalickyobzor.sk\/cms\/wp-content\/uploads\/2020\/09\/Michal_archanjel.jpg\" alt=\"\" width=\"555\" height=\"706\" srcset=\"http:\/\/skalickyobzor.sk\/cms\/wp-content\/uploads\/2020\/09\/Michal_archanjel.jpg 624w, http:\/\/skalickyobzor.sk\/cms\/wp-content\/uploads\/2020\/09\/Michal_archanjel-236x300.jpg 236w\" sizes=\"auto, (max-width: 555px) 100vw, 555px\" \/><figcaption id=\"caption-attachment-3756\" class=\"wp-caption-text\">Archanjel Michael<br \/>Zdroj: internet<\/figcaption><\/figure>\n<p>Katol\u00edcka cirkev vyzn\u00e1va Sv\u00e4t\u00e9ho Michala Archanjela ako patr\u00f3na Cirkvi, patr\u00f3na v boji proti poku\u0161eniu a diablovi, patr\u00f3na rytierov, vojakov, obchodn\u00edkov, para\u0161utistov, policajtov, n\u00e1morn\u00edkov, pek\u00e1rov, v\u00fdrobcov v\u00e1h, ciachova\u010dov, lek\u00e1rnikov, sanit\u00e1rov, tok\u00e1rov, kraj\u010d\u00edrov, sklen\u00e1rov, maliarov, zlatn\u00edkov, cin\u00e1rov, zlieva\u010dov, zamestnancov b\u00e1nk, r\u00e1diomechanikov, chudobn\u00fdch a zomieraj\u00facich, cintor\u00ednov, patr\u00f3na dobrej smrti a patr\u00f3na pri b\u00farke a v zlom po\u010das\u00ed.<\/p>\n<p>A\u00a0aby sme nezabudli \u2013 pre n\u00e1s je predov\u0161etk\u00fdm patr\u00f3nom Skalice.<\/p>\n<p><em>Redakcia<\/em><\/p>\n<hr \/>\n<h2>PATR\u00d3N V\u00a0KRUHU RODINY<\/h2>\n<p><em><strong>V kres\u0165anskom spolo\u010denstve je sviatok patr\u00f3na farnosti sv. Michala vn\u00edman\u00fd ve\u013emi v\u00fdznamne a v mnoh\u00fdch rodin\u00e1ch je najbli\u017e\u0161ia nede\u013ea sviato\u010dn\u00fdm d\u0148om dvojn\u00e1sobne. Na pribl\u00ed\u017eenie atmosf\u00e9ry sme sa pop\u00fdtali bli\u017e\u0161ie Mons. JCDr. Ing. R\u00f3berta Urlanda, ktor\u00fd je od 1. 7. 2019 far\u00e1rom Farnosti Skalica.<\/strong><\/em><\/p>\n<p><strong>Ako to vyzer\u00e1 vo farnosti, ke\u010f m\u00e1 patr\u00f3n sviatok?<\/strong><br \/>\nSviatok sv. Michala sa sl\u00e1vi 29. septembra, v\u00a0obnovenom cirkevnom kalend\u00e1ri (od r. 1969) sa v\u00a0ten ist\u00fd de\u0148 sl\u00e1vi sviatok aj sv. archanjelov Gabriela a\u00a0Rafaela. Hody v\u00a0Skalici b\u00fdvaj\u00fa v\u017edy v\u00a0nede\u013eu najbli\u017e\u0161ie k\u00a0sviatku sv. Michala. Sl\u00e1vnostn\u00e1 hodov\u00e1 sv. om\u0161a ku cti sv. Michala archanjela sa sl\u00e1vi vo farskom kostole o\u00a010.30 hod. Po hodovej sv. om\u0161i je spolo\u010dn\u00e9 agap\u00e9, ochotn\u00e9 \u017eeny nape\u010d\u00fa sladk\u00e9 i\u00a0slan\u00e9 pe\u010divo, vin\u00e1ri prines\u00fa f\u013ea\u0161ku v\u00edna. Sl\u00e1vnostn\u00fd r\u00e1mec dop\u013a\u0148aj\u00fa krojovan\u00ed,\u00a0dychovka a\u00a0konsk\u00fd povoz.<\/p>\n<p><strong>V\u00a0\u010dom je sv. Michal ako patr\u00f3n v\u00fdnimo\u010dn\u00fd?<\/strong><br \/>\n\u00dacta k sv. Michalovi je ve\u013emi star\u00e1 a roz\u0161\u00edren\u00e1. Od ran\u00fdch kres\u0165ansk\u00fdch \u010dias si ho uctievali kres\u0165ania ako svojho patr\u00f3na v boji proti poku\u0161eniam a diablovi. Traduje sa viacero udalost\u00ed, pri ktor\u00fdch sa zjavil a pomohol k v\u00ed\u0165azstvu nad pohanmi alebo ochr\u00e1nil pred nebezpe\u010denstvom. Preklad jeho mena je Kto je ako Boh? (hebr.). Je to \u00fadajne bojov\u00fd pokrik, s ktor\u00fdm anjeli bojovali proti Satanovi a jeho anjelom. V Biblii sa sv. Michal spom\u00edna v knihe proroka Daniela (Dan 10, 13; Dan 12, 1), nesk\u00f4r v J\u00fadovom liste (J\u00fad 1, 9) a Zjaven\u00ed sv\u00e4t\u00e9ho J\u00e1na \u2013 Apokalypse (Zjv 12, 7). Na z\u00e1klade t\u00fdchto pas\u00e1\u017e\u00ed zo Sv. P\u00edsma pripisuje kres\u0165ansk\u00e1 trad\u00edcia sv. Michalovi \u0161tyri \u00farady: bojova\u0165 proti Satanovi; zachra\u0148ova\u0165 du\u0161e veriacich z moci satana, osobitne v hodine smrti; ochra\u0148ova\u0165 Bo\u017e\u00ed \u013eud; sprev\u00e1dza\u0165 du\u0161e \u013eud\u00ed zo sveta pred Bo\u017e\u00ed s\u00fad.<\/p>\n<p><strong>Pre\u010do bola skalick\u00e1 farnos\u0165 zasv\u00e4ten\u00e1 pr\u00e1ve jemu?<\/strong><br \/>\nNem\u00e1me historick\u00e9 z\u00e1znamy, z\u00a0ktor\u00fdch by sa dalo jednozna\u010dne ur\u010di\u0165, pre\u010do bola na\u0161a farnos\u0165 zasv\u00e4ten\u00e1 pr\u00e1ve sv. Michalovi. Ako sme u\u017e spom\u00ednali, \u00facta k\u00a0nemu je ve\u013emi star\u00e1 a\u00a0najm\u00e4 v\u00a0obdob\u00ed vzniku na\u0161ej farnosti bola v\u00a0t\u00fdchto krajoch ve\u013emi roz\u0161\u00edren\u00e1. Mo\u017eno to bola pr\u00e1ve potreba ochrany pred nebezpe\u010denstvom, ktor\u00e1 viedla na\u0161ich predkov k\u00a0tejto vo\u013ebe.<\/p>\n<p><strong>M\u00f4\u017ee by\u0165 patr\u00f3n farnosti pre veriacich in\u0161pir\u00e1ciou?<\/strong><br \/>\nP\u00e1pe\u017e Lev XIII mal 13. okt\u00f3bra 1884 stra\u0161n\u00fa v\u00edziu \u00fatoku mocnost\u00ed pekla proti Sv\u00e4tej Matke Cirkvi. S\u00e1m uviedol, \u010do videl: \u201eCirkev, Nevesta Nepo\u0161kvrnen\u00e9ho Bar\u00e1nka bola naplnen\u00e1 trpkos\u0165ou a opojen\u00e1 jedom jej \u013estiv\u00fdch nepriate\u013eov, ktor\u00ed kl\u00e1dli svoje bezbo\u017en\u00e9 ruky na jej najsv\u00e4tej\u0161\u00ed majetok. Na mieste, kde bol postaven\u00fd Stolec sv. Petra a Stolica Pravdy, ako svetlo sveta, vzt\u00fd\u010dili tr\u00f3n svojej ohavnej bezbo\u017enosti so zlo\u010dinn\u00fdm \u00famyslom, \u017ee ke\u010f udreli pastiera, ovce m\u00f4\u017eu by\u0165 rozohnan\u00e9.\u201c A nariadil modlitbu k sv. Michalovi archanjelovi na z\u00e1ver sv\u00e4tej om\u0161e. V dne\u0161nej zlo\u017eitej dobe, ke\u010f pand\u00e9mia su\u017euje spolo\u010dnos\u0165 a obmedzuje sviatostn\u00fd \u017eivot katol\u00edkov, \u00fatoky Zl\u00e9ho sa zn\u00e1sobuj\u00fa a\u00a0mocnie pok\u00fa\u0161anie du\u0161\u00ed k\u00a0hriechu. Proti satanovi a\u00a0padl\u00fdm anjelom sa p\u00e1pe\u017e Lev XIII modlil:<\/p>\n<blockquote><p>Sv. Michal archanjel, br\u00e1\u0148 n\u00e1s v\u00a0boji,<br \/>\nbu\u010f n\u00e1m ochrancom proti zlobe<br \/>\na\u00a0\u00fakladom diabla.<br \/>\nPokorne pros\u00edme,<br \/>\nnech mu Boh uk\u00e1\u017ee svoju moc.<br \/>\nA\u00a0ty, knie\u017ea nebesk\u00fdch z\u00e1stupov,<br \/>\nBo\u017eou mocou za\u017ee\u0148 do pekla satana<br \/>\na\u00a0in\u00fdch zl\u00fdch duchov,<br \/>\nktor\u00ed sa na skazu du\u0161\u00ed potuluj\u00fa po svete.<br \/>\nAmen.<\/p><\/blockquote>\n<p><strong>\u010eakujeme za rozhovor.<\/strong><\/p>\n<p><em>\u017delm\u00edra Mach\u00e1\u010dkov\u00e1<\/em><\/p>\n<hr \/>\n<h2>K\u00daSOK SKALICE U\u00a0V\u00c1S DOMA<\/h2>\n<p>Neust\u00e1le sa sna\u017e\u00edme pribli\u017eova\u0165 \u010ditate\u013eom na\u0161e mesto mnoh\u00fdmi sp\u00f4sobmi. Novinkou je spozn\u00e1vanie pamiatok vn\u00edman\u00edm ich detailov vlastn\u00fdmi rukami. Na druhom konci na\u0161ej krajiny, a\u017e v Spi\u0161skej Novej Vsi. Pod rukami majstra, tvorcu papierov\u00fdch modelov Ladislava Jakub\u010da tam vznikla sklada\u010dka papierov\u00e9ho modelu skalick\u00e9ho kostola sv. Michala. Model je v tomto \u010dase po prvom kole vzniku, prvej sk\u00fa\u0161ke testovania \u0161pecialistami model\u00e1rmi a po ich pripomienkach \u010dak\u00e1 na pr\u00edpadn\u00e9 \u00fapravy. V tej chv\u00edli pr\u00edde f\u00e1za v\u00fdroby, ktor\u00fa zabezpe\u010duje Z\u00e1padotla\u010d Skalica. Na vznik modelu n\u00e1s upozornila Skali\u010danka Adriana Ho\u0161kov\u00e1, sama v\u00e1\u0161niv\u00e1 skalick\u00e1 model\u00e1rka. K\u00fdm pr\u00edde model farsk\u00e9ho kostola na svetlo sveta a\u00a0do va\u0161ich r\u00fak, predstav\u00edme obe osobnosti.<\/p>\n<h4>KE\u010e \u017dENA STAVIA DOMY<\/h4>\n<p>Ako prvej sme polo\u017eili nieko\u013eko ot\u00e1zok <strong>Adriane Ho\u0161kovej<\/strong>. Rozhovor sa, prirodzene, to\u010dil okolo papierov\u00fdch modelov a\u00a0jej \u017eivota s\u00a0nimi.<\/p>\n<p><strong>Ako diev\u010da chyt\u00ed za srdce tak zdanlivo mu\u017esk\u00fd kon\u00ed\u010dek, ak\u00fdm je model\u00e1r\u010denie?<\/strong><br \/>\nM\u00f4\u017ee za to n\u00e1hoda. Rodi\u010dia si priniesli z Grafobalu makulat\u00faru, na ktorej bola vystrihova\u010dka formuly. Bola som zvedav\u00e1, \u010di sa to fakt d\u00e1 z papiera posklada\u0165, aby to vyzeralo ako formula a tak som si jeden h\u00e1rok schovala, vystrihla a za\u010dala lepi\u0165. Koles\u00e1 som spojila \u0161pajd\u013eami, aby aj jazdila. Priniesla som to uk\u00e1za\u0165 rodi\u010dom, \u017ee \u010di to tak m\u00f4\u017ee by\u0165 a oni zostali prekvapen\u00ed ako som to mohla spravi\u0165 bez n\u00e1vodu. A to bol za\u010diatok. Potom som objavila \u010dasopis ABC, ktor\u00fd si aj dnes ob\u010das k\u00fapim. Pre m\u0148a je to relax, dok\u00e1\u017eem si pritom utriedi\u0165 my\u0161lienky.<\/p>\n<p><strong>Ko\u013eko papierov\u00fdch modelov ste celkovo postavili?<\/strong><br \/>\nNie je ich a\u017e tak ve\u013ea. Predov\u0161etk\u00fdm s\u00fa v\u0161etky men\u0161\u00edch rozmerov, na tie v\u00e4\u010d\u0161ie som e\u0161te nena\u0161la miesto. \u263a<\/p>\n<p><strong>Ak\u00fd typ modelov m\u00e1te najrad\u0161ej?<\/strong><br \/>\nNajrad\u0161ej sklad\u00e1m modely historick\u00fdch budov, ako s\u00fa kostol\u00edky, z\u00e1mky, aj ke\u010f kedysi d\u00e1vno som poskladala dva modely tankov z\u00a0ABC.<\/p>\n<p><strong>Stavali ste model, s\u00a0ktor\u00fdm ste sa pre jeho n\u00e1ro\u010dnos\u0165 mimoriadne natr\u00e1pili?<\/strong><br \/>\nVyber\u00e1m si sk\u00f4r modely s\u00a0vy\u0161\u0161ou n\u00e1ro\u010dnos\u0165ou, tak\u017ee pri ka\u017edom sa n\u00e1jdu detaily, s\u00a0ktor\u00fdmi sa treba viac pohra\u0165.<\/p>\n<p><strong>Z\u00a0ktor\u00e9ho modelu ste mali po dokon\u010den\u00ed najv\u00e4\u010d\u0161iu rados\u0165?<\/strong><br \/>\nNem\u00e1m konkr\u00e9tny, v\u0161etky, ktor\u00e9 som lepila som robila s\u00a0rovnak\u00fdm nad\u0161en\u00edm.<\/p>\n<p><strong>Staviate papierov\u00e9 modely e\u0161te dnes?<\/strong><br \/>\nRada by som, ale moment\u00e1lne na to, bohu\u017eia\u013e, nem\u00e1m ani \u010das ani priestor, kompenzujem si to n\u00e1v\u0161tevami v\u00fdstav a\u00a0s\u00fa\u0165a\u017e\u00ed modelov.<\/p>\n<h4>KR\u00c1SNY PAPIEROV\u00dd SVET<\/h4>\n<p>Autor vystrihova\u010dky skalick\u00e9ho kostola sv. Michala Ladislav Jakub\u010do je naz\u00fdvan\u00fd aj otcom vystrihova\u010diek na Slovensku. Svoje najkraj\u0161ie funk\u010dn\u00e9 stroje, stavebn\u00e9 modely, dopravn\u00e9 prostriedky a\u00a0r\u00f4zne in\u00e9 vystrihova\u010dky predstavil dokonca s\u00faborne v\u00a0knihe vydavate\u013estva Perfekt. Verejnosti boli predstaven\u00e9 s\u00a0t\u00fdm, \u017ee s\u00fa \u201eur\u010den\u00e9 nielen pre deti \u010di dospel\u00fdch milovn\u00edkov papierov\u00fdch modelov, ale aj pre t\u00fdch, ktor\u00ed raz za \u010das zat\u00fa\u017eia len tak si nie\u010do pekn\u00e9 vymodelova\u0165 a\u00a0zlepi\u0165. Hotov\u00e9 modely s\u00fa vhodnou dekor\u00e1ciou do izby \u010di kancel\u00e1rie, ale m\u00f4\u017eu by\u0165 aj pekn\u00fdm a\u00a0hodnotn\u00fdm dar\u010dekom pre najbli\u017e\u0161\u00edch.<\/p>\n<p>S\u00a0poh\u013eadom na svoju tvorbu modelov sa s\u00a0vami podelil <strong>autor Ladislav Jakub\u010do<\/strong> s\u00e1m:<\/p>\n<figure id=\"attachment_3761\" aria-describedby=\"caption-attachment-3761\" style=\"width: 546px\" class=\"wp-caption aligncenter\"><img loading=\"lazy\" decoding=\"async\" class=\"size-full wp-image-3761\" src=\"http:\/\/skalickyobzor.sk\/cms\/wp-content\/uploads\/2020\/09\/Jakubco_CB.jpg\" alt=\"\" width=\"546\" height=\"665\" srcset=\"http:\/\/skalickyobzor.sk\/cms\/wp-content\/uploads\/2020\/09\/Jakubco_CB.jpg 546w, http:\/\/skalickyobzor.sk\/cms\/wp-content\/uploads\/2020\/09\/Jakubco_CB-246x300.jpg 246w\" sizes=\"auto, (max-width: 546px) 100vw, 546px\" \/><figcaption id=\"caption-attachment-3761\" class=\"wp-caption-text\">Ladislav Jakub\u010do<\/figcaption><\/figure>\n<p>Papierov\u00fdm modelom sa venujem od svojich \u0161iestich rokov, teda, od roku 1959. Je to u\u017e pln\u00fdch \u0161es\u0165 desa\u0165ro\u010d\u00ed. V\u00e1\u017enym z\u00e1sahom do mojich model\u00e1rskych predst\u00e1v znamenala stavebnica V\u00e1\u017eky, \u010do bol vo\u013ene lietaj\u00faci model, ktor\u00fa som dostal k Vianociam. Od t\u00fdch \u010dias som za\u010dal intenz\u00edvnej\u0161ie pokukova\u0165 po funguj\u00facich lietadl\u00e1ch, ale na papier, ten \u00fa\u017easn\u00fd materi\u00e1l, som nezanevrel. St\u00e1le som vytv\u00e1ral vlastn\u00e9 kon\u0161trukcie predl\u00f4h, ktor\u00e9 ma in\u0161pirat\u00edvne oslovili. Mus\u00edm sa prizna\u0165, \u017ee v\u00fdlet do sveta papierov\u00fdch modelov mal by\u0165 iba kr\u00e1tkym, no stal sa takmer celo\u017eivotn\u00fdm. Nepozn\u00e1m nikoho, komu by neu\u010daroval svet modelov. Ich k\u00fazlo ma opantalo u\u017e d\u00e1vno a plyn\u00faci \u010das nemal vplyv na to, aby vyprchalo. Okrem toho som ve\u013emi r\u00e1d kreslil, tak\u017ee obe z\u00e1\u013euby sa vhodne dop\u013a\u0148ali. Mojim p\u00f4vodn\u00fdm povolan\u00edm je stavebn\u00edctvo, kde som pre\u0161iel h\u00e1dam v\u0161etk\u00fdmi jeho f\u00e1zami od pr\u00edpravy a\u017e po realiz\u00e1ciu stavieb, ale aj\u00a0investorsk\u00fa \u010dinnos\u0165. Vy\u0161tudoval som stredn\u00fa \u0161kolu v\u00a0Pre\u0161ove a\u00a0SV\u0160T v\u00a0Bratislave. Svoje hobby som po cel\u00fd \u010das neopustil. Budovy sa, teda, stali mojou profesiou, len v\u00a0mojich vystrihova\u010dk\u00e1ch dominuje technika, ktorou som od nich unikal.<\/p>\n<p>Dnes u\u017e asi nepor\u00e1tam v\u0161etky modely, ktor\u00e9 som vytvoril, s\u00fa ich ur\u010dite stovky, ak nie tis\u00edcka. Nielen modely stavieb, ale aj pracovn\u00fdch strojov, lietadiel, \u00e1ut, rakiet, ko\u010dov, &#8230; \u010casto dost\u00e1vam ot\u00e1zku, ktor\u00fd z\u00a0nich m\u00e1m najrad\u0161ej. Popravde \u2013 moj\u00edm najmil\u0161\u00edm modelom je v\u017edy ten, ktor\u00fd pr\u00e1ve dokon\u010d\u00edm. Cen\u00edm si slobodu, ktor\u00fa v\u00a0tejto pr\u00e1ci m\u00e1m a\u00a0tak sa pri v\u00fdbere predl\u00f4h na vystrihova\u010dku riadim mojim in\u0161tinktom a\u00a0mo\u017eno aj t\u00fdm, \u010do sa mi nejako prihov\u00e1ra. Ke\u010f\u017ee som robil a\u00a0rob\u00edm pre detsk\u00e9 a\u00a0ml\u00e1de\u017en\u00edcke \u010dasopisy, tak, samozrejme, niekedy vytvor\u00edm aj model na objedn\u00e1vku, ale inak m\u00e1m vo v\u00fdbere vo\u013en\u00e9 ruky. Tak aj model kostola sv. Michala v\u00a0Skalici som si vybral pr\u00e1ve preto, \u017ee ma hne\u010f na prv\u00fd poh\u013ead zaujal. Je rovnako osobit\u00fd ako \u013eudia tohto regi\u00f3nu. Som Spi\u0161iak, preto viem o\u00a0\u010dom hovor\u00edm a\u00a0naviac, asi prekvapuj\u00faco v\u00a0tejto chv\u00edli, nikdy som v\u00a0Skalici nebol.<\/p>\n<p><img loading=\"lazy\" decoding=\"async\" class=\"aligncenter size-full wp-image-3765\" src=\"http:\/\/skalickyobzor.sk\/cms\/wp-content\/uploads\/2020\/09\/obalka-knihy.jpg\" alt=\"\" width=\"538\" height=\"759\" srcset=\"http:\/\/skalickyobzor.sk\/cms\/wp-content\/uploads\/2020\/09\/obalka-knihy.jpg 538w, http:\/\/skalickyobzor.sk\/cms\/wp-content\/uploads\/2020\/09\/obalka-knihy-213x300.jpg 213w\" sizes=\"auto, (max-width: 538px) 100vw, 538px\" \/><\/p>\n<p>Podklady na vystrihova\u010dky sa kedysi zh\u00e1\u0148ali ve\u013emi \u0165a\u017eko, v dne\u0161nej dobe internetu s\u00fa podmienky neporovnate\u013en\u00e9. T\u00fdm sa aj t\u00e1 pr\u00edpravn\u00e1 f\u00e1za zjednodu\u0161ila. D\u013a\u017eka pr\u00edpravy vystrihova\u010dky je v\u0161ak priamo \u00famern\u00e1 i jej zlo\u017eitosti, preto sa pr\u00e1ca na nej pohybuje od jedn\u00e9ho mesiaca a\u017e po cel\u00fd rok. Mojim ve\u013ek\u00fdm pomocn\u00edkom je i znalos\u0165 koline\u00e1rnej fotogrametrie, ktor\u00fa som sa nau\u010dil v \u0161kole. Aj samotn\u00e9 kreslenie pre\u0161lo v\u00fdvojom, od ru\u010dn\u00e9ho k elektronick\u00e9mu.<\/p>\n<p>Vo svete po\u010d\u00edta\u010dov existuje mno\u017estvo grafick\u00fdch programov, ktor\u00e9 kon\u0161trukciu i grafick\u00fa \u00fapravu vystrihova\u010diek u\u013eah\u010duj\u00fa a pos\u00favaj\u00fa na \u00faplne in\u00fa \u00farove\u0148, no k\u00fazlo ru\u010dnej pr\u00e1ce nenahradia. Pri kon\u0161trukcii vystrihova\u010diek plat\u00ed rad pravidiel, ale asi najd\u00f4le\u017eitej\u0161\u00edm je zoh\u013eadnenie hr\u00fabky papiera. Preto je pre m\u0148a d\u00f4le\u017eit\u00e1 komunik\u00e1cia a spolupr\u00e1ca s vydavate\u013eom. Tak sa te\u0161\u00edm aj na realiz\u00e1ciu skalick\u00e9ho kostola sv. Michala. V bud\u00facnosti nie je vyl\u00fa\u010den\u00e9, \u017ee sa pust\u00edm i do \u010fal\u0161\u00edch skalick\u00fdch stavieb, lebo viem o \u010fal\u0161\u00edch kandid\u00e1toch, ktor\u00ed ur\u010dite stoja za pozornos\u0165. Napr\u00edklad Karner, Spolkov\u00fd dom, \u010di rad me\u0161tianskych domov alebo rotunda. Mysl\u00edm si, \u017ee to pre m\u0148a bude mil\u00fd d\u00f4vod Skalicu osobne nav\u0161t\u00edvi\u0165.<\/p>\n<p><em>\u017delm\u00edra Mach\u00e1\u010dkov\u00e1<\/em><\/p>\n<figure id=\"attachment_3766\" aria-describedby=\"caption-attachment-3766\" style=\"width: 707px\" class=\"wp-caption aligncenter\"><img loading=\"lazy\" decoding=\"async\" class=\"size-full wp-image-3766\" src=\"http:\/\/skalickyobzor.sk\/cms\/wp-content\/uploads\/2020\/09\/Obrazek2.jpg\" alt=\"\" width=\"707\" height=\"565\" srcset=\"http:\/\/skalickyobzor.sk\/cms\/wp-content\/uploads\/2020\/09\/Obrazek2.jpg 707w, http:\/\/skalickyobzor.sk\/cms\/wp-content\/uploads\/2020\/09\/Obrazek2-300x240.jpg 300w\" sizes=\"auto, (max-width: 707px) 100vw, 707px\" \/><figcaption id=\"caption-attachment-3766\" class=\"wp-caption-text\">Prototyp modelu<br \/>Foto: Miroslav Lisinovi\u010d<\/figcaption><\/figure>\n<figure id=\"attachment_3767\" aria-describedby=\"caption-attachment-3767\" style=\"width: 686px\" class=\"wp-caption aligncenter\"><img loading=\"lazy\" decoding=\"async\" class=\"size-full wp-image-3767\" src=\"http:\/\/skalickyobzor.sk\/cms\/wp-content\/uploads\/2020\/09\/obr4.jpg\" alt=\"\" width=\"686\" height=\"548\" srcset=\"http:\/\/skalickyobzor.sk\/cms\/wp-content\/uploads\/2020\/09\/obr4.jpg 686w, http:\/\/skalickyobzor.sk\/cms\/wp-content\/uploads\/2020\/09\/obr4-300x240.jpg 300w\" sizes=\"auto, (max-width: 686px) 100vw, 686px\" \/><figcaption id=\"caption-attachment-3767\" class=\"wp-caption-text\">Prototyp modelu<br \/>Foto: Miroslav Lisinovi\u010d<\/figcaption><\/figure>\n<p><a href=\"http:\/\/skalickyobzor.sk\/cms\/wp-content\/uploads\/2020\/09\/michal-v-skalici.jpg\"><img loading=\"lazy\" decoding=\"async\" class=\"aligncenter wp-image-3769 size-full\" src=\"http:\/\/skalickyobzor.sk\/cms\/wp-content\/uploads\/2020\/09\/michal-v-skalici.jpg\" alt=\"\" width=\"758\" height=\"701\" srcset=\"http:\/\/skalickyobzor.sk\/cms\/wp-content\/uploads\/2020\/09\/michal-v-skalici.jpg 758w, http:\/\/skalickyobzor.sk\/cms\/wp-content\/uploads\/2020\/09\/michal-v-skalici-300x277.jpg 300w\" sizes=\"auto, (max-width: 758px) 100vw, 758px\" \/><\/a><\/p>\n<figure id=\"attachment_3770\" aria-describedby=\"caption-attachment-3770\" style=\"width: 960px\" class=\"wp-caption aligncenter\"><a href=\"http:\/\/skalickyobzor.sk\/cms\/wp-content\/uploads\/2020\/09\/Nadja-Gerzova-ukazka-z-pripravovanej-multifunkcnej-malovanky-vymaluj-si-Skalicu.jpg\"><img loading=\"lazy\" decoding=\"async\" class=\"wp-image-3770 size-full\" src=\"http:\/\/skalickyobzor.sk\/cms\/wp-content\/uploads\/2020\/09\/Nadja-Gerzova-ukazka-z-pripravovanej-multifunkcnej-malovanky-vymaluj-si-Skalicu.jpg\" alt=\"\" width=\"960\" height=\"1430\" srcset=\"http:\/\/skalickyobzor.sk\/cms\/wp-content\/uploads\/2020\/09\/Nadja-Gerzova-ukazka-z-pripravovanej-multifunkcnej-malovanky-vymaluj-si-Skalicu.jpg 960w, http:\/\/skalickyobzor.sk\/cms\/wp-content\/uploads\/2020\/09\/Nadja-Gerzova-ukazka-z-pripravovanej-multifunkcnej-malovanky-vymaluj-si-Skalicu-201x300.jpg 201w, http:\/\/skalickyobzor.sk\/cms\/wp-content\/uploads\/2020\/09\/Nadja-Gerzova-ukazka-z-pripravovanej-multifunkcnej-malovanky-vymaluj-si-Skalicu-687x1024.jpg 687w, http:\/\/skalickyobzor.sk\/cms\/wp-content\/uploads\/2020\/09\/Nadja-Gerzova-ukazka-z-pripravovanej-multifunkcnej-malovanky-vymaluj-si-Skalicu-768x1144.jpg 768w\" sizes=\"auto, (max-width: 960px) 100vw, 960px\" \/><\/a><figcaption id=\"caption-attachment-3770\" class=\"wp-caption-text\">Nadja Ger\u017eov\u00e1<\/figcaption><\/figure>\n<p><a href=\"http:\/\/skalickyobzor.sk\/cms\/wp-content\/uploads\/2020\/09\/kresba-sv-michala.jpg\"><img loading=\"lazy\" decoding=\"async\" class=\"aligncenter wp-image-3772 size-full\" src=\"http:\/\/skalickyobzor.sk\/cms\/wp-content\/uploads\/2020\/09\/kresba-sv-michala.jpg\" alt=\"\" width=\"897\" height=\"352\" srcset=\"http:\/\/skalickyobzor.sk\/cms\/wp-content\/uploads\/2020\/09\/kresba-sv-michala.jpg 897w, http:\/\/skalickyobzor.sk\/cms\/wp-content\/uploads\/2020\/09\/kresba-sv-michala-300x118.jpg 300w, http:\/\/skalickyobzor.sk\/cms\/wp-content\/uploads\/2020\/09\/kresba-sv-michala-768x301.jpg 768w\" sizes=\"auto, (max-width: 897px) 100vw, 897px\" \/><\/a><\/p>\n","protected":false},"excerpt":{"rendered":"<div class=\"mh-excerpt\"><p>Ka\u017ed\u00fd de\u0148 m\u00e1 niekto sviatok. 29. september je v\u0161ak predsa len v\u00fdnimo\u010dn\u00fd. Sviatok m\u00e1 toti\u017e mesto. Aspo\u0148 z ist\u00e9ho poh\u013eadu. V tento de\u0148 je toti\u017e Michala a meniny m\u00e1 patr\u00f3n skalick\u00e9ho farsk\u00e9ho kostola archanjel Michael. <a class=\"mh-excerpt-more\" href=\"http:\/\/skalickyobzor.sk\/cms\/ked-ma-patron-mesta-meniny\/\" title=\"Ke\u010f m\u00e1 patr\u00f3n mesta meniny\">[&#8230;]<\/a><\/p>\n<\/div>","protected":false},"author":1,"featured_media":3750,"comment_status":"closed","ping_status":"closed","sticky":false,"template":"","format":"standard","meta":{"footnotes":""},"categories":[2],"tags":[],"class_list":{"0":"post-3749","1":"post","2":"type-post","3":"status-publish","4":"format-standard","5":"has-post-thumbnail","7":"category-hlavna-tema"},"_links":{"self":[{"href":"http:\/\/skalickyobzor.sk\/cms\/wp-json\/wp\/v2\/posts\/3749","targetHints":{"allow":["GET"]}}],"collection":[{"href":"http:\/\/skalickyobzor.sk\/cms\/wp-json\/wp\/v2\/posts"}],"about":[{"href":"http:\/\/skalickyobzor.sk\/cms\/wp-json\/wp\/v2\/types\/post"}],"author":[{"embeddable":true,"href":"http:\/\/skalickyobzor.sk\/cms\/wp-json\/wp\/v2\/users\/1"}],"replies":[{"embeddable":true,"href":"http:\/\/skalickyobzor.sk\/cms\/wp-json\/wp\/v2\/comments?post=3749"}],"version-history":[{"count":12,"href":"http:\/\/skalickyobzor.sk\/cms\/wp-json\/wp\/v2\/posts\/3749\/revisions"}],"predecessor-version":[{"id":3773,"href":"http:\/\/skalickyobzor.sk\/cms\/wp-json\/wp\/v2\/posts\/3749\/revisions\/3773"}],"wp:featuredmedia":[{"embeddable":true,"href":"http:\/\/skalickyobzor.sk\/cms\/wp-json\/wp\/v2\/media\/3750"}],"wp:attachment":[{"href":"http:\/\/skalickyobzor.sk\/cms\/wp-json\/wp\/v2\/media?parent=3749"}],"wp:term":[{"taxonomy":"category","embeddable":true,"href":"http:\/\/skalickyobzor.sk\/cms\/wp-json\/wp\/v2\/categories?post=3749"},{"taxonomy":"post_tag","embeddable":true,"href":"http:\/\/skalickyobzor.sk\/cms\/wp-json\/wp\/v2\/tags?post=3749"}],"curies":[{"name":"wp","href":"https:\/\/api.w.org\/{rel}","templated":true}]}}