{"id":3792,"date":"2020-10-06T12:07:16","date_gmt":"2020-10-06T10:07:16","guid":{"rendered":"http:\/\/skalickyobzor.sk\/cms\/?p=3792"},"modified":"2020-10-06T12:35:37","modified_gmt":"2020-10-06T10:35:37","slug":"kamarat-fera-tomik","status":"publish","type":"post","link":"http:\/\/skalickyobzor.sk\/cms\/kamarat-fera-tomik\/","title":{"rendered":"Kamar\u00e1t Fera Tom\u00edk"},"content":{"rendered":"<p><strong><em>Aj ke\u010f bol sl\u00e1vny nosite\u013e tohto mena po v\u00e4\u010d\u0161inu svojho \u017eivota na filmova\u010dk\u00e1ch po celom svete, jeho korene v\u00a0Skalici ost\u00e1vaj\u00fa st\u00e1le \u017eiv\u00e9 a\u00a0rodnej zemi sa chodil nasa\u0165 kedy sa len dalo. So Skalicou ho rovnako pevne sp\u00e1jali priate\u013estv\u00e1. Na jedno z\u00a0nich spom\u00edna fotograf J\u00e1n Pardubsk\u00fd.<\/em><\/strong><\/p>\n<h3>ZA\u010cALO SA TO NARODEN\u00cdM<\/h3>\n<p>Vo vojnovom roku 1941 sa n\u00e1s narodilo v Skalici 99. M\u00f4j kamar\u00e1t Fera Tom\u00edk bol odo m\u0148a mlad\u0161\u00ed o osem mesiacov, no odkedy sme sa stali priate\u013emi si u\u017e nepam\u00e4t\u00e1m. Viem v\u0161ak, \u017ee fotografia n\u00e1s zaujala u\u017e v z\u00e1kladnej \u0161kole. V tej dobe e\u0161te nejestvovali \u017eiadne kr\u00fa\u017eky, je v\u0161ak celkom mo\u017en\u00e9, \u017ee skautsk\u00fd \u010dasopis Vp\u0159ed, ktor\u00fd sme si kupovali u pani Tesl\u00edkovej, v n\u00e1s prebudil z\u00e1ujem o tento zauj\u00edmav\u00fd kon\u00ed\u010dek. N\u00e1vod ako fotografova\u0165, vyvola\u0165 negat\u00edv a urobi\u0165 fotografiu sme ur\u010dite z\u00edskali odtia\u013e. Probl\u00e9m nastal s fotoapar\u00e1tom, lebo vtedy nebol pr\u00edstupn\u00fd ka\u017ed\u00e9mu tak ako dnes. Vlastnili ho len v \u201elep\u0161\u00edch\u201c rodin\u00e1ch, no ja som bol z rodiny robotn\u00edka so \u0161iestimi de\u0165mi a Fera Tom\u00edk z ro\u013en\u00edckej rodiny.<\/p>\n<p>Je zrejm\u00e9, \u017ee na\u0161i rodi\u010dia na tak\u00fa invest\u00edciu peniaze nemali. Neviem ako z\u00edskal fotoapar\u00e1t on, ale ja som si \u0161etril na fotoapar\u00e1t Pionier za 65 kor\u00fan po 25 halieroch dos\u0165 dlho. Ke\u010f si dobre spom\u00ednam, Fera mal rusk\u00fd \u013djubite\u013e, ktor\u00fd bol o triedu lep\u0161\u00ed, lebo to u\u017e bola zrkadlovka. Fotili sme sa navz\u00e1jom, podnikali sme dobrodru\u017en\u00e9 v\u00fdpravy do vtedy pr\u00edstupn\u00e9ho a zna\u010dne zdevastovan\u00e9ho kostola jezuitov. U Palu Sovi\u0161a, spolu\u017eiaka zo \u0160irokej ulice sme vyvol\u00e1vali filmy v tanieroch z kuchyne jeho matky. N\u00e1vod n\u00e1s po\u00fa\u010dal, \u017ee k tejto pr\u00e1ci m\u00f4\u017eeme pou\u017ei\u0165 \u010derven\u00e9 svetlo a tak sme v komore, kde bola be\u010dka s kvasenou kapustou a in\u00e9 potraviny, obalili \u017eiarovku \u010dervenou pionierskou \u0161atkou. T\u00e1 sa n\u00e1m v\u0161ak prep\u00e1lila, filmy sa osvetlili a s\u010derneli a v \u0161kole sme \u0165a\u017eko vysvet\u013eovali kde sa n\u00e1m podeli \u0161atky. Na\u0161e za\u010diatky boli komplikovan\u00e9 aj t\u00fdm, \u017ee sme \u0165a\u017eko z\u00edskavali peniaze na filmy, fotopapier a chemik\u00e1lie.<\/p>\n<h3>NA R\u00c1ZCEST\u00cd<\/h3>\n<p>Po\u010das stredo\u0161kolsk\u00fdch \u0161t\u00fadi\u00ed sa na\u0161e cesty rozi\u0161li. Ja som sa na mojej \u0161kole nau\u010dil fotografiu a\u00a0aj z\u00e1klady pr\u00e1ce s\u00a0dokument\u00e1rnym filmom a\u00a0Fera pokra\u010doval na \u0160UP-ke, no aj nesk\u00f4r ma pri n\u00e1vratoch do Skalice nav\u0161tevoval a\u00a0z\u00e1soboval historkami. Z\u00a0jeho z\u00e1\u017eitkov uvediem aspo\u0148 dva, aby ostali medzi \u013eu\u010fmi.<\/p>\n<h3>HISTORKY ZO SVETA<\/h3>\n<p>Raz spom\u00ednal, ako so skupinou spolu\u017eiakov z\u00a0pra\u017eskej FAMU cestovali na pozvanie dru\u017eobnej umeleckej \u0161koly do Alma-Aty v\u00a0\u00e1zijskej \u010dasti vtedaj\u0161ieho Sovietskeho zv\u00e4zu. Ich cesta na juh krajiny bola pri ich boh\u00e9mskej povahe zlo\u017eit\u00e1 a\u00a0dlh\u00e1. Pre turistov nale\u0161ten\u00e1 Moskva ich nezauj\u00edmala, vybrali si perif\u00e9riu a\u00a0fotografovali skuto\u010dn\u00e9 podmienky v\u00a0ak\u00fdch \u017eili be\u017en\u00ed Rusi, a\u00a0tie boli, mierne povedan\u00e9, nelichotiv\u00e9 a\u00a0tak ka\u017ed\u00fa chv\u00ed\u013eu skon\u010dili vo v\u00e4zen\u00ed. Podozrievav\u00ed a\u00a0ostra\u017eit\u00ed Moskov\u010dania ohl\u00e1sili \u201einostrancov\u201c mil\u00edcii, ktor\u00e1 ich promptne zadr\u017eala. Vy\u0161etrovali ich pre\u010do fotografovali a\u00a0kto ich na to naviedol. Trvalo dva alebo tri dni ne\u017e sa v\u0161etko vysvetlilo. Z\u00e1ver bol napokon kuri\u00f3zny \u2013 pri\u0161la nejak\u00e1 s\u00fadru\u017eka z\u00a0ministerstva kult\u00fary, vyviezla ich tax\u00edkmi na Leninsk\u00e9 hory a\u00a0\u0161irok\u00fdm gestom im uk\u00e1zala, \u017ee odtia\u013e m\u00f4\u017eu fotografova\u0165 Moskvu, ko\u013eko len chc\u00fa.<\/p>\n<p>Ke\u010f v\u0161ak v Leningrade (teraj\u0161om Petrohrade) po\u010das bielych noc\u00ed fotografovali atrakt\u00edvne dv\u00edhanie mostov, znova sa na\u0161li udava\u010di a partia znova skon\u010dila \u201e v \u0165urme\u201c. Jun\u00e1ci nevedeli, \u017ee t\u00fato, pre turistov zauj\u00edmav\u00fa atrakciu bola fotografova\u0165 zak\u00e1zan\u00e9. Mosty boli strategick\u00e9 objekty najvy\u0161\u0161ej kateg\u00f3rie a fotografovanie cudzincami bolo asi ohrozen\u00edm bezpe\u010dnosti \u0161t\u00e1tu. Inokedy sa do ve\u013ek\u00fdch probl\u00e9mov dostali po vstupe do zak\u00e1zanej z\u00f3ny, kde\u00a0chceli fotografova\u0165 b\u00e1jnu horu Ararat. Podobne absolvovali cel\u00fd pobyt a\u00a0nakoniec boli radi, \u017ee sa vr\u00e1tili domov. Vr\u00e1tili sa v\u0161ak s\u00a0pr\u00e1zdnymi kuframi, lebo v\u0161etko oble\u010denie rozpredali mlad\u00fdm komsomolcom, t\u00fa\u017eiacim po z\u00e1padnej m\u00f3de.<\/p>\n<h3>TAKMER VOJNOV\u00c1 OBE\u0164<\/h3>\n<p>E\u0161te ove\u013ea v\u00e1\u017enej\u0161\u00ed koniec v\u0161ak mohla ma\u0165 celkom in\u00e1 historka. Ke\u010f americk\u00e1 produkcia nakr\u00facala v Davli pri Prahe zn\u00e1my film Most pri Remagene, Fero Tom\u00edk bol anga\u017eovan\u00fd ako jeden zo siedmich kameramanov, a to bol e\u0161te len \u0161tudent. V Davli bol \u017eelezn\u00fd most, ve\u013emi podobn\u00fd tomu na rieke R\u00fdn v Nemecku, o ktor\u00fd prebiehali na konci vojny \u0165a\u017ek\u00e9 boje \u2013 o jeho z\u00edskanie a udr\u017eanie medzi americkou a nemeckou arm\u00e1dou. Filmovac\u00ed priestor bol pln\u00fd komparzu, v nemeck\u00fdch a americk\u00fdch uniform\u00e1ch, a aj \u0165a\u017ekej vojenskej techniky. Do toho 21. augusta 1968 vpadli do \u010ceskoslovenska vojsk\u00e1 Var\u0161avskej zmluvy pod sovietskym velen\u00edm, aby potla\u010dili kontrarevol\u00faciu a zabr\u00e1nili vstupu z\u00e1padn\u00fdch arm\u00e1d na na\u0161e \u00fazemie. A v tom v\u0161ak ne\u010faleko hlavn\u00e9ho mesta Prahy ne\u010dakane narazili na nemeck\u00e9 a americk\u00e9 vojsk\u00e1! Vypla\u0161en\u00ed rusk\u00ed vojaci boli vyzbrojen\u00ed ostrou mun\u00edciou, zatia\u013e \u010do filmov\u00fd komparz mal nefunk\u010dn\u00e9 zbrane. Len z\u00e1zrakom nepri\u0161lo k\u00a0nev\u00eddan\u00e9mu masakru. Ne\u017e okupanti pochopili situ\u00e1ciu, za\u017eil Fera Tom\u00edk spolu s\u00a0kolegami pod ostro nabit\u00fdmi samopalmi \u0165a\u017ek\u00fa \u017eivotn\u00fa traumu.<\/p>\n<h3>N\u00c1VRATY DOMOV<\/h3>\n<p>Hoci priate\u013e Fera pre\u017eil v\u00e4\u010d\u0161inu \u017eivota mimo rodnej Skalice, bol Skali\u010dan telom a\u00a0du\u0161ou. Ako potomok gener\u00e1ci\u00ed ro\u013en\u00edkov si ctil vz\u0165ah k\u00a0p\u00f4de a\u00a0v\u00a0jeho pr\u00edpade k\u00a0dedi\u010dn\u00e9mu vinohradu. Ke\u010f mu v\u00a0Petr\u017ealke ukradli auto, odmietal si k\u00fapi\u0165 nov\u00e9 a\u00a0rad\u0161ej cestoval do Skalice vlakom. St\u00e1valo sa, \u017ee pri jeho pr\u00edchode sme sa stretli a\u00a0on mal u\u017e staros\u0165 o\u00a0to, \u010di mu pokr\u00fdva\u010d opravil na dome v\u00a0Poto\u010dnej ulici strechu, ako s\u013e\u00fabil, ako to vyzer\u00e1 vo vinohrade a\u00a0kopu in\u00fdch starost\u00ed, ktor\u00e9 si u\u017e doviezol zo sebou. Cel\u00fd v\u00edkend dok\u00e1zal venova\u0165 robote. Apeloval som na neho, aby u\u017e spomalil v\u00a0tempe a\u00a0i\u00a0ke\u010f toho st\u00edhal neuverite\u013ene ve\u013ea, namietal, \u017ee mus\u00ed e\u0161te vydr\u017ea\u0165 a\u017e deti do\u0161tuduj\u00fa, lebo po odchode man\u017eelky bol na to s\u00e1m.<\/p>\n<p>Bol a\u017e neuverite\u013en\u00fd pedant. Ke\u010f sme u\u00a0neho posedeli pri v\u00edne alebo slivovi\u010dke, v\u0161imol som si, \u017ee mal v\u00a0kuchyni zoraden\u00e9 p\u00e4\u0165litrov\u00e9 poh\u00e1re s\u00a0vyml\u00e1tenou fazu\u013eou. Aj s\u00a0t\u00fdm si dal robotu, v\u00a0jednom poh\u00e1ri bola fazu\u013ea biela gu\u013eat\u00e1, v\u00a0druhom biela dlh\u00e1, v\u00a0\u010fal\u0161\u00edch \u017elt\u00e1, \u010dierna, strakat\u00e1 \u2013 pod\u013ea neho to tak malo by\u0165.<\/p>\n<p>Jeho profesion\u00e1lny \u017eivot a\u00a0pr\u00e1cu, ktor\u00fa pri populariz\u00e1cii fotografie vykonal, zhodnotia povolanej\u0161\u00ed. Pre m\u0148a bol vern\u00fd a\u00a0spo\u013eahliv\u00fd kamar\u00e1t a\u00a0patriot. Skali\u010dan, Fera Tom\u00edk.<\/p>\n","protected":false},"excerpt":{"rendered":"<div class=\"mh-excerpt\"><p>Aj ke\u010f bol sl\u00e1vny nosite\u013e tohto mena po v\u00e4\u010d\u0161inu svojho \u017eivota na filmova\u010dk\u00e1ch po celom svete, jeho korene v\u00a0Skalici ost\u00e1vaj\u00fa st\u00e1le \u017eiv\u00e9 a\u00a0rodnej zemi sa chodil nasa\u0165 kedy sa len dalo. So Skalicou ho rovnako <a class=\"mh-excerpt-more\" href=\"http:\/\/skalickyobzor.sk\/cms\/kamarat-fera-tomik\/\" title=\"Kamar\u00e1t Fera Tom\u00edk\">[&#8230;]<\/a><\/p>\n<\/div>","protected":false},"author":34,"featured_media":17,"comment_status":"closed","ping_status":"closed","sticky":false,"template":"","format":"standard","meta":{"footnotes":""},"categories":[4],"tags":[],"class_list":{"0":"post-3792","1":"post","2":"type-post","3":"status-publish","4":"format-standard","5":"has-post-thumbnail","7":"category-ja-su-ze-skalice"},"_links":{"self":[{"href":"http:\/\/skalickyobzor.sk\/cms\/wp-json\/wp\/v2\/posts\/3792","targetHints":{"allow":["GET"]}}],"collection":[{"href":"http:\/\/skalickyobzor.sk\/cms\/wp-json\/wp\/v2\/posts"}],"about":[{"href":"http:\/\/skalickyobzor.sk\/cms\/wp-json\/wp\/v2\/types\/post"}],"author":[{"embeddable":true,"href":"http:\/\/skalickyobzor.sk\/cms\/wp-json\/wp\/v2\/users\/34"}],"replies":[{"embeddable":true,"href":"http:\/\/skalickyobzor.sk\/cms\/wp-json\/wp\/v2\/comments?post=3792"}],"version-history":[{"count":1,"href":"http:\/\/skalickyobzor.sk\/cms\/wp-json\/wp\/v2\/posts\/3792\/revisions"}],"predecessor-version":[{"id":3793,"href":"http:\/\/skalickyobzor.sk\/cms\/wp-json\/wp\/v2\/posts\/3792\/revisions\/3793"}],"wp:featuredmedia":[{"embeddable":true,"href":"http:\/\/skalickyobzor.sk\/cms\/wp-json\/wp\/v2\/media\/17"}],"wp:attachment":[{"href":"http:\/\/skalickyobzor.sk\/cms\/wp-json\/wp\/v2\/media?parent=3792"}],"wp:term":[{"taxonomy":"category","embeddable":true,"href":"http:\/\/skalickyobzor.sk\/cms\/wp-json\/wp\/v2\/categories?post=3792"},{"taxonomy":"post_tag","embeddable":true,"href":"http:\/\/skalickyobzor.sk\/cms\/wp-json\/wp\/v2\/tags?post=3792"}],"curies":[{"name":"wp","href":"https:\/\/api.w.org\/{rel}","templated":true}]}}