{"id":3799,"date":"2020-10-06T12:11:03","date_gmt":"2020-10-06T10:11:03","guid":{"rendered":"http:\/\/skalickyobzor.sk\/cms\/?p=3799"},"modified":"2020-10-06T12:35:59","modified_gmt":"2020-10-06T10:35:59","slug":"vazena-pani-primatorka-vazeni-poslanci-19","status":"publish","type":"post","link":"http:\/\/skalickyobzor.sk\/cms\/vazena-pani-primatorka-vazeni-poslanci-19\/","title":{"rendered":"V\u00e1\u017een\u00e1 pani prim\u00e1torka, v\u00e1\u017een\u00ed poslanci!"},"content":{"rendered":"<p>Do okt\u00f3brov\u00e9ho \u010d\u00edsla Obzoru pripravujeme \u010dl\u00e1nok o\u00a0vode a\u00a0k\u00a0tejto t\u00e9me pl\u00e1nujeme vraca\u0165 sa aj v\u00a0\u010fal\u0161\u00edch \u010d\u00edslach. K\u00a0\u010dl\u00e1nku sme pre ob\u010danov Skalice pripravili anketu s\u00a0ot\u00e1zkami, na ktor\u00e9 odpovedali. Niektor\u00e9 z\u00a0nich by sme dnes radi polo\u017eili aj v\u00e1m.<\/p>\n<ol>\n<li><strong>Viete, kde m\u00e1me zdroje vody, ktor\u00e1 te\u010die v Skalici z koh\u00fatika? Ak \u00e1no, pros\u00edme o vymenovanie zdrojov.<\/strong><\/li>\n<li><strong>Mysl\u00edte si, \u017ee Skalica m\u00e1 dostato\u010dn\u00e9 zdroje vody?<\/strong><\/li>\n<li><strong>Mysl\u00edte si, \u017ee v Skalici dostato\u010dne chr\u00e1nime zdroje vody?<\/strong><\/li>\n<li><strong>M\u00f4\u017eete ako poslanec prispie\u0165 k ochrane vodn\u00fdch zdrojov? Ak \u00e1no, ako?<\/strong><\/li>\n<\/ol>\n<p>Aj tentokr\u00e1t v\u00e1s pros\u00edme o\u00a0\u0161ir\u0161ie odpovede (maxim\u00e1lne v\u0161ak do 800 znakov, vr\u00e1tane medzier).<\/p>\n<p><strong>VYSVETLIVKY:<\/strong><\/p>\n<p><strong>0 neodpovedal<\/strong><br \/>\n<strong>? nedal jednozna\u010dn\u00fa odpove\u010f<\/strong><\/p>\n<div id=\"poslanci\">\n<div class=\"poslanec\">\n<div class=\"foto\"><img decoding=\"async\" src=\"http:\/\/skalickyobzor.sk\/cms\/wp-content\/uploads\/2019\/01\/anna_mierna.jpg\" \/><\/div>\n<div class=\"meno\">MIERNA Anna<\/div>\n<div class=\"odpoved\">Odpovede dolu<\/div>\n<\/div>\n<div class=\"poslanec\">\n<div class=\"foto\"><img decoding=\"async\" src=\"http:\/\/skalickyobzor.sk\/cms\/wp-content\/uploads\/2017\/10\/fotka_poslanca.jpg\" \/><\/div>\n<div class=\"meno\">BAR\u00c1T \u013dudov\u00edt<\/div>\n<div class=\"odpoved\">0<\/div>\n<\/div>\n<div class=\"poslanec\">\n<div class=\"foto\"><img decoding=\"async\" src=\"http:\/\/skalickyobzor.sk\/cms\/wp-content\/uploads\/2019\/01\/lubica_buckova.jpg\" \/><\/div>\n<div class=\"meno\">BU\u010cKOV\u00c1 \u013dubica<\/div>\n<div class=\"odpoved\">0<\/div>\n<\/div>\n<div class=\"poslanec\">\n<div class=\"foto\"><img decoding=\"async\" src=\"http:\/\/skalickyobzor.sk\/cms\/wp-content\/uploads\/2019\/01\/veronika_hanzalikova.jpg\" \/><\/div>\n<div class=\"meno\">HANZAL\u00cdKOV\u00c1 Veronika<\/div>\n<div class=\"odpoved\">0<\/div>\n<\/div>\n<div class=\"poslanec\">\n<div class=\"foto\"><img decoding=\"async\" src=\"http:\/\/skalickyobzor.sk\/cms\/wp-content\/uploads\/2019\/01\/adrian_hertl.jpg\" \/><\/div>\n<div class=\"meno\">HERTL Adri\u00e1n<\/div>\n<div class=\"odpoved\">Odpovede dolu<\/div>\n<\/div>\n<div class=\"poslanec\">\n<div class=\"foto\"><img decoding=\"async\" src=\"http:\/\/skalickyobzor.sk\/cms\/wp-content\/uploads\/2019\/01\/miroslav_hornak.jpg\" \/><\/div>\n<div class=\"meno\">HOR\u0147\u00c1K Miroslav<\/div>\n<div class=\"odpoved\">0<\/div>\n<\/div>\n<div class=\"poslanec\">\n<div class=\"foto\"><img decoding=\"async\" src=\"http:\/\/skalickyobzor.sk\/cms\/wp-content\/uploads\/2019\/02\/vladislav_hornak.jpg\" \/><\/div>\n<div class=\"meno\">HOR\u0147\u00c1K Vladislav<\/div>\n<div class=\"odpoved\">0<\/div>\n<\/div>\n<div class=\"poslanec\">\n<div class=\"foto\"><img decoding=\"async\" src=\"http:\/\/skalickyobzor.sk\/cms\/wp-content\/uploads\/2019\/01\/katarina_chovancova.jpg\" \/><\/div>\n<div class=\"meno\">CHOVANCOV\u00c1 Katar\u00edna<\/div>\n<div class=\"odpoved\">0<\/div>\n<\/div>\n<div class=\"poslanec\">\n<div class=\"foto\"><img decoding=\"async\" src=\"http:\/\/skalickyobzor.sk\/cms\/wp-content\/uploads\/2019\/01\/frantisek_kadlecik.jpg\" \/><\/div>\n<div class=\"meno\">KADLE\u010c\u00cdK Franti\u0161ek<\/div>\n<div class=\"odpoved\">0<\/div>\n<\/div>\n<div class=\"poslanec\">\n<div class=\"foto\"><img decoding=\"async\" src=\"http:\/\/skalickyobzor.sk\/cms\/wp-content\/uploads\/2017\/10\/martin_kojs.jpg\" \/><\/div>\n<div class=\"meno\">KOJ\u0160 Martin<\/div>\n<div class=\"odpoved\">0<\/div>\n<\/div>\n<div class=\"poslanec\">\n<div class=\"foto\"><img decoding=\"async\" src=\"http:\/\/skalickyobzor.sk\/cms\/wp-content\/uploads\/2017\/10\/fotka_poslanca.jpg\" \/><\/div>\n<div class=\"meno\">KO\u0160\u00cdK Peter<\/div>\n<div class=\"odpoved\">0<\/div>\n<\/div>\n<div class=\"poslanec\">\n<div class=\"foto\"><img decoding=\"async\" src=\"http:\/\/skalickyobzor.sk\/cms\/wp-content\/uploads\/2019\/01\/miroslav_lipovsky.jpg\" \/><\/div>\n<div class=\"meno\">LIPOVSK\u00dd Miroslav<\/div>\n<div class=\"odpoved\">0<\/div>\n<\/div>\n<div class=\"poslanec\">\n<div class=\"foto\"><img decoding=\"async\" src=\"http:\/\/skalickyobzor.sk\/cms\/wp-content\/uploads\/2017\/10\/anna_ozabalova.jpg\" \/><\/div>\n<div class=\"meno\">OZ\u00c1BALOV\u00c1 Anna<\/div>\n<div class=\"odpoved\">Odpovede dolu<\/div>\n<\/div>\n<div class=\"poslanec\">\n<div class=\"foto\"><img decoding=\"async\" src=\"http:\/\/skalickyobzor.sk\/cms\/wp-content\/uploads\/2017\/12\/peter_pagac.jpg\" \/><\/div>\n<div class=\"meno\">PAG\u00c1\u010c Peter<\/div>\n<div class=\"odpoved\">0<\/div>\n<\/div>\n<div class=\"poslanec\">\n<div class=\"foto\"><img decoding=\"async\" src=\"http:\/\/skalickyobzor.sk\/cms\/wp-content\/uploads\/2019\/01\/zigmund_palffy.jpg\" \/><\/div>\n<div class=\"meno\">P\u00c1LFFY \u017digmund<\/div>\n<div class=\"odpoved\">0<\/div>\n<\/div>\n<div class=\"poslanec\">\n<div class=\"foto\"><img decoding=\"async\" src=\"http:\/\/skalickyobzor.sk\/cms\/wp-content\/uploads\/2019\/01\/erik_rangl.jpg\" \/><\/div>\n<div class=\"meno\">RANGL Erik<\/div>\n<div class=\"odpoved\">0<\/div>\n<\/div>\n<div class=\"poslanec\">\n<div class=\"foto\"><img decoding=\"async\" src=\"http:\/\/skalickyobzor.sk\/cms\/wp-content\/uploads\/2017\/10\/jana_rekosova.jpg\" \/><\/div>\n<div class=\"meno\">REKO\u0160OV\u00c1 Jana<\/div>\n<div class=\"odpoved\">0<\/div>\n<\/div>\n<div class=\"poslanec\">\n<div class=\"foto\"><img decoding=\"async\" src=\"http:\/\/skalickyobzor.sk\/cms\/wp-content\/uploads\/2017\/10\/fotka_poslanca.jpg\" \/><\/div>\n<div class=\"meno\">ROMAN Milan<\/div>\n<div class=\"odpoved\">0<\/div>\n<\/div>\n<div class=\"poslanec\">\n<div class=\"foto\"><img decoding=\"async\" src=\"http:\/\/skalickyobzor.sk\/cms\/wp-content\/uploads\/2019\/01\/jozef_skala.jpg\" \/><\/div>\n<div class=\"meno\">SK\u00c1LA Jozef<\/div>\n<div class=\"odpoved\">Odpovede dolu<\/div>\n<\/div>\n<div class=\"poslanec\">\n<div class=\"foto\"><img decoding=\"async\" src=\"http:\/\/skalickyobzor.sk\/cms\/wp-content\/uploads\/2017\/10\/fotka_poslanca.jpg\" \/><\/div>\n<div class=\"meno\">\u0160ANTAV\u00dd Rudolf<\/div>\n<div class=\"odpoved\">0<\/div>\n<\/div>\n<\/div>\n<p>&nbsp;<\/p>\n<p><em><strong>Voda je u\u017e dnes drahocennou komoditou. Jej dostupnos\u0165 a dostatok za\u010d\u00edna by\u0165 v\u00e1\u017enou celospolo\u010denskou t\u00e9mou a bude sa o nej hovori\u0165 st\u00e1le viac. Hlavn\u00fdm \u010dl\u00e1nkom \u201eBud\u00facnos\u0165 stoj\u00ed na vode\u201c sme chceli dosta\u0165 do pozornosti t\u00e9mu vody priamo u n\u00e1s, v Skalici, a pri tejto pr\u00edle\u017eitosti sme urobili medzi ob\u010danmi anketu, ktor\u00fa n\u00e1jdete v hlavnej t\u00e9me alebo <a href=\"http:\/\/skalickyobzor.sk\/cms\/buducnost-stoji-na-vode\/\">kliknut\u00edm na odkaz TU<\/a>. Ot\u00e1zky neboli jednoduch\u00e9, no z\u00e1merom nebolo vz\u00e1jomne sa sk\u00fa\u0161a\u0165, ale sa nad polo\u017een\u00fdmi ot\u00e1zkami zamyslie\u0165 \u010do o vode v Skalici v\u00f4bec vieme, a vzbudi\u0165 v n\u00e1s zvedavos\u0165. Okrem jedn\u00e9ho op\u00fdtan\u00e9ho sa ve\u013emi ochotne zamysleli a odpovedali v\u0161etci ob\u010dania, za \u010do \u010fakujeme. Ot\u00e1zky sme dali aj pani prim\u00e1torke a poslancom. Ich odpovede, \u010di v in\u00fdch pr\u00edpadoch neodpovede, V\u00e1m prin\u00e1\u0161ame.<\/strong> <\/em><\/p>\n<p><strong>1.<\/strong> Voda do Skalice ide z\u00a0hol\u00ed\u010dskej \u00fapravovne vody, ktor\u00e1 je z\u00a0troch zdrojov \u2013 studne v\u00a0Kop\u010dianskom, Hol\u00ed\u010dskom a\u00a0Skalickom katastri.<br \/>\n<strong>2.<\/strong> V\u00a0s\u00fa\u010dasnosti s\u00fa vodn\u00e9 zdroje posta\u010duj\u00face.<br \/>\n<strong>3.<\/strong> Okolo vodn\u00fdch zdrojov s\u00fa ochrann\u00e9 p\u00e1sma, ktor\u00e9 treba dodr\u017eiava\u0165 .<br \/>\n<strong>4.<\/strong> \u2013 \u2013 \u2013 \u2013<br \/>\n<strong>Anna Mierna, prim\u00e1torka<\/strong><\/p>\n<p><strong>1.<\/strong> Skalica m\u00e1 nieko\u013eko zdrojov pitnej vody. V Skalici to s\u00fa studne, hlavne od Skalice smerom k Ba\u0165ovnu kan\u00e1lu. Ale pitn\u00fa vodu v Skalici nez\u00edskavame len z tohto zdroja, ale aj z Hol\u00ed\u010da a Kop\u010dian a mysl\u00edm, \u017ee sa priv\u00e1dzala voda odniekia\u013e za Senicou.<br \/>\n<strong>2.<\/strong> Zdroje s\u00fa asi objemom dostato\u010dn\u00e9, len neviem v\u00a0akej kvalite. Viem, \u017ee nejak\u00e9 zdroje sa zne\u010dis\u0165uj\u00fa pri povodniach z\u00a0Moravy (spodn\u00e1 voda).<br \/>\n<strong>3.<\/strong> U\u00a0studn\u00ed s\u00fa ochrann\u00e9 p\u00e1sma, mo\u017eno m\u00f4\u017ee by\u0165 probl\u00e9m bl\u00edzky are\u00e1l b\u00fdval\u00e9ho z\u00e1vodu ZVL ako potencion\u00e1lny zne\u010distovate\u013e z\u00a0minulosti.<br \/>\n<strong>4.<\/strong> Ako poslanec m\u00f4\u017eem upozorni\u0165 pr\u00edslu\u0161n\u00e9 \u00farady na zne\u010dis\u0165ovanie a\u00a0poslanci m\u00f4\u017eu \u00fazemn\u00fdm pl\u00e1nom nastavi\u0165 regulat\u00edvu. Napr. b\u00fdvanie v\u00a0bl\u00edzkosti vodn\u00fdch zdrojov, priemyseln\u00e1 v\u00fdroba, &#8230;<br \/>\n<strong>Adri\u00e1n Hertl, poslanec<\/strong><\/p>\n<p><strong>1.<\/strong> Vodn\u00fd zdroj Skalica m\u00e1 13 zdrojov (8 za \u017eeleznicou a 5 v Karm. z\u00e1hrade) a je s\u00fa\u010das\u0165ou skupinov\u00e9ho vodovodu Skalica \u2013 Hol\u00ed\u010d \u2013 Kop\u010dany. Voda zo studn\u00ed je veden\u00e1 do \u00fapravne vody v Hol\u00ed\u010di a po \u00faprave dod\u00e1van\u00e1 do vodojemu do Skalice a Hol\u00ed\u010da, potom rozv\u00e1dzan\u00e1 do z\u00e1sobn\u00fdch potrub\u00ed.<br \/>\n<strong>2.<\/strong> Zdrojmi vodovodu Skalica \u2013 Hol\u00ed\u010d s\u00fa studne v lokalit\u00e1ch Kop\u010dany, Hol\u00ed\u010dsky les a Skalica. Voda obsahuje ve\u013ea \u017eeleza a mang\u00e1nu, preto ide do \u00fapravne vody. Uva\u017eovalo sa s prepojen\u00edm vodovodu Senica (vyu\u017e\u00edva podzemn\u00e9 vody z Karp\u00e1t a zdroj K\u00faty).<br \/>\n<strong>3.<\/strong> Mysl\u00edm si, \u017ee v Skalici chr\u00e1nime zdroje vody, no neviem pos\u00fadi\u0165 priemyseln\u00e9 podniky.<br \/>\n<strong>4.<\/strong> Ochrana vodn\u00fdch zdrojov je povinnos\u0165ou ka\u017ed\u00e9ho ob\u010dana Skalice, \u010do sa t\u00fdka zne\u010dis\u0165ovania zdrojov, v\u00a0oblasti nakladania s\u00a0pitnou vodou m\u00e1 Skalica z\u00e1stupcovv BVS, ktor\u00e1 je prev\u00e1dzkovate\u013eom.<br \/>\n<strong>Anna Oz\u00e1balov\u00e1, poslanky\u0148a<\/strong><\/p>\n<p><strong>1.<\/strong> \u00c1no.<br \/>\n<strong>2.<\/strong> Zatia\u013e \u00e1no.<br \/>\n<strong>3.<\/strong> D\u00fafam, \u017ee \u00e1no.<br \/>\n<strong>4.<\/strong> Netu\u0161\u00edm.<br \/>\n<strong>Jozef Sk\u00e1la, poslanec<\/strong><\/p>\n","protected":false},"excerpt":{"rendered":"<div class=\"mh-excerpt\"><p>Do okt\u00f3brov\u00e9ho \u010d\u00edsla Obzoru pripravujeme \u010dl\u00e1nok o\u00a0vode a\u00a0k\u00a0tejto t\u00e9me pl\u00e1nujeme vraca\u0165 sa aj v\u00a0\u010fal\u0161\u00edch \u010d\u00edslach. K\u00a0\u010dl\u00e1nku sme pre ob\u010danov Skalice pripravili anketu s\u00a0ot\u00e1zkami, na ktor\u00e9 odpovedali. Niektor\u00e9 z\u00a0nich by sme dnes radi polo\u017eili aj v\u00e1m. <a class=\"mh-excerpt-more\" href=\"http:\/\/skalickyobzor.sk\/cms\/vazena-pani-primatorka-vazeni-poslanci-19\/\" title=\"V\u00e1\u017een\u00e1 pani prim\u00e1torka, v\u00e1\u017een\u00ed poslanci!\">[&#8230;]<\/a><\/p>\n<\/div>","protected":false},"author":1,"featured_media":239,"comment_status":"closed","ping_status":"closed","sticky":false,"template":"","format":"standard","meta":{"footnotes":""},"categories":[9],"tags":[],"class_list":{"0":"post-3799","1":"post","2":"type-post","3":"status-publish","4":"format-standard","5":"has-post-thumbnail","7":"category-vazeni-poslanci"},"_links":{"self":[{"href":"http:\/\/skalickyobzor.sk\/cms\/wp-json\/wp\/v2\/posts\/3799","targetHints":{"allow":["GET"]}}],"collection":[{"href":"http:\/\/skalickyobzor.sk\/cms\/wp-json\/wp\/v2\/posts"}],"about":[{"href":"http:\/\/skalickyobzor.sk\/cms\/wp-json\/wp\/v2\/types\/post"}],"author":[{"embeddable":true,"href":"http:\/\/skalickyobzor.sk\/cms\/wp-json\/wp\/v2\/users\/1"}],"replies":[{"embeddable":true,"href":"http:\/\/skalickyobzor.sk\/cms\/wp-json\/wp\/v2\/comments?post=3799"}],"version-history":[{"count":5,"href":"http:\/\/skalickyobzor.sk\/cms\/wp-json\/wp\/v2\/posts\/3799\/revisions"}],"predecessor-version":[{"id":3895,"href":"http:\/\/skalickyobzor.sk\/cms\/wp-json\/wp\/v2\/posts\/3799\/revisions\/3895"}],"wp:featuredmedia":[{"embeddable":true,"href":"http:\/\/skalickyobzor.sk\/cms\/wp-json\/wp\/v2\/media\/239"}],"wp:attachment":[{"href":"http:\/\/skalickyobzor.sk\/cms\/wp-json\/wp\/v2\/media?parent=3799"}],"wp:term":[{"taxonomy":"category","embeddable":true,"href":"http:\/\/skalickyobzor.sk\/cms\/wp-json\/wp\/v2\/categories?post=3799"},{"taxonomy":"post_tag","embeddable":true,"href":"http:\/\/skalickyobzor.sk\/cms\/wp-json\/wp\/v2\/tags?post=3799"}],"curies":[{"name":"wp","href":"https:\/\/api.w.org\/{rel}","templated":true}]}}