{"id":3804,"date":"2020-10-06T12:02:29","date_gmt":"2020-10-06T10:02:29","guid":{"rendered":"http:\/\/skalickyobzor.sk\/cms\/?p=3804"},"modified":"2021-10-02T13:14:09","modified_gmt":"2021-10-02T11:14:09","slug":"us-vas-mame","status":"publish","type":"post","link":"http:\/\/skalickyobzor.sk\/cms\/us-vas-mame\/","title":{"rendered":"U\u0161 v\u00e1s m\u00e1me"},"content":{"rendered":"<p>\u017de pr\u00ed lep\u0161\u00ed sa m\u00e1 ten gdo ne\u010fel\u00e1 a\u00a0vi\u010fel\u00e1. Neco pravdi na tem je, no pro klud mojej du\u0161e m\u00e1m ra\u010di robotu u\u010felan\u00fa a\u00a0m\u00e1m rados\u0165, ket vi\u010f\u00edm v\u00edsledek. Ale je t\u00e9\u0161 pravda, \u017ee z\u00a0roboti sa cho\u010f\u00ed dom veselej\u0161\u00ed, ket u\u0161 m\u00e1\u0161 \u0161ichtu za seb\u00fa. Takto vesel\u00ed sem i\u0161el z\u00a0roboti r\u00e1s za mla\u010fi, no enom co sem do\u0161el dom, rados\u0165 mja richlo pre\u0161la. Mamka mje povidala: \u201cTot m\u00e1\u0161 po\u0161tu, asi bude\u0161 rukovat.\u201d Mjela pravdu, bilo to napodzim v\u00a0roku 1957. Otevrel sem ob\u00e1lku a\u00a0v\u00a0lis\u0165e sem si pre\u010d\u00edtal, \u017ee sa m\u00e1m dostavit na Okresn\u00fa vojensk\u00fa spr\u00e1vu ve Skalici. Do\u0161el sem tam, pozdravil sem \u201cpr\u00e1ci \u010des\u0165\u201d, se\u010feli tam tr\u00e9 lampas\u00e1ci a\u00a0dali mi povol\u00e1vac\u00ed rozkaz do kas\u00e1r\u0148\u00ed pod\u00fastoj\u0148\u00edckej \u0161koli v\u00a0Krom\u011br\u00ed\u017ei. Povol\u00e1vaki sme dostali v\u00edcer\u00ed. Ml\u00e1dencom v\u00a0\u010dasi vojensk\u00e9ho odvodu sa r\u00edkalo regr\u00fa\u0165i a\u00a0ich pozn\u00e1vac\u00edm zname\u0148\u00edm bilo p\u00e9rko a\u00a0stu\u0161ka. Tak mi regr\u00fa\u0165i sme hnet v\u00a0hospo\u010fe u\u00a0Hladk\u00e9ho (dnes u\u00a0\u010cambalu) zorganizovali rozl\u00fa\u010dku. T\u00e1 sa nat\u00e1hla a\u0161 do ra\u0148\u00edch hod\u00edn a\u00a0mamka, znal\u00e1 tak\u00edchto tradic, mi pro istotu dala k\u00a0posteli ra\u010di aj lav\u00f3r. Nebil potreba, bolela enom hlava a\u00a0nebila chu\u0165 do j\u00eddla.<\/p>\n<p>Za dva d\u0148i sem jel teda vlakem do Krom\u011br\u00ed\u017ea. Moja fraj\u00edrka a po voj\u0148e aj man\u017eelka pri rozl\u00fa\u010dce plakala, slzi\u010dki bili na bl\u00fasce a sn\u00e1t aj na zemi. Na br\u00e1\u0148e kas\u00e1r\u0148\u00ed bil velik\u00ed n\u00e1pis: V\u00edtame v\u00e1s g obra\u0148e vlas\u0165i! Z druhej strani n\u00e1pis t\u00e9\u0161 neprehl\u00e9dnuteln\u00ed \u2013 U\u0161 v\u00e1s m\u00e1me. Preblesklo mi hlav\u00fa \u2013 no u\u0161 sme v pas\u0165i. Smutn\u00ed sem sa ohl\u00e9del sp\u00e1tki na ulicu. Ten druh\u00ed n\u00e1pis mja prenasledoval dos\u0165 dl\u00faho. Nafasoval sem tankistick\u00fa uniformu, pulitr\u00e1ki, e\u0161us, pr\u00edbor, \u010dern\u00ed glob\u00edn na boti, kostku midla, pr\u00e1dlo a skrinku s \u010d\u00edslem. Na dvori sme e\u0161\u0165e vifasovali stro\u017eoch, ker\u00ed sme si museli sami nacpat sl\u00e1m\u00fa dovozen\u00fa na v\u00e9triesce. Gdo to otfl\u00e1kel, r\u00e1no mjel na posteli vile\u017ean\u00fa jamu a mjel probl\u00e9m, lebo postel musela bit rovn\u00e1. Chala\u0148i zh\u00e1\u0148ali potom such\u00fa tr\u00e1vu, abi stro\u017eoch dopl\u0148ili.<\/p>\n<p>Velitel \u010deti, tak\u00ed mlad\u00ed uch\u00e1\u0148 poru\u010d\u00edk, n\u00e1m e\u0161\u010de teho hod\u0148e nalo\u017eil na pleca, povipr\u00e1vjal, co f\u0161ecko n\u00e1s \u010dek\u00e1, jak\u00e9 s\u00fa predpisi, povinosti, jak\u00e9 budeme mjet vich\u00e1zki a podob\u0148e. Co sa t\u00edka vich\u00e1zek, dopadel sem velice dobre. Velitel \u010deti sa zakr\u00e1tko dozvje\u010fel, \u017ee su viu\u010den\u00ed automechanik a r\u00e1s mja po\u017e\u00e1dal, abi sem za \u0148eho zebral predn\u00e1\u0161ku o technice tanku T-54. Jemu sa to zal\u00fabilo, lebo netrvalo dl\u00faho a zas mja po\u017e\u00e1dal, abich za \u0148eho suploval predn\u00e1\u0161ku na ho\u010fine techniki. Nejak sem sa dozvje\u010fel zase j\u00e1, \u017ee cho\u010f\u00ed do mjesta za fraj\u00edrk\u00fa, ker\u00e1 prod\u00e1vala v\u00a0obcho\u010fe. Rekel sem si, no po\u010dkaj, zadarmo to nebude. J\u00e1 sem mjel t\u00e9\u0161 fraj\u00edrku a\u00a0e\u0161\u0165e aj motorku Zetku 150 C. Op\u00edtal sem sa ho, \u010di ket pujdu dom na opu\u0161\u0165\u00e1k, bi sem si do kas\u00e1r\u0148\u00ed nemohel t\u00fa motorku dov\u00e9st. Neco za neco zafungovalo, u\u00a0velitela praporu mi vibavil povole\u0148\u00ed pro vr\u00e1t\u0148\u00edka a\u00a0e\u0161\u010de aj vibavil mo\u017enos\u0165 si mojeho t\u00e1to\u0161a zatikat v\u00a0pr\u00e1zdnem z\u00e1cho\u010fe v\u00a0kas\u00e1r\u0148ach. Nebilo to z\u00a0Krom\u011br\u00ed\u017ea do Skalice a\u0161 tak daleko a\u00a0tak sem na ka\u017ed\u00ed opu\u0161\u0165\u00e1k jez\u010fil na motorce dom za fraj\u00edrk\u00fa.<\/p>\n<p>Druh\u00ed rok na voj\u0148e to u\u0161 bilo in\u0161\u00ed. Z ba\u017eant\u00fa sa z n\u00e1s stali maz\u00e1ci, bil sem menovan\u00ed velitelem dru\u017estva a tak sem velil. Nemosel sem um\u00edvat chodbi, z\u00e1chodi, a\u0148i kr\u00fa\u017elat erteple. Mi maz\u00e1ci sme rozkazovali a kontrolovali ba\u017eant\u00fa. Ten n\u00e1pis ve dvori \u2013 U\u0161 v\u00e1s m\u00e1me \u2013 sem si po dvoch rokoch zmje\u0148il na: u\u0161 to m\u00e1m za seb\u00fa. Na dva roki vojni mi ostali pjekn\u00e9 spom\u00ednki. To zn\u00e1me \u2013 po\u010dkaj, \u0161ak vojna \u0165a nau\u010d\u00ed \u2013 sa u\u00a0mja napl\u0148ilo v\u00a0dobr\u00e9m. Nau\u010dila mja zodpovjednos\u0165i, odbornos\u0165i aj dochv\u00edlnos\u0165i, lebo sem dicki do p\u00falnoci s\u0165ihel dojet z\u00a0opu\u0161\u0165\u00e1ku do kas\u00e1r\u0148\u00ed. S\u00edce sem jez\u010fil dom na\u010derno, ale por\u00e1dek mos\u00ed bit.<\/p>\n<p>P\u00ed\u0161u enom to, co sem v\u00a0mojem \u017eivo\u0165e vi\u010fel, \u010dul a\u00a0za\u017eil.<\/p>\n<p><em>Miloslav Tom\u0161ej st.,<\/em><br \/>\n<em>Skali\u010dan \u0165elem aj du\u0161\u00fa<\/em><\/p>\n","protected":false},"excerpt":{"rendered":"<div class=\"mh-excerpt\"><p>\u017de pr\u00ed lep\u0161\u00ed sa m\u00e1 ten gdo ne\u010fel\u00e1 a\u00a0vi\u010fel\u00e1. Neco pravdi na tem je, no pro klud mojej du\u0161e m\u00e1m ra\u010di robotu u\u010felan\u00fa a\u00a0m\u00e1m rados\u0165, ket vi\u010f\u00edm v\u00edsledek. Ale je t\u00e9\u0161 pravda, \u017ee z\u00a0roboti sa <a class=\"mh-excerpt-more\" href=\"http:\/\/skalickyobzor.sk\/cms\/us-vas-mame\/\" title=\"U\u0161 v\u00e1s m\u00e1me\">[&#8230;]<\/a><\/p>\n<\/div>","protected":false},"author":17,"featured_media":17,"comment_status":"closed","ping_status":"closed","sticky":false,"template":"","format":"standard","meta":{"footnotes":""},"categories":[4],"tags":[],"class_list":{"0":"post-3804","1":"post","2":"type-post","3":"status-publish","4":"format-standard","5":"has-post-thumbnail","7":"category-ja-su-ze-skalice"},"_links":{"self":[{"href":"http:\/\/skalickyobzor.sk\/cms\/wp-json\/wp\/v2\/posts\/3804","targetHints":{"allow":["GET"]}}],"collection":[{"href":"http:\/\/skalickyobzor.sk\/cms\/wp-json\/wp\/v2\/posts"}],"about":[{"href":"http:\/\/skalickyobzor.sk\/cms\/wp-json\/wp\/v2\/types\/post"}],"author":[{"embeddable":true,"href":"http:\/\/skalickyobzor.sk\/cms\/wp-json\/wp\/v2\/users\/17"}],"replies":[{"embeddable":true,"href":"http:\/\/skalickyobzor.sk\/cms\/wp-json\/wp\/v2\/comments?post=3804"}],"version-history":[{"count":2,"href":"http:\/\/skalickyobzor.sk\/cms\/wp-json\/wp\/v2\/posts\/3804\/revisions"}],"predecessor-version":[{"id":3806,"href":"http:\/\/skalickyobzor.sk\/cms\/wp-json\/wp\/v2\/posts\/3804\/revisions\/3806"}],"wp:featuredmedia":[{"embeddable":true,"href":"http:\/\/skalickyobzor.sk\/cms\/wp-json\/wp\/v2\/media\/17"}],"wp:attachment":[{"href":"http:\/\/skalickyobzor.sk\/cms\/wp-json\/wp\/v2\/media?parent=3804"}],"wp:term":[{"taxonomy":"category","embeddable":true,"href":"http:\/\/skalickyobzor.sk\/cms\/wp-json\/wp\/v2\/categories?post=3804"},{"taxonomy":"post_tag","embeddable":true,"href":"http:\/\/skalickyobzor.sk\/cms\/wp-json\/wp\/v2\/tags?post=3804"}],"curies":[{"name":"wp","href":"https:\/\/api.w.org\/{rel}","templated":true}]}}