{"id":3807,"date":"2020-10-06T12:10:07","date_gmt":"2020-10-06T10:10:07","guid":{"rendered":"http:\/\/skalickyobzor.sk\/cms\/?p=3807"},"modified":"2020-10-06T12:35:54","modified_gmt":"2020-10-06T10:35:54","slug":"zvladneme-to","status":"publish","type":"post","link":"http:\/\/skalickyobzor.sk\/cms\/zvladneme-to\/","title":{"rendered":"Zvl\u00e1dneme to?"},"content":{"rendered":"<p>Priznajme si, \u017ee \u010dasto sme znechuten\u00ed, takmer n\u00e1chyln\u00ed pripusti\u0165, \u017ee v modernom svete na str\u00e1venie ka\u017edodenn\u00fdch inform\u00e1ci\u00ed o v\u00fd\u010dinoch teroristov a katastrof\u00e1ch rozli\u010dn\u00e9ho druhu je treba ma\u0165 in\u00fd \u017eal\u00fadok. Azda je tak\u00e9to deziluz\u00edvne podd\u00e1vanie sa skuto\u010dnosti pohodlnej\u0161ie, ako vedom\u00e9 rozhodnutie vzdorova\u0165 \u2013 prebudi\u0165 v\u00a0sebe v\u00f4\u013eu k\u00a0dobru.<\/p>\n<p>Av\u0161ak, ak by \u010dlovek pre\u017e\u00edval iba dobro, jeho duch by sa nevyv\u00edjal, nezdokona\u013eoval. Pr\u00e1ve bojom s nepriazniv\u00fdmi podmienkami sa \u010dlovek st\u00e1va silnej\u0161\u00edm, odolnej\u0161\u00edm proti moci zla. My nech\u00e1peme, ako sa ist\u00fdmi udalos\u0165ami a pr\u00edhodami nap\u013a\u0148aj\u00fa Bo\u017eie pl\u00e1ny medzi \u013eudstvom. \u010casto rept\u00e1me na svoj zl\u00fd a \u0165a\u017ek\u00fd osud. Aj ke\u010f sa n\u00e1m nedaria na\u0161e pl\u00e1ny, nesmieme zmalomyse\u013enie\u0165. Neraz to, \u010do si \u017eel\u00e1me ma\u0165, by n\u00e1s duchovne zahubilo. Preto v\u0161etko dobr\u00e9 aj zl\u00e9 by sme sa mali nau\u010di\u0165 prij\u00edma\u0165 s pokojom a rozvahou, aj ke\u010f sama viem, ako je tak\u00fdto \u201educhovn\u00fd tr\u00e9ning\u201c \u0165a\u017ek\u00fd. Dobrom nespy\u0161nie\u0165, zlom sa nenecha\u0165 zlomi\u0165 a p\u00e1tra\u0165 po jeho zmysle. U m\u00fadrych sa aj m\u00f4\u017ee sta\u0165 iba prostriedkom na kone\u010dn\u00e9 dobro. \u013dudia zrejme musia zlo osobne spozna\u0165 a dobrovo\u013ene sa od neho odvr\u00e1ti\u0165. To v\u0161ak neznamen\u00e1, \u017ee proti zlu netreba bojova\u0165, vzda\u0165 sa. Iba bojom so zlom z\u00edskame m\u00fadros\u0165 a silu ducha.<\/p>\n<p>V\u00f4\u013ea, odvaha, premyslen\u00e9 ml\u010danie a m\u00fadros\u0165 (vyslovi\u0165 prav\u00e9 slov\u00e1 v prav\u00fd \u010das) \u2013 to s\u00fa prav\u00e9 Bo\u017eie iskry v n\u00e1s, ktor\u00e9 ved\u00fa k rozli\u0161ovaniu, \u010do je pravda a \u010do klamstvo. Tieto vlastnosti mo\u017eno vypestova\u0165 v sebe cvi\u010den\u00edm v sebaovl\u00e1dan\u00ed. V\u00f4\u013ea je prame\u0148om sily a \u017eiv\u00ed sa t\u00fa\u017ebou na\u0161ej du\u0161e po pravde, kr\u00e1se a m\u00fadrosti. Vedie\u0165, chcie\u0165 a\u00a0odv\u00e1\u017ei\u0165 sa \u2013 bolo v\u017edy bohatstvom m\u00fadrych. A\u00a0ml\u010dan\u00edm sa z\u00edskava sila, ktor\u00e1 ni\u010d\u00ed vychva\u013eovanie py\u0161n\u00fdch. Silou ml\u010dania je aj spoliehanie sa na vlastn\u00e9 sily a\u00a0schopnos\u0165 net\u00fa\u017ei\u0165 po ni\u010dom, na \u010do vlastn\u00fdmi silami nesta\u010d\u00edme. Av\u0161ak aj zodpovednos\u0165 za realiz\u00e1ciu toho, na \u010do sta\u010d\u00edme.<\/p>\n<p>Povinnos\u0165ou ka\u017ed\u00e9ho by malo by\u0165 spoznanie hran\u00edc svojho vn\u00fatorn\u00e9ho kr\u00e1\u013eovstva \u2013 ako \u010faleko siahaj\u00fa na\u0161e mo\u017enosti, aj ich realizova\u0165 a naplni\u0165 ich obsahom \u013eudskosti. Treba odovzda\u0165 v\u0161etky svoje sily v prospech dobra. Nezi\u0161tn\u00e1 l\u00e1ska je najmocnej\u0161\u00ed energetick\u00fd potenci\u00e1l \u013eudstva, av\u0161ak mus\u00edme sa pre\u0148 vedome rozhodn\u00fa\u0165 a\u00a0dobrovo\u013ene denne tr\u00e9nova\u0165 aspo\u0148 jedn\u00fdm dobr\u00fdm \u010dinom. Zvl\u00e1dneme to!<\/p>\n","protected":false},"excerpt":{"rendered":"<div class=\"mh-excerpt\"><p>Priznajme si, \u017ee \u010dasto sme znechuten\u00ed, takmer n\u00e1chyln\u00ed pripusti\u0165, \u017ee v modernom svete na str\u00e1venie ka\u017edodenn\u00fdch inform\u00e1ci\u00ed o v\u00fd\u010dinoch teroristov a katastrof\u00e1ch rozli\u010dn\u00e9ho druhu je treba ma\u0165 in\u00fd \u017eal\u00fadok. Azda je tak\u00e9to deziluz\u00edvne podd\u00e1vanie sa <a class=\"mh-excerpt-more\" href=\"http:\/\/skalickyobzor.sk\/cms\/zvladneme-to\/\" title=\"Zvl\u00e1dneme to?\">[&#8230;]<\/a><\/p>\n<\/div>","protected":false},"author":10,"featured_media":916,"comment_status":"closed","ping_status":"closed","sticky":false,"template":"","format":"standard","meta":{"footnotes":""},"categories":[8],"tags":[],"class_list":{"0":"post-3807","1":"post","2":"type-post","3":"status-publish","4":"format-standard","5":"has-post-thumbnail","7":"category-obzor-seniorov"},"_links":{"self":[{"href":"http:\/\/skalickyobzor.sk\/cms\/wp-json\/wp\/v2\/posts\/3807","targetHints":{"allow":["GET"]}}],"collection":[{"href":"http:\/\/skalickyobzor.sk\/cms\/wp-json\/wp\/v2\/posts"}],"about":[{"href":"http:\/\/skalickyobzor.sk\/cms\/wp-json\/wp\/v2\/types\/post"}],"author":[{"embeddable":true,"href":"http:\/\/skalickyobzor.sk\/cms\/wp-json\/wp\/v2\/users\/10"}],"replies":[{"embeddable":true,"href":"http:\/\/skalickyobzor.sk\/cms\/wp-json\/wp\/v2\/comments?post=3807"}],"version-history":[{"count":2,"href":"http:\/\/skalickyobzor.sk\/cms\/wp-json\/wp\/v2\/posts\/3807\/revisions"}],"predecessor-version":[{"id":3809,"href":"http:\/\/skalickyobzor.sk\/cms\/wp-json\/wp\/v2\/posts\/3807\/revisions\/3809"}],"wp:featuredmedia":[{"embeddable":true,"href":"http:\/\/skalickyobzor.sk\/cms\/wp-json\/wp\/v2\/media\/916"}],"wp:attachment":[{"href":"http:\/\/skalickyobzor.sk\/cms\/wp-json\/wp\/v2\/media?parent=3807"}],"wp:term":[{"taxonomy":"category","embeddable":true,"href":"http:\/\/skalickyobzor.sk\/cms\/wp-json\/wp\/v2\/categories?post=3807"},{"taxonomy":"post_tag","embeddable":true,"href":"http:\/\/skalickyobzor.sk\/cms\/wp-json\/wp\/v2\/tags?post=3807"}],"curies":[{"name":"wp","href":"https:\/\/api.w.org\/{rel}","templated":true}]}}