{"id":3837,"date":"2020-10-06T12:05:24","date_gmt":"2020-10-06T10:05:24","guid":{"rendered":"http:\/\/skalickyobzor.sk\/cms\/?p=3837"},"modified":"2020-10-06T12:35:26","modified_gmt":"2020-10-06T10:35:26","slug":"krasna-spomienka","status":"publish","type":"post","link":"http:\/\/skalickyobzor.sk\/cms\/krasna-spomienka\/","title":{"rendered":"Kr\u00e1sna spomienka"},"content":{"rendered":"<p>Od \u00fatleho detstva ma vinohrady pri\u0165ahovali ako magnet. Mo\u017eno aj preto, \u017ee vinohrad vlastnili aj moji rodi\u010dia. V\u00a0tom n\u00e1dhernom prostred\u00ed som sa v\u017edy c\u00edtil pr\u00edjemne, a\u00a0tak som sa jedn\u00e9ho slne\u010dn\u00e9ho d\u0148a p\u00e4\u0165desiatych rokov minul\u00e9ho storo\u010dia vybral na prech\u00e1dzku do skalick\u00fdch vinohradov chodn\u00edkom hore nad \u201etihel\u0148\u00fa\u201c, kde dnes stoj\u00ed hotel Sv. Ludmila. Po pravej strane, kde sa chodn\u00edk sp\u00e1jal s\u00a0cestou, som zbadal mimoriadneho \u010dloveka, maliara J\u00faliusa Koreszku, ktor\u00fd pr\u00e1ve dokon\u010doval dielo \u2013 obraz s\u00a0n\u00e1zvom \u201eVinohrad\u201c. Pozdravil som, s\u00a0ospravedlnen\u00edm \u010di nevyru\u0161ujem pri tvorbe, no,\u00a0ke\u010f majster \u201ekrajin\u00e1r\u201c zistil, \u017ee pracujem ako litograf v\u00a0Grafobale Skalica a\u00a0niektor\u00e9 jeho diela, ako napr\u00edklad \u201eRozhovor na moste\u201c, som spracov\u00e1val pre tla\u010d reprodukcie, polo\u017eil paletu i\u00a0\u0161tetec a\u00a0podal mi ruku. V\u00a0tej dobe pr\u00e1ve t\u00e1to reprodukcia zdobila mnoh\u00e9 chodby \u0161k\u00f4l a\u00a0kult\u00farnych in\u0161tit\u00faci\u00ed po celom \u010ceskoslovensku. N\u00e1\u0161 rozhovor po chv\u00edli sk\u013azol na odborn\u00fa \u00farove\u0148, preto\u017ee majster mal mal\u00fa pripomienku k\u00a0spracovaniu odtie\u0148ov farieb vytl\u00e1\u010dan\u00fdch reprodukci\u00ed. V\u00a0jeho\u00a0dielach toti\u017e prevl\u00e1dal decentn\u00fd kolorit, a\u017e skoro pastelov\u00e9 odtiene farieb a\u00a0pr\u00e1ve tie farebn\u00e9 t\u00f3ny sa\u00a0vtedaj\u0161ou technol\u00f3giou \u0165a\u017eko \u201everne\u201c spracov\u00e1vali a\u00a0i\u0161li trocha do \u010dervena. Fotografick\u00e9 panchromatick\u00e9 materi\u00e1ly neboli citliv\u00e9 na v\u0161etky farby. Hlavne v\u0161ak farebn\u00e9 filtre neboli selekt\u00edvne, a\u00a0tak do v\u00fd\u0165a\u017ekov prep\u00fa\u0161\u0165ali ne\u017eiaduce odtiene, \u010do bolo nutn\u00e9 manu\u00e1lne korigova\u0165 retu\u0161ou alebo maskami.<\/p>\n<figure id=\"attachment_3841\" aria-describedby=\"caption-attachment-3841\" style=\"width: 700px\" class=\"wp-caption aligncenter\"><img loading=\"lazy\" decoding=\"async\" class=\"size-full wp-image-3841\" src=\"http:\/\/skalickyobzor.sk\/cms\/wp-content\/uploads\/2020\/10\/Julius-Koreszka-\u2013-\u201eVinohrad-olej-Slov.-nar.-galeria-zdroj-foto.-\u2013-internet.jpg\" alt=\"\" width=\"700\" height=\"578\" srcset=\"http:\/\/skalickyobzor.sk\/cms\/wp-content\/uploads\/2020\/10\/Julius-Koreszka-\u2013-\u201eVinohrad-olej-Slov.-nar.-galeria-zdroj-foto.-\u2013-internet.jpg 700w, http:\/\/skalickyobzor.sk\/cms\/wp-content\/uploads\/2020\/10\/Julius-Koreszka-\u2013-\u201eVinohrad-olej-Slov.-nar.-galeria-zdroj-foto.-\u2013-internet-300x248.jpg 300w\" sizes=\"auto, (max-width: 700px) 100vw, 700px\" \/><figcaption id=\"caption-attachment-3841\" class=\"wp-caption-text\">J\u00falius Koreszka \u2013 \u201eVinohrad\u201c (olej) Slov. n\u00e1r. gal\u00e9ria<br \/>Zdroj: internet<\/figcaption><\/figure>\n<p>Majster s\u00a0poh\u013eadom na n\u00e1dhern\u00fa scen\u00e9riu star\u00e9ho vinohradu na dreven\u00fdch kol\u00edkoch, stoh slamy v\u00a0pozad\u00ed a\u00a0\u0161tyri \u201eTehl\u00e1rske domky\u201c pri vstupe do Skalice, dokon\u010dil posledn\u00e9 listy vini\u010da na obraze a\u00a0pobrali sme sa spolo\u010dne dolu, do mesta. Po ceste domov pri\u0161la re\u010d na \u010fal\u0161ieho v\u00fdznamn\u00e9ho slovensk\u00e9ho maliara a\u00a0ilustr\u00e1tora \u013dudov\u00edta Ile\u010dku, ktor\u00e9mu som robil e\u0161te v\u00a0Grafick\u00fdch tla\u010diar\u0148ach v\u00a0Bratislave reprodukcie ilustr\u00e1ci\u00ed rom\u00e1nu Dreven\u00e1 dedina, ktor\u00fd bol aj sfilmovan\u00fd. Ke\u010f\u017ee Ile\u010dko chodieval za mnou pracovne aj do Grafobalu, kde sme mu spracov\u00e1vali viacer\u00e9 leporel\u00e1, p\u00e1n Koreszka ma po\u017eiadal o\u00a0sprostredkovanie stretnutia, nako\u013eko sa p\u00e1ni poznali a\u00a0dlh\u0161ie sa nevideli. Aj ke\u010f som mu to s\u013e\u00fabil, bohu\u017eia\u013e, k\u00a0stretnutiu u\u017e nepri\u0161lo, preto\u017ee J\u00falius Koreszka n\u00e1s medzi\u010dasom nav\u017edy opustil.<\/p>\n<figure id=\"attachment_3842\" aria-describedby=\"caption-attachment-3842\" style=\"width: 700px\" class=\"wp-caption aligncenter\"><img loading=\"lazy\" decoding=\"async\" class=\"size-full wp-image-3842\" src=\"http:\/\/skalickyobzor.sk\/cms\/wp-content\/uploads\/2020\/10\/a1.jpg\" alt=\"\" width=\"700\" height=\"585\" srcset=\"http:\/\/skalickyobzor.sk\/cms\/wp-content\/uploads\/2020\/10\/a1.jpg 700w, http:\/\/skalickyobzor.sk\/cms\/wp-content\/uploads\/2020\/10\/a1-300x251.jpg 300w\" sizes=\"auto, (max-width: 700px) 100vw, 700px\" \/><figcaption id=\"caption-attachment-3842\" class=\"wp-caption-text\">J\u00falius Koreszka \u2013 \u201eRozhovor na moste\u201c (olej) Slov. n\u00e1r. gal\u00e9ria<br \/>Zdroj: internet<\/figcaption><\/figure>\n<p>\u010eal\u0161ou pr\u00edjemnou n\u00e1hodou bolo pris\u0165ahovanie sa vdovy pani Koreszkovej v\u00a0sedemdesiatych rokoch pr\u00e1ve do n\u00e1\u0161ho bytov\u00e9ho domu, dokonca aj\u00a0vchodu. Vtedy som b\u00fdval na Maz\u00farovej ulici (dnes \u0160kolskej) a\u00a0seri\u00f3zna star\u00e1 pani n\u00e1m susedom rada poukazovala r\u00f4zne, aj nezverejnen\u00e9 diela neboh\u00e9ho man\u017eela. Mne dokonca darovala reprodukciu diela \u201eVinohrad\u201c, ktor\u00e9ho origin\u00e1l som na vlastn\u00e9 o\u010di videl dokon\u010dova\u0165 a\u00a0t\u00e1 reprodukcia mi\u00a0dodnes vis\u00ed zar\u00e1movan\u00e1 v\u00a0\u201eb\u00fade\u201c. Ka\u017ed\u00fd poh\u013ead na tento obraz mi pripomenie kr\u00e1snu spomienku nielen na v\u00fdznamn\u00e9ho slovensk\u00e9ho maliara, ale aj vynikaj\u00faceho \u010dloveka.<\/p>\n","protected":false},"excerpt":{"rendered":"<div class=\"mh-excerpt\"><p>Od \u00fatleho detstva ma vinohrady pri\u0165ahovali ako magnet. Mo\u017eno aj preto, \u017ee vinohrad vlastnili aj moji rodi\u010dia. V\u00a0tom n\u00e1dhernom prostred\u00ed som sa v\u017edy c\u00edtil pr\u00edjemne, a\u00a0tak som sa jedn\u00e9ho slne\u010dn\u00e9ho d\u0148a p\u00e4\u0165desiatych rokov minul\u00e9ho storo\u010dia <a class=\"mh-excerpt-more\" href=\"http:\/\/skalickyobzor.sk\/cms\/krasna-spomienka\/\" title=\"Kr\u00e1sna spomienka\">[&#8230;]<\/a><\/p>\n<\/div>","protected":false},"author":47,"featured_media":3838,"comment_status":"closed","ping_status":"closed","sticky":false,"template":"","format":"standard","meta":{"footnotes":""},"categories":[8],"tags":[],"class_list":{"0":"post-3837","1":"post","2":"type-post","3":"status-publish","4":"format-standard","5":"has-post-thumbnail","7":"category-obzor-seniorov"},"_links":{"self":[{"href":"http:\/\/skalickyobzor.sk\/cms\/wp-json\/wp\/v2\/posts\/3837","targetHints":{"allow":["GET"]}}],"collection":[{"href":"http:\/\/skalickyobzor.sk\/cms\/wp-json\/wp\/v2\/posts"}],"about":[{"href":"http:\/\/skalickyobzor.sk\/cms\/wp-json\/wp\/v2\/types\/post"}],"author":[{"embeddable":true,"href":"http:\/\/skalickyobzor.sk\/cms\/wp-json\/wp\/v2\/users\/47"}],"replies":[{"embeddable":true,"href":"http:\/\/skalickyobzor.sk\/cms\/wp-json\/wp\/v2\/comments?post=3837"}],"version-history":[{"count":3,"href":"http:\/\/skalickyobzor.sk\/cms\/wp-json\/wp\/v2\/posts\/3837\/revisions"}],"predecessor-version":[{"id":3843,"href":"http:\/\/skalickyobzor.sk\/cms\/wp-json\/wp\/v2\/posts\/3837\/revisions\/3843"}],"wp:featuredmedia":[{"embeddable":true,"href":"http:\/\/skalickyobzor.sk\/cms\/wp-json\/wp\/v2\/media\/3838"}],"wp:attachment":[{"href":"http:\/\/skalickyobzor.sk\/cms\/wp-json\/wp\/v2\/media?parent=3837"}],"wp:term":[{"taxonomy":"category","embeddable":true,"href":"http:\/\/skalickyobzor.sk\/cms\/wp-json\/wp\/v2\/categories?post=3837"},{"taxonomy":"post_tag","embeddable":true,"href":"http:\/\/skalickyobzor.sk\/cms\/wp-json\/wp\/v2\/tags?post=3837"}],"curies":[{"name":"wp","href":"https:\/\/api.w.org\/{rel}","templated":true}]}}