{"id":3849,"date":"2020-10-06T12:12:49","date_gmt":"2020-10-06T10:12:49","guid":{"rendered":"http:\/\/skalickyobzor.sk\/cms\/?p=3849"},"modified":"2020-10-06T12:36:04","modified_gmt":"2020-10-06T10:36:04","slug":"tak-si-myslim-ze-vakcinu-ktoru-hladame-mame-v-sebe","status":"publish","type":"post","link":"http:\/\/skalickyobzor.sk\/cms\/tak-si-myslim-ze-vakcinu-ktoru-hladame-mame-v-sebe\/","title":{"rendered":"Tak si mysl\u00edm, \u017ee vakc\u00ednu, ktor\u00fa h\u013ead\u00e1me, m\u00e1me v sebe"},"content":{"rendered":"<p>Natrafi\u0165 dnes na in\u00fa t\u00e9mu, ako s\u00fa inform\u00e1cie okolo situ\u00e1cie s\u00a0koronav\u00edrusom to, aby \u010dlovek h\u013eadal v\u00a0k\u00f4pke sena povestn\u00fa ihlu. Nielen laick\u00e1 verejnos\u0165, ale aj\u00a0odborn\u00edci sa dohaduj\u00fa a\u00a0predh\u00e1\u0148aj\u00fa v\u00a0argumentoch \u010di opatrenia \u00e1no, \u010di nie, \u010di a\u00a0kde bez r\u00fa\u0161ka, \u010di s\u00a0r\u00fa\u0161kom &#8230; \u0160pir\u00e1la em\u00f3ci\u00ed sa rozt\u00e1\u010da vo v\u0161etk\u00fdch spolo\u010densk\u00fdch vrstv\u00e1ch.<\/p>\n<p>Ke\u010f opomenieme, \u017ee n\u00e1s t\u00e1to t\u00e9ma zahlcuje a\u00a0utekaj\u00fa n\u00e1m kv\u00f4li tomu in\u00e9 d\u00f4le\u017eit\u00e9 t\u00e9my, tak by sme si aspo\u0148 mohli v\u0161imn\u00fa\u0165, \u017ee sa pri jej \u201erie\u0161en\u00ed\u201c ve\u013emi neh\u00fdbeme z\u00a0miesta. Sk\u00f3re \u010dasu str\u00e1ven\u00e9ho nad \u201erie\u0161en\u00edm\u201c verzus v\u00fdsledok je zatia\u013e dos\u0165 nevyrovnan\u00fd. Na\u0161e pr\u00edstupy sa \u010dasto zmietaj\u00fa medzi mantinelmi od urputn\u00e9ho h\u013eadania kto m\u00e1 skuto\u010dne pravdu a\u017e po \u00fapln\u00e9\u00a0ignorovanie tejto t\u00e9my. No, ani jeden z\u00a0t\u00fdchto pr\u00edstupov nevedie k\u00a0uspokojiv\u00e9mu\u00a0rie\u0161eniu.<\/p>\n<p>Zauj\u00edma n\u00e1s, pre\u010do sa takto spr\u00e1vame? Pre\u010do lietame z extr\u00e9mu do extr\u00e9mu a \u010do n\u00e1s v\u00f4bec del\u00ed na dva s\u00faperiace t\u00e1bory? Mysl\u00edm si, \u017ee s\u00fa to obavy a strach. Strach o svoje zdravie, strach o zdravie, \u010di \u017eivot svojho bl\u00edzkeho, strach o pr\u00e1cu, strach o deti, strach o stratu slobody rozhodovania, obava z bud\u00facnosti. Je prirodzen\u00e9, \u017ee ne\u010dakan\u00e9 \u010di ve\u013ek\u00e9 zmeny n\u00e1s ved\u00fa k pocitu ohrozenia, str\u00e1came bezpe\u010dn\u00fa p\u00f4du pod nohami a prich\u00e1dza pr\u00e1ve strach. Je nepr\u00edjemn\u00fd, no bu\u010fme za\u0148 v\u010fa\u010dn\u00ed. B\u00fdva impulzom, ktor\u00fd n\u00e1s n\u00fati za\u010da\u0165 kona\u0165 a veci rie\u0161i\u0165. No, v tejto f\u00e1ze by mal vplyv strachu a ob\u00e1v na n\u00e1s skon\u010di\u0165, nemali by sme dopusti\u0165, aby n\u00e1s ovl\u00e1dali a u\u017e v\u00f4bec nie, aby n\u00e1s pohltili. Mali by sme ich necha\u0165, nech s\u00fa, necha\u0165 ich plyn\u00fa\u0165. Spr\u00e1va\u0165 sa k strachu ako k nev\u00edtan\u00e9mu hos\u0165ovi, ktor\u00fd sa zdr\u017eal na n\u00e1v\u0161teve dlh\u0161ie ako mal. \u010co urob\u00ed hos\u0165, ktor\u00e9ho si nebudete v\u0161\u00edma\u0165? &#8230; Ke\u010f prestaneme venova\u0165 pozornos\u0165 strachu, m\u00e1me \u0161ancu svoj \u010das a\u00a0energiu venova\u0165 tomu, \u010do si na\u0161u pozornos\u0165 zasl\u00fa\u017ei \u2013 rie\u0161eniu. A\u00a0k\u00a0tomu potrebujeme (a\u00a0z\u00edskame) vn\u00fatorn\u00fd k\u013eud a\u00a0stabilitu.<\/p>\n<p>Doba je tak\u00e1, \u017ee h\u013ead\u00e1me \u201evakc\u00edny\u201c na v\u0161etky na\u0161e probl\u00e9my. Sk\u00fasme na strach a obavy pou\u017ei\u0165 t\u00fa najdostupnej\u0161iu a\u00a0naj\u00fa\u010dinnej\u0161iu vakc\u00ednu \u2013 zdrav\u00fd rozum. Dokonca je bez ved\u013eaj\u0161\u00edch \u0161kodliv\u00fdch \u00fa\u010dinkov.<\/p>\n<p><em>S\u00a0\u00factou<\/em><br \/>\n<em>im\u00fanna \u017delm\u00edra Mach\u00e1\u010dkov\u00e1<\/em><\/p>\n","protected":false},"excerpt":{"rendered":"<div class=\"mh-excerpt\"><p>Natrafi\u0165 dnes na in\u00fa t\u00e9mu, ako s\u00fa inform\u00e1cie okolo situ\u00e1cie s\u00a0koronav\u00edrusom to, aby \u010dlovek h\u013eadal v\u00a0k\u00f4pke sena povestn\u00fa ihlu. Nielen laick\u00e1 verejnos\u0165, ale aj\u00a0odborn\u00edci sa dohaduj\u00fa a\u00a0predh\u00e1\u0148aj\u00fa v\u00a0argumentoch \u010di opatrenia \u00e1no, \u010di nie, \u010di a\u00a0kde <a class=\"mh-excerpt-more\" href=\"http:\/\/skalickyobzor.sk\/cms\/tak-si-myslim-ze-vakcinu-ktoru-hladame-mame-v-sebe\/\" title=\"Tak si mysl\u00edm, \u017ee vakc\u00ednu, ktor\u00fa h\u013ead\u00e1me, m\u00e1me v sebe\">[&#8230;]<\/a><\/p>\n<\/div>","protected":false},"author":2,"featured_media":241,"comment_status":"closed","ping_status":"closed","sticky":false,"template":"","format":"standard","meta":{"footnotes":""},"categories":[3],"tags":[],"class_list":{"0":"post-3849","1":"post","2":"type-post","3":"status-publish","4":"format-standard","5":"has-post-thumbnail","7":"category-tak-si-myslim"},"_links":{"self":[{"href":"http:\/\/skalickyobzor.sk\/cms\/wp-json\/wp\/v2\/posts\/3849","targetHints":{"allow":["GET"]}}],"collection":[{"href":"http:\/\/skalickyobzor.sk\/cms\/wp-json\/wp\/v2\/posts"}],"about":[{"href":"http:\/\/skalickyobzor.sk\/cms\/wp-json\/wp\/v2\/types\/post"}],"author":[{"embeddable":true,"href":"http:\/\/skalickyobzor.sk\/cms\/wp-json\/wp\/v2\/users\/2"}],"replies":[{"embeddable":true,"href":"http:\/\/skalickyobzor.sk\/cms\/wp-json\/wp\/v2\/comments?post=3849"}],"version-history":[{"count":1,"href":"http:\/\/skalickyobzor.sk\/cms\/wp-json\/wp\/v2\/posts\/3849\/revisions"}],"predecessor-version":[{"id":3850,"href":"http:\/\/skalickyobzor.sk\/cms\/wp-json\/wp\/v2\/posts\/3849\/revisions\/3850"}],"wp:featuredmedia":[{"embeddable":true,"href":"http:\/\/skalickyobzor.sk\/cms\/wp-json\/wp\/v2\/media\/241"}],"wp:attachment":[{"href":"http:\/\/skalickyobzor.sk\/cms\/wp-json\/wp\/v2\/media?parent=3849"}],"wp:term":[{"taxonomy":"category","embeddable":true,"href":"http:\/\/skalickyobzor.sk\/cms\/wp-json\/wp\/v2\/categories?post=3849"},{"taxonomy":"post_tag","embeddable":true,"href":"http:\/\/skalickyobzor.sk\/cms\/wp-json\/wp\/v2\/tags?post=3849"}],"curies":[{"name":"wp","href":"https:\/\/api.w.org\/{rel}","templated":true}]}}