{"id":386,"date":"2018-01-12T10:18:37","date_gmt":"2018-01-12T09:18:37","guid":{"rendered":"http:\/\/skalickyobzor.sk\/cms\/?p=386"},"modified":"2020-11-24T16:29:02","modified_gmt":"2020-11-24T15:29:02","slug":"skalicke-ulice-madvova","status":"publish","type":"post","link":"http:\/\/skalickyobzor.sk\/cms\/skalicke-ulice-madvova\/","title":{"rendered":"Skalick\u00e9 ulice \u2013 Madvova"},"content":{"rendered":"<p><strong>V\u00a0 novom roku prin\u00e1\u0161ame novinku\u00a0\u2013\u00a0rubriku Skalick\u00e9 ulice. Postupne budeme \u010ditate\u013eom predstavova\u0165 historick\u00e9 osobnosti, pod\u013ea ktor\u00fdch s\u00fa pomenovan\u00e9 ulice v\u00a0na\u0161om meste. Dnes za\u010d\u00edname ulicou Fra\u0148a Madvu, ktor\u00e1 so zo zadnej strany dot\u00fdka Gymn\u00e1zia F.\u00a0V.\u00a0Sasinka. Kto bol Fra\u0148o Madva?<\/strong><\/p>\n<p>Fra\u0148o Madva, syn skalick\u00e9ho \u010di\u017em\u00e1ra Ondreja z\u00a0 Dubovej \u2013 Komensk\u00e9ho ulice, naroden\u00fd 14.\u00a0 septembra 1786, udivoval u\u017e od \u00fatlej mladosti svoje okolie nev\u0161edn\u00fdm z\u00e1ujmom o\u00a0 lie\u010div\u00e9 byliny. Utvrdzoval ho v\u00a0\u0148om brat Anast\u00e1z, \u010dlen rehole milosrdn\u00fdch bratov. Od neho dostal neskor\u0161ie vz\u00e1cny dar, ktor\u00fd ho sprev\u00e1dzal cel\u00fdm jeho strastipln\u00fdm \u017eivotom, starobyl\u00fd herb\u00e1r, zn\u00e1my dnes ako Nomenkl\u00e1tor pru\u017einsk\u00fd. Mec\u00e9n Jozef \u0160ed\u00fd, \u010dlen Bernol\u00e1kovho U\u010den\u00e9ho tovari\u0161stva, mu neskor\u0161ie umo\u017enil aj gymnazi\u00e1lne \u0161t\u00fadi\u00e1 v\u00a0 Kom\u00e1rne, Bratislave a\u00a0Nitre, kde ho prijali do semin\u00e1ra.<\/p>\n<p>Po ordin\u00e1cii p\u00f4sobil na viacer\u00fdch miestach tren\u010dianskeho kraja. Roku 1822 dostal Fra\u0148o Madva miesto v\u00a0 Rudne, malej, 900 du\u0161\u00ed r\u00e1taj\u00facej dedinke. Svoj\u00edm lie\u010dite\u013esk\u00fdm umen\u00edm a\u00a0\u0161\u013eachetn\u00fdm zaobch\u00e1dzan\u00edm s\u00a0 pacientmi si \u010doskoro z\u00edskal ve\u013ek\u00fa popularitu.<\/p>\n<p>V\u00fdsti\u017en\u00fa charakteristiku o\u00a0\u0148om zanechal Viliam Pauliny-T\u00f3th, ke\u010f o\u00a0 \u0148om v\u00a0 kr\u00e1tkom \u017eivotopise nap\u00edsal: \u201eMadva bol \u010dlovek nesmierne bystroumn\u00fd, piln\u00fd a\u00a0 pracovit\u00fd, pritom tich\u00fd, stato\u010dn\u00fd a\u00a0 n\u00e1rodu svojmu odjak\u017eiva \u00faprimne oddan\u00fd.\u201c<\/p>\n<p>Zazna\u010dil i\u00a0zauj\u00edmav\u00fa epiz\u00f3du spred roka 1848 o\u00a0 tom, ako \u0160t\u00far vyh\u013eadal Madvu: \u201eKe\u010f bol u\u00a0 neho \u0160t\u00far, povedal mu: \u201eVid\u00edte, p\u00e1n brat, my sme kolegovia.\u201c<\/p>\n<p>\u201eAko pros\u00edm?\u201c p\u00fdta sa \u013dudov\u00edt.<\/p>\n<p>\u201eHm,\u201c vetil Madva, \u201emy obaja nezdrav\u00fd n\u00e1\u0161 n\u00e1rod lie\u010dime, ja telesne, vy duchovne&#8230;\u201c<\/p>\n<p>Madva lie\u010dil aj svojho priate\u013ea z\u00a0\u010dias gymnazi\u00e1lnych \u0161t\u00fadi\u00ed v\u00a0Skalici, b\u00e1snika J\u00e1na Holl\u00e9ho, dokonca i\u00a0J\u00e1na Koll\u00e1ra.<\/p>\n<p>Ch\u00fdry o\u00a0 mimoriadnom Madvovom diagnostickom a\u00a0 terapeutickom nadan\u00ed sa roz\u0161\u00edrili po celom Rak\u00faskoUhorsku, najm\u00e4 vtedy, ke\u010f univerzitn\u00fd profesor \u013dudov\u00edt Juraj Ar\u00e1nyi, s\u00e1m lek\u00e1r, vydal o\u00a0Madvovi roku 1846 v\u00a0Budape\u0161ti osobitn\u00fa knihu s\u00a0n\u00e1zvom Rudn\u00f3 \u00e9s lelk\u00e9sze \u2013 Rudno a\u00a0jeho far\u00e1r. Okrem in\u00e9ho zd\u00f4raznil: \u201eJeho \u010drty poukazuj\u00fa na v\u00fdborn\u00fd pozorovac\u00ed talent. Je ostra\u017eit\u00fd, pozorn\u00fd, priamy a\u00a0 jemne zaobchod\u00ed s\u00a0 \u013eu\u010fmi.\u201c<\/p>\n<p>Fra\u0148o Madva aj napriek v\u0161etkej, takmer po celej Eur\u00f3pe a\u00a0 Amerike sa \u0161\u00edriacej sl\u00e1ve, ostal nav\u017edy skromn\u00fd. V\u00a0Rudne p\u00f4sobil a\u017e do roku 1850, ke\u010f znechuten\u00fd a\u00a0ubit\u00fd pr\u00edsnym policajn\u00fdm re\u017eimom Bachovho absolutizmu uch\u00fdlil sa do Nitrianskych Su\u010dian, kde ako 66-ro\u010dn\u00fd dokonal beh svojho obetav\u00e9ho \u017eivota 20.\u00a0augusta 1852.<\/p>\n<p><em>Pavol Dinka<\/em><\/p>\n","protected":false},"excerpt":{"rendered":"<div class=\"mh-excerpt\"><p>V\u00a0 novom roku prin\u00e1\u0161ame novinku\u00a0\u2013\u00a0rubriku Skalick\u00e9 ulice. Postupne budeme \u010ditate\u013eom predstavova\u0165 historick\u00e9 osobnosti, pod\u013ea ktor\u00fdch s\u00fa pomenovan\u00e9 ulice v\u00a0na\u0161om meste. Dnes za\u010d\u00edname ulicou Fra\u0148a Madvu, ktor\u00e1 so zo zadnej strany dot\u00fdka Gymn\u00e1zia F.\u00a0V.\u00a0Sasinka. Kto bol <a class=\"mh-excerpt-more\" href=\"http:\/\/skalickyobzor.sk\/cms\/skalicke-ulice-madvova\/\" title=\"Skalick\u00e9 ulice \u2013 Madvova\">[&#8230;]<\/a><\/p>\n<\/div>","protected":false},"author":1,"featured_media":367,"comment_status":"closed","ping_status":"closed","sticky":false,"template":"","format":"standard","meta":{"footnotes":""},"categories":[24],"tags":[],"class_list":{"0":"post-386","1":"post","2":"type-post","3":"status-publish","4":"format-standard","5":"has-post-thumbnail","7":"category-skalicke-ulice"},"_links":{"self":[{"href":"http:\/\/skalickyobzor.sk\/cms\/wp-json\/wp\/v2\/posts\/386","targetHints":{"allow":["GET"]}}],"collection":[{"href":"http:\/\/skalickyobzor.sk\/cms\/wp-json\/wp\/v2\/posts"}],"about":[{"href":"http:\/\/skalickyobzor.sk\/cms\/wp-json\/wp\/v2\/types\/post"}],"author":[{"embeddable":true,"href":"http:\/\/skalickyobzor.sk\/cms\/wp-json\/wp\/v2\/users\/1"}],"replies":[{"embeddable":true,"href":"http:\/\/skalickyobzor.sk\/cms\/wp-json\/wp\/v2\/comments?post=386"}],"version-history":[{"count":1,"href":"http:\/\/skalickyobzor.sk\/cms\/wp-json\/wp\/v2\/posts\/386\/revisions"}],"predecessor-version":[{"id":387,"href":"http:\/\/skalickyobzor.sk\/cms\/wp-json\/wp\/v2\/posts\/386\/revisions\/387"}],"wp:featuredmedia":[{"embeddable":true,"href":"http:\/\/skalickyobzor.sk\/cms\/wp-json\/wp\/v2\/media\/367"}],"wp:attachment":[{"href":"http:\/\/skalickyobzor.sk\/cms\/wp-json\/wp\/v2\/media?parent=386"}],"wp:term":[{"taxonomy":"category","embeddable":true,"href":"http:\/\/skalickyobzor.sk\/cms\/wp-json\/wp\/v2\/categories?post=386"},{"taxonomy":"post_tag","embeddable":true,"href":"http:\/\/skalickyobzor.sk\/cms\/wp-json\/wp\/v2\/tags?post=386"}],"curies":[{"name":"wp","href":"https:\/\/api.w.org\/{rel}","templated":true}]}}