{"id":389,"date":"2018-01-12T10:45:44","date_gmt":"2018-01-12T09:45:44","guid":{"rendered":"http:\/\/skalickyobzor.sk\/cms\/?p=389"},"modified":"2018-01-12T10:45:44","modified_gmt":"2018-01-12T09:45:44","slug":"silvestr-a-novy-rok","status":"publish","type":"post","link":"http:\/\/skalickyobzor.sk\/cms\/silvestr-a-novy-rok\/","title":{"rendered":"Silvestr a Nov\u00fd rok"},"content":{"rendered":"<p><strong>\u010cas. Toto slovo s\u00a0troma p\u00edsmenama si zvl\u00e1\u0161\u0165 uvjedomujeme pri rozl\u00fa\u010dce ze star\u00edm rokem a\u00a0pri v\u00edtan\u00ed roka nov\u00e9ho.<\/strong><\/p>\n<p>Aj v na\u0161ej Skalici sa tito dva dni oslavovalo. Moc lud\u00ed sa ka\u017ed\u00ed rok tradi\u010d\u0148e sch\u00e1z\u00e1 na Kr\u00e1lovskej ulici a\u00a0jej\u00edm bl\u00edskem okol\u00ed, abi sa \u00faderem srca zvonu na vje\u017ei Farsk\u00e9ho kostela o\u00a0 p\u00falnoci rozl\u00fa\u010dili ze star\u00edm rokem a\u00a0priv\u00edtali rok nov\u00ed. Lud\u00e9 sa s\u00a0\u00fa\u017easem d\u00edvali na nebo ro\u017e\u00e1ren\u00e9 oh\u0148ostrojem. Pri duniv\u00edch v\u00edbuchoch sa rosvi\u0165ovali tis\u00edce \u010darovn\u00edch barevn\u00edch iskri\u010dek\u00a0\u2013\u00a0iskri\u010dek n\u00e1dej\u00ed, \u017ee bude lep\u0161\u00ed, jak bilo. Navz\u00e1jem si \u017eelali tri vz\u00e1cn\u00e9 slov\u00e1: zdrav\u00ed, l\u00e1sku a\u00a0\u0161\u0165est\u00ed.<\/p>\n<p>T\u00e9\u017e na Kalv\u00e1rii a\u00a0 v\u00a0 bl\u00edskosti Rotundi sv.\u00a0 Juraja, na posv\u00e1tn\u00edch a\u00a0 pam\u00e1tn\u00edch m\u00edstach na\u0161eho mjesta, sa dos\u0165, vje\u010din\u00fa mlad\u00edch lud\u00ed d\u00edvalo na obzor nad mjestem, ker\u00ed bil n\u00e1dher\u0148e o\u017e\u00e1ren\u00ed t\u00edmto oh\u0148ostrojem. Aj oni iste pro\u017e\u00edvali chv\u00edle radosti. V\u00edbuchi oh\u0148ostroja<\/p>\n<p>tak zn\u00e1sobovali dal\u0161\u00edma v\u00edbuchama pri otv\u00edran\u00ed fla\u0161 \u0161ampa\u0148sk\u00e9ho. Lud\u00e9, ker\u00ed \u010dekali na pr\u00edchod nov\u00e9ho roka ve svoj\u00edch domovoch si t\u00e9\u017e \u0161trngali pr\u00edpitkem ze \u017eelan\u00edm f\u0161eck\u00e9ho naj-naj-naj. Ale iste bili aj tak\u00ed, co pro nejak\u00e9 povinosti alebo nemoc si tito radostn\u00e9 chv\u00edle, jak sa ludovje r\u00edka, vichutnat nemohli. Hod\u0148e lu\u010f\u00ed iste spom\u00ednalo na to, co pro\u017eili za ten rok dobr\u00e9 aj zl\u00e9, ba aj smutn\u00e9. O\u010di sa im zaslzili \u0161\u0165est\u00edm alebo smutkem.<\/p>\n<p>A\u00a0 za t\u00edm f\u0161eck\u00edm je zase ten \u010das, ker\u00ed sa zastavit ned\u00e1. Jeden z\u00a0mojich silvestrovsk\u00edch z\u00e1\u017eitk\u00fa mi ostal jak spom\u00ednka. B\u00edvali sme v\u00a0domje Pod Malinkama, nedaleko b\u00edvalej mje\u0161\u0165anki u\u00a0 kina, gde sem chodil do \u0161koli (dneska je tam stroj\u00e1rska \u0161kola). Ze\u0161li sme sa tr\u00e9 kamar\u00e1di u\u00a0n\u00e1s doma a\u00a0 rekli sme, \u017ee ket je teho Silvestra, nech je veselo. Tenkr\u00e1t sa dostali v\u00a0obcho\u010fe k\u00fapit pra\u0161n\u00e9 guli\u010dki aj rach\u00e9tle (prskavki). Vibrali sme sa na Kalvarku, gde sme sa \u010dasto stret\u00e1vali. Zapalovali sme tam rach\u00e9tle a\u00a0h\u00e1zali pra\u0161n\u00e9 guli\u010dki. A\u00a0bilo veselo dvakr\u00e1t. Pro\u010d?<\/p>\n<p>Stalo sa, \u017ee kamar\u00e1dovi spadla rach\u00e9tla na kab\u00e1t a\u00a0prop\u00e1lila ho. Na druh\u00ed de\u0148 n\u00e1m zradil, \u017ee za to dostal doma p\u00e1r facek. Na\u0161i predkov\u00e9 z\u00a0d\u00e1vnich \u010das a\u00a0t\u00e9\u017e osobnosti z\u00a0 na\u0161eho mjesta zd\u00faraz\u0148uj\u00fa, abi sme mi lud\u00e9 bili k\u00a0sebje slu\u0161n\u00ed, pom\u00e1hali si navz\u00e1jem, uct\u00edvali a\u00a0chr\u00e1nili to, co sme vitvorili. Chr\u00e1\u0148me si t\u00e9\u017e pr\u00edrodu\u00a0\u2013\u00a0na\u0161u \u017eivitelku. Mislime aj na t\u00edch, co dojd\u00fa po n\u00e1s, abi v\u00a0dobr\u00e9m spom\u00ednali na n\u00e1s. Nech rok 2018 je pro ka\u017ed\u00e9ho radostn\u00ed, poctiv\u00fa pr\u00e1c\u00fa napl\u0148en\u00ed, l\u00e1sk\u00fa a\u00a0vz\u00e1jemn\u00fa \u00fact\u00fa ve zdrav\u00ed pro\u017e\u00edvan\u00ed. P\u00ed\u0161u enom to, co sem v\u00a0mojem \u017eivote videl, \u010dul a\u00a0za\u017eil.<\/p>\n<p><em>Skali\u010dan \u0165elem aj du\u0161\u00fa,<\/em><br \/>\n<em>Tom\u0161ej Miloslav st.<\/em><\/p>\n","protected":false},"excerpt":{"rendered":"<div class=\"mh-excerpt\"><p>\u010cas. Toto slovo s\u00a0troma p\u00edsmenama si zvl\u00e1\u0161\u0165 uvjedomujeme pri rozl\u00fa\u010dce ze star\u00edm rokem a\u00a0pri v\u00edtan\u00ed roka nov\u00e9ho. Aj v na\u0161ej Skalici sa tito dva dni oslavovalo. Moc lud\u00ed sa ka\u017ed\u00ed rok tradi\u010d\u0148e sch\u00e1z\u00e1 na Kr\u00e1lovskej <a class=\"mh-excerpt-more\" href=\"http:\/\/skalickyobzor.sk\/cms\/silvestr-a-novy-rok\/\" title=\"Silvestr a Nov\u00fd rok\">[&#8230;]<\/a><\/p>\n<\/div>","protected":false},"author":1,"featured_media":17,"comment_status":"closed","ping_status":"closed","sticky":false,"template":"","format":"standard","meta":{"footnotes":""},"categories":[4],"tags":[],"class_list":{"0":"post-389","1":"post","2":"type-post","3":"status-publish","4":"format-standard","5":"has-post-thumbnail","7":"category-ja-su-ze-skalice"},"_links":{"self":[{"href":"http:\/\/skalickyobzor.sk\/cms\/wp-json\/wp\/v2\/posts\/389","targetHints":{"allow":["GET"]}}],"collection":[{"href":"http:\/\/skalickyobzor.sk\/cms\/wp-json\/wp\/v2\/posts"}],"about":[{"href":"http:\/\/skalickyobzor.sk\/cms\/wp-json\/wp\/v2\/types\/post"}],"author":[{"embeddable":true,"href":"http:\/\/skalickyobzor.sk\/cms\/wp-json\/wp\/v2\/users\/1"}],"replies":[{"embeddable":true,"href":"http:\/\/skalickyobzor.sk\/cms\/wp-json\/wp\/v2\/comments?post=389"}],"version-history":[{"count":1,"href":"http:\/\/skalickyobzor.sk\/cms\/wp-json\/wp\/v2\/posts\/389\/revisions"}],"predecessor-version":[{"id":390,"href":"http:\/\/skalickyobzor.sk\/cms\/wp-json\/wp\/v2\/posts\/389\/revisions\/390"}],"wp:featuredmedia":[{"embeddable":true,"href":"http:\/\/skalickyobzor.sk\/cms\/wp-json\/wp\/v2\/media\/17"}],"wp:attachment":[{"href":"http:\/\/skalickyobzor.sk\/cms\/wp-json\/wp\/v2\/media?parent=389"}],"wp:term":[{"taxonomy":"category","embeddable":true,"href":"http:\/\/skalickyobzor.sk\/cms\/wp-json\/wp\/v2\/categories?post=389"},{"taxonomy":"post_tag","embeddable":true,"href":"http:\/\/skalickyobzor.sk\/cms\/wp-json\/wp\/v2\/tags?post=389"}],"curies":[{"name":"wp","href":"https:\/\/api.w.org\/{rel}","templated":true}]}}