{"id":3905,"date":"2020-11-03T17:07:53","date_gmt":"2020-11-03T16:07:53","guid":{"rendered":"http:\/\/skalickyobzor.sk\/cms\/?p=3905"},"modified":"2020-11-24T16:30:19","modified_gmt":"2020-11-24T15:30:19","slug":"skalicke-ulice-blahova","status":"publish","type":"post","link":"http:\/\/skalickyobzor.sk\/cms\/skalicke-ulice-blahova\/","title":{"rendered":"Skalick\u00e9 ulice &#8211; Blahova"},"content":{"rendered":"<p>Dr. Pavel Blaho (* 25. marec 1867, Skalica \u2013 \u2020 29. november 1927, Bratislava), lek\u00e1r, publicista, politik a n\u00e1rodn\u00fd budite\u013e, syn z\u00e1mo\u017en\u00e9ho skalick\u00e9ho ro\u013en\u00edka z Poto\u010dnej ulice (na dome m\u00e1 tabu\u013eu), patril koncom 19. a v prv\u00fdch dek\u00e1dach 20. storo\u010dia k v\u00fdznamn\u00fdm osobnostiam slovensk\u00e9ho spolo\u010densk\u00e9ho a politick\u00e9ho \u017eivota. \u0160tudoval na gymn\u00e1ziu v rodnom meste a v Trnave, kde roku 1887 maturoval. Po\u010das \u0161t\u00fadia medic\u00edny vo Viedni p\u00f4sobil v akademickom spolku Tatran, nesk\u00f4r bol jeho predsedom. Ke\u010f na popud uhorskej vl\u00e1dy zastavili aktivity Tatranu, zalo\u017eil spolok N\u00e1rod, v ktorom sa okrem \u0161tudentov sch\u00e1dzali aj mlad\u00ed remeseln\u00edci a robotn\u00edci. U\u017e od mladosti sa intenz\u00edvne venoval novin\u00e1rskej, publicistickej a osvetovo-budite\u013eskej \u010dinnosti. K jeho najv\u00fdznamnej\u0161\u00edm \u017eurnalistick\u00fdm po\u010dinom patr\u00ed zalo\u017eenie \u010dasopisu Hlas, prv\u00e9ho periodika slovenskej pokrokovej ml\u00e1de\u017ee, ktor\u00e9ho koncepciu vypracoval spolu s Vavrom \u0160rob\u00e1rom v roku 1897 pr\u00e1ve v Skalici a ktor\u00fd vy\u0161iel v \u0160karniclovskej tla\u010diarni 29. j\u00fana 1898, teda na Petra a\u00a0Pavla, v\u00a0de\u0148 jeho men\u00edn. Z\u00e1kladn\u00fdm mottom <em>Hlasu<\/em> bola my\u0161lienka uverejnen\u00e1 v\u00a0prvom \u010d\u00edsle: \u201e<em>Nie lie\u0148, ale pr\u00e1ca, nie lo\u017e, ale pravda, nie nen\u00e1vis\u0165, ale l\u00e1ska.<\/em>\u201c Nezabudnute\u013en\u00fd je jeho pr\u00ednos k\u00a06. novembru 1918, ke\u010f do Skalice pricestovala Do\u010dasn\u00e1 \u010desko-slovensk\u00e1 vl\u00e1da na Slovensku na \u010dele s\u00a0Vavrom \u0160rob\u00e1rom.<\/p>\n<p>Pavel Blaho bol neoby\u010dajne akt\u00edvny. Chodil predn\u00e1\u0161a\u0165 po dedin\u00e1ch, dokonca sa z\u00fa\u010dastnil v\u00a0rokoch 1912 \u2013 1913 na predn\u00e1\u0161kovom turn\u00e9 medzi krajanmi v\u00a0Spojen\u00fdch \u0161t\u00e1toch. Na margo t\u00fdchto aktiv\u00edt jeho \u017eivotopisec \u0160tefan Jan\u0161\u00e1k p\u00ed\u0161e: \u201e<em>Blaho prekon\u00e1va pri svojich predn\u00e1\u0161kach ka\u017ed\u00fa prek\u00e1\u017eku \u2013 najm\u00e4 svoj\u00edm pr\u00edkladom. Odklad\u00e1 svoj me\u0161tiansky odev, oblieka mokroh\u00e1jske nohavice, ko\u0161e\u013eu s\u00a0vy\u0161\u00edvan\u00fdmi ruk\u00e1vmi, na hlavu kladie mal\u00fd klob\u00fa\u010dik s\u00a0mohutn\u00fdm bielym koh\u00fat\u00edm kosierkom, nohy vtl\u00e1\u010da n\u00e1sil\u00edm do \u00fazkych \u010di\u017eiem. Ke\u010f odznej\u00fa jeho predn\u00e1\u0161ky, re\u010dn\u00edk si odpo\u010dinie, vyst\u00fapi na javisko ako spev\u00e1k. Aby z\u00edskal m\u00e4kkos\u0165ou svojho hlasu, nen\u00fatenos\u0165ou svojho vyst\u00fapenia a\u00a0gesta i\u00a0t\u00fdch, ktor\u00ed e\u0161te hist\u00f3rii, argumentom a\u00a0z\u00e1pasom nerozumej\u00fa alebo ich nech\u00e1pu. A\u00a0kde nesta\u010d\u00ed umelec, u\u010denec, s\u00e1m tam prizve troch-\u0161tyroch ml\u00e1dencov alebo dievky, aby zaspievali zvu\u010diacu piese\u0148 Mokroh\u00e1jske pole je pjekne zoran\u00e9.<\/em>\u201c<\/p>\n<p>Pavel Blaho sa roku 1900 o\u017eenil so sestrou svojho ideov\u00e9ho spolup\u00fatnika, Skali\u010dana, katol\u00edckeho k\u0148aza \u013dudov\u00edta Ok\u00e1nika \u2013 Gizelou. Nesmierne lipol na svojej rodine a rodina na \u0148om. Ke\u010f p\u00f4sobil v Luha\u010doviciach ako lek\u00e1r, meste\u010dko sa stalo ich druh\u00fdm domovom, pravidelne ho tam nav\u0161tevovali. No, rodn\u00e9 mesto nosil ustavi\u010dne v srdci, dokonca sa pri\u010dinil o to, \u017ee architekt Du\u0161an Jurkovi\u010d, rodinn\u00fd priate\u013e, naprojektoval a postavil v Luha\u010doviciach Skalick\u00fa b\u00fadu. Samotnej Skalici ve\u013emi pom\u00e1hal. Janko Blaho, prv\u00fd slovensk\u00fd opern\u00fd spev\u00e1k, na otca spom\u00edna: \u201e<em>Otcov\u00fdm pri\u010dinen\u00edm zalo\u017eili v meste obchodn\u00fa \u0161kolu, ktor\u00e1 niesla i jeho meno, postavili modern\u00fa okresn\u00fa nemocnicu, a napokon jeho z\u00e1sluhou stala sa Skalica okresn\u00fdm mestom. Pre Skali\u010danov i jednotlivcov urobil v\u0161etko, o \u010do ho po\u017eiadali, aj ke\u010f boli pr\u00edpadne v\u00a0inom politickom t\u00e1bore. Stovky a\u00a0sn\u00e1\u010f i\u00a0tis\u00edce svojich krajanov umiestnil v\u00a0\u00faradoch, tov\u00e1r\u0148ach alebo v\u00a0in\u00fdch podnikoch.<\/em>\u201c<\/p>\n<p>Dr. Pavel Blaho je pochovan\u00fd na skalickom katol\u00edckom cintor\u00edne. Jeho \u010diny a\u00a0skutky v\u00fdsti\u017ene charakterizuje epitaf od b\u00e1snika Vladim\u00edra Roya:<\/p>\n<blockquote><p><em>\u017dil som pl\u00e1polaj\u00fac v\u017edy<\/em><br \/>\n<em>oh\u0148om nad\u0161enej l\u00e1sky<\/em><br \/>\n<em>k\u00a0utl\u00e1\u010dan\u00e9mu rodu, v\u00a0slu\u017ebu<\/em><br \/>\n<em>sa podrobuj\u00fac,<\/em><br \/>\n<em>\u017eia\u013e, v\u0161ak v\u00a0\u00fatrob\u00e1ch vzpl\u00e1l,<\/em><br \/>\n<em>ke\u010f de\u0148 sa v\u00a0tie\u0148 noci sch\u00fdlil<\/em><br \/>\n<em>viac, \u017ee som v\u00a0kruhu rodiny<\/em><br \/>\n<em>svit blaha lia\u0165 nemohol.<\/em><\/p><\/blockquote>\n","protected":false},"excerpt":{"rendered":"<div class=\"mh-excerpt\"><p>Dr. Pavel Blaho (* 25. marec 1867, Skalica \u2013 \u2020 29. november 1927, Bratislava), lek\u00e1r, publicista, politik a n\u00e1rodn\u00fd budite\u013e, syn z\u00e1mo\u017en\u00e9ho skalick\u00e9ho ro\u013en\u00edka z Poto\u010dnej ulice (na dome m\u00e1 tabu\u013eu), patril koncom 19. a <a class=\"mh-excerpt-more\" href=\"http:\/\/skalickyobzor.sk\/cms\/skalicke-ulice-blahova\/\" title=\"Skalick\u00e9 ulice &#8211; Blahova\">[&#8230;]<\/a><\/p>\n<\/div>","protected":false},"author":16,"featured_media":3906,"comment_status":"closed","ping_status":"closed","sticky":false,"template":"","format":"standard","meta":{"footnotes":""},"categories":[24],"tags":[],"class_list":{"0":"post-3905","1":"post","2":"type-post","3":"status-publish","4":"format-standard","5":"has-post-thumbnail","7":"category-skalicke-ulice"},"_links":{"self":[{"href":"http:\/\/skalickyobzor.sk\/cms\/wp-json\/wp\/v2\/posts\/3905","targetHints":{"allow":["GET"]}}],"collection":[{"href":"http:\/\/skalickyobzor.sk\/cms\/wp-json\/wp\/v2\/posts"}],"about":[{"href":"http:\/\/skalickyobzor.sk\/cms\/wp-json\/wp\/v2\/types\/post"}],"author":[{"embeddable":true,"href":"http:\/\/skalickyobzor.sk\/cms\/wp-json\/wp\/v2\/users\/16"}],"replies":[{"embeddable":true,"href":"http:\/\/skalickyobzor.sk\/cms\/wp-json\/wp\/v2\/comments?post=3905"}],"version-history":[{"count":2,"href":"http:\/\/skalickyobzor.sk\/cms\/wp-json\/wp\/v2\/posts\/3905\/revisions"}],"predecessor-version":[{"id":3908,"href":"http:\/\/skalickyobzor.sk\/cms\/wp-json\/wp\/v2\/posts\/3905\/revisions\/3908"}],"wp:featuredmedia":[{"embeddable":true,"href":"http:\/\/skalickyobzor.sk\/cms\/wp-json\/wp\/v2\/media\/3906"}],"wp:attachment":[{"href":"http:\/\/skalickyobzor.sk\/cms\/wp-json\/wp\/v2\/media?parent=3905"}],"wp:term":[{"taxonomy":"category","embeddable":true,"href":"http:\/\/skalickyobzor.sk\/cms\/wp-json\/wp\/v2\/categories?post=3905"},{"taxonomy":"post_tag","embeddable":true,"href":"http:\/\/skalickyobzor.sk\/cms\/wp-json\/wp\/v2\/tags?post=3905"}],"curies":[{"name":"wp","href":"https:\/\/api.w.org\/{rel}","templated":true}]}}