{"id":392,"date":"2018-01-12T10:55:50","date_gmt":"2018-01-12T09:55:50","guid":{"rendered":"http:\/\/skalickyobzor.sk\/cms\/?p=392"},"modified":"2018-06-14T17:37:38","modified_gmt":"2018-06-14T15:37:38","slug":"kolko-volebnych-obvodov-potrebuje-skalica","status":"publish","type":"post","link":"http:\/\/skalickyobzor.sk\/cms\/kolko-volebnych-obvodov-potrebuje-skalica\/","title":{"rendered":"Ko\u013eko volebn\u00fdch obvodov potrebuje Skalica?"},"content":{"rendered":"<p><strong>Tento rok je zase volebn\u00fd. Pre mesto mo\u017eno zo v\u0161etk\u00fdch ten najd\u00f4le\u017eitej\u0161\u00ed \u2013 budeme si toti\u017e voli\u0165 prim\u00e1tora a\u00a0 19 poslancov mestsk\u00e9ho zastupite\u013estva (pokia\u013e do volieb nepr\u00edde k\u00a0 legislat\u00edvnej zmene).<\/strong><\/p>\n<p>V\u00a0tomto \u010dl\u00e1nku sa venujeme t\u00e9me po\u010dtu volebn\u00fdch obvodov a\u00a0v\u00a0rubrike V\u00e1\u017een\u00ed poslanci! sa sp\u00fdtame na n\u00e1zor s\u00fa\u010dasn\u00fdch poslancov. Pre\u010do je toto rozhodnutie d\u00f4le\u017eit\u00e9 a\u00a0\u010di by bola zmena prospe\u0161n\u00e1, sme zhrnuli v nasleduj\u00facich riadkoch.<\/p>\n<h3>NIE JE TO JEDNO&#8230;?<\/h3>\n<p>Aby sme hne\u010f na \u00favod urobili jasno \u2013 jednoducho ide o\u00a0to, kto kde kandiduje, z\u00a0ko\u013ek\u00fdch kandid\u00e1tov m\u00e1 ob\u010dan na v\u00fdber, ko\u013eko voli\u010dov je v\u00a0 danom obvode, koho poslanec zastupuje, ako (ne)vyv\u00e1\u017een\u00e9 s\u00fa kandid\u00e1tky, ale i ko\u013eko \u013eud\u00ed pr\u00edde k\u00a0vo\u013eb\u00e1m. Je to pr\u00edli\u0161 ve\u013ea okolnost\u00ed i\u00a0z\u00e1merov na to, \u017ee o\u010dak\u00e1vame v\u00fdsledok spravodliv\u00fd pre v\u0161etk\u00fdch.<\/p>\n<p>Po\u010det volebn\u00fdch obvodov je d\u00f4le\u017eit\u00fd \u010dinite\u013e, ktor\u00fd zasahuje do v\u00fdsledkov volieb. Z\u00e1sadne ovplyv\u0148uje, ktor\u00ed konkr\u00e9tni poslanci a\u00a0 ktor\u00fd prim\u00e1tor bud\u00fa zvolen\u00ed a usadn\u00fa do svojich zastupite\u013esk\u00fdch kresiel. Mo\u017eno ani niektor\u00ed ob\u010dania netu\u0161ia, \u017ee po\u010det volebn\u00fdch obvodov nie je pevn\u00fd a skalick\u00ed poslanci ho m\u00f4\u017eu v\u00a0r\u00e1mci z\u00e1kona zmeni\u0165.<\/p>\n<h3>\u010cO STANOVUJE Z\u00c1KON?<\/h3>\n<p>Vo\u013eby v\u00a0 obciach upravuj\u00fa z\u00e1kony, ktor\u00e9 ur\u010duj\u00fa, \u017ee Skalica mus\u00ed ma\u0165 najmenej 13 poslancov. Ke\u010f\u017ee v\u00a0jednom volebnom obvode m\u00f4\u017ee by\u0165 volen\u00fdch maxim\u00e1lne 12 poslancov, musia by\u0165 v\u00a0na\u0161om meste minim\u00e1lne 2 volebn\u00e9 obvody.<\/p>\n<p><img loading=\"lazy\" decoding=\"async\" class=\"aligncenter size-full wp-image-393\" src=\"http:\/\/skalickyobzor.sk\/cms\/wp-content\/uploads\/2018\/01\/skalica_mapa_volebnych_obvodov.jpg\" alt=\"\" width=\"720\" height=\"666\" srcset=\"http:\/\/skalickyobzor.sk\/cms\/wp-content\/uploads\/2018\/01\/skalica_mapa_volebnych_obvodov.jpg 720w, http:\/\/skalickyobzor.sk\/cms\/wp-content\/uploads\/2018\/01\/skalica_mapa_volebnych_obvodov-300x278.jpg 300w\" sizes=\"auto, (max-width: 720px) 100vw, 720px\" \/><\/p>\n<h3>PO\u010cET HLASOV JE PO\u010cET HLASOV&#8230;<\/h3>\n<p>Pri s\u00fa\u010dasnom po\u010dte volebn\u00fdch obvodov m\u00e1 ka\u017ed\u00fd od 2\u00a0 \u2013\u00a0 3000 voli\u010dov. V \u00a0 ka\u017edom z\u00a0 nich s\u00fa volen\u00ed 3\u00a0 \u2013\u00a0 4 poslanci. Aj pri ve\u013emi n\u00edzkej \u00fa\u010dasti voli\u010dov musia by\u0165 za ka\u017ed\u00fd obvod zvolen\u00ed poslanci v\u00a0 tomto po\u010dte. Potom, tak ako v posledn\u00fdch vo\u013eb\u00e1ch, m\u00f4\u017ee nasta\u0165 tento pr\u00edpad \u2013 v\u00a0jednom obvode bol za poslanca zvolen\u00fd kandid\u00e1t s\u00a0po\u010dtom hlasov 195 a\u00a0kandid\u00e1t v\u00a0inom obvode s\u00a0306 hlasmi u\u017e zvolen\u00fd nebol. Okrem toho mo\u017enos\u0165 kandidova\u0165 v\u00a0 \u013eubovo\u013enom obvode d\u00e1va mo\u017enos\u0165 taktizova\u0165 a\u00a0vo\u013eby tak u\u017e nie s\u00fa len uch\u00e1dzan\u00edm sa o\u00a0d\u00f4veru voli\u010dov.<\/p>\n<h3>V\u00c4\u010c\u0160\u00cd V\u00ddBER \u2013 VIACEJ VOLI\u010cOV?<\/h3>\n<p>Ak by v\u00a0Skalici boli 2 volebn\u00e9 obvody, bolo by v\u00a0 ka\u017edom z nich viacej kandid\u00e1tov (v prepo\u010dte pribli\u017ene 30) a ob\u010dania by si z\u00a0nich mohli vybra\u0165 a\u017e 10 poslancov, ktor\u00fdm by dali hlas. Je to ove\u013ea v\u00fdhodnej\u0161\u00ed v\u00fdber, ako voli\u0165 iba 4 z\u00a0 10. \u013dudia by dostali viacej kandid\u00e1tov na v\u00fdber a\u00a0 zmen\u0161il by sa probl\u00e9m, \u017ee sa voli\u010d volieb nez\u00fa\u010dastn\u00ed, preto\u017ee si nem\u00e1 koho vybra\u0165. Potom sa u\u017e pravdepodobne nestane, \u017ee mal\u00fd po\u010det \u013eud\u00ed, ktor\u00ed pr\u00eddu, rozhodne za v\u0161etk\u00fdch.<\/p>\n<h3>ZASTUPUJ\u00da POSLANCI T\u00ddCH, KTOR\u00cd ICH VOLILI?<\/h3>\n<p>Existuje n\u00e1zor, \u017ee predsa poslanec, zvolen\u00fd za obvod, zastupuje z\u00e1ujmy tamoj\u0161\u00edch obyvate\u013eov. To je v\u0161ak \u010dasto omyl. Mnoh\u00ed poslanci vo \u201esvojich\u201c obvodoch ne\u017eij\u00fa. Probl\u00e9m je aj v\u00a0obvodoch samotn\u00fdch, v\u00a0ich rozdelen\u00ed. Pozrime sa na mape volebn\u00fdch obvodov napr\u00edklad na obvod \u010d.\u00a0 4. Pokr\u00fdva na jednom konci L\u00fa\u010dky pri Tescu a\u00a0 s\u00fa\u010dasne na opa\u010dnom konci nov\u00e9 ulice v Kriv\u00fdch k\u00fatoch. Vo svojom strede navy\u0161e tesne obch\u00e1dza historick\u00e9 centrum. To s\u00fa tri \u010dasti mesta, ktor\u00e9 v\u00a0tomto obvode nesp\u00e1ja ni\u010d okrem toho, \u017ee s\u00fa v\u00a0Skalici. Rovnako je to s\u00a0volebn\u00fdm obvodom \u010d.\u00a05, do ktor\u00e9ho patr\u00ed N\u00e1mestie slobody a\u00a0 s\u00fa\u010dasne okrajov\u00e9 ulice na v\u00fdchode. Z tohto uhlu poh\u013eadu je jedno, ko\u013eko bude obvodov, lebo rie\u0161eniu neznalosti probl\u00e9mov v\u00a0 obvode by viac pomohlo zlep\u0161enie komunik\u00e1cie poslancov s\u00a0ob\u010danmi ne\u017e ve\u013ek\u00fd po\u010det obvodov.<\/p>\n<h3>M\u00c1 POSLANEC PRACOVA\u0164 V\u00a0MENE V\u0160ETK\u00ddCH?<\/h3>\n<p>Poslanec po zvolen\u00ed zasadne v\u00a0mestskom zastupite\u013estve. Tu s\u00fa v\u0161etky probl\u00e9my ka\u017edej malej \u010dasti \u010di ulice probl\u00e9mami cel\u00e9ho mesta. Ich rie\u0161enie je financovan\u00e9 zo spolo\u010dn\u00e9ho rozpo\u010dtu a\u00a0 poradie je z\u00e1visl\u00e9 od ich v\u00e1\u017enosti a\u00a0pr\u00ednosu pre v\u0161etk\u00fdch. Ako pri tomto m\u00f4\u017ee poslanec zastupova\u0165 \u201esvoj\u201c volebn\u00fd obvod? \u010c\u00edm menej volebn\u00fdch obvodov je v\u00a0 meste, t\u00fdm s\u00fa vo\u013eby objekt\u00edvnej\u0161ie, spravodlivej\u0161ie a\u00a0 hlavne presnej\u0161ie. Spome\u0148me si, \u017ee v\u00a0 celo\u0161t\u00e1tnych parlamentn\u00fdch vo\u013eb\u00e1ch vol\u00edme v\u0161etci voli\u010di z\u00a0 cel\u00e9ho Slovenska poslancov do jedn\u00e9ho \u201ezastupite\u013estva\u201c \u2013 n\u00e1rodnej rady. Teda cel\u00e9 Slovensko je jeden obvod.<\/p>\n<h3>KDE BY V\u0160ETCI VOLILI PRI DVOCH OBVODOCH?<\/h3>\n<p>Tam, kde doteraz, v\u00a0tomto by sa nezmenilo ni\u010d. Z\u00e1kon okrem obvodov ur\u010duje aj ve\u013ekos\u0165 volebn\u00fdch okrskov. Okrsky by mali ma\u0165 spravidla 1000 obyvate\u013eov. Toto je pohodln\u00e9 pre voli\u010dov, preto\u017ee volebn\u00e9 miesta s\u00fa bl\u00edzko ich domova. Rovnako to umo\u017e\u0148uje r\u00fdchle s\u010d\u00edtanie hlasov a\u00a0 zmen\u0161i\u0165 pravdepodobnos\u0165, \u017ee sa pri s\u010d\u00edtan\u00ed urob\u00ed chyba. Po\u010det okrskov nes\u00favis\u00ed s\u00a0po\u010dtom volebn\u00fdch obvodov. Tie by mohli osta\u0165 nezmenen\u00e9 v\u00a0 rovnakom mno\u017estve i\u00a0 na rovnak\u00fdch miestach. V\u00a0 Skalici bolo v\u00a0 minul\u00fdch vo\u013eb\u00e1ch 5 obvodov a\u00a0 ka\u017ed\u00fd mal dva okrsky, t.\u00a0j. celkom 10\u00a0okrskov.<\/p>\n<h3>SNAHA O NAJLEP\u0160IE<\/h3>\n<p>Otvorenie ot\u00e1zky po\u010dtu volebn\u00fdch obvodov v\u00a0na\u0161om meste je d\u00f4le\u017eitou t\u00e9mou medzi \u013eu\u010fmi. T\u00e1to jej d\u00f4le\u017eitos\u0165 sa uk\u00e1\u017ee najviac v\u017edy tesne po vo\u013eb\u00e1ch, ke\u010f ob\u010dania vidia zoznam<\/p>\n<p>v\u00ed\u0165azov. Nespochyb\u0148ujeme demokratickos\u0165 ani transparentnos\u0165. Pripom\u00edname len, \u010do by malo by\u0165 jedin\u00fdm cie\u013eom volieb\u00a0 \u2013\u00a0 aby mestsk\u00e9 zastupite\u013estvo svoj\u00edm zlo\u017een\u00edm \u010do najlep\u0161ie odzrkad\u013eovalo \u017eelania ob\u010danov a\u00a0bolo tvoren\u00e9 poslancami, ktor\u00ed z\u00edskaj\u00fa najv\u00e4\u010d\u0161iu podporu vo ve\u013ek\u00fdch skupin\u00e1ch voli\u010dov.<\/p>\n<p>&nbsp;<\/p>\n<pre>Znenie z\u00e1konov:\r\n\r\nZ\u00e1kon SNR 369\/1990 \u00a7\u00a011 ods.\u00a03 p\u00edsm.\u00a0g \u2013 (3) Po\u010det poslancov na\r\ncel\u00e9 volebn\u00e9 obdobie ur\u010d\u00ed pred vo\u013ebami obecn\u00e9 zastupite\u013estvo pod\u013ea\r\npo\u010dtu obyvate\u013eov obce takto: g)\u00a0 od 10\u00a0 001 do 20\u00a0 000 obyvate\u013eov\r\nobce 13 a\u017e 19 poslancov.\r\n\r\nZ\u00e1kon SNR 180\/2014 v\u00a0 \u010dasti o\u00a0 volebn\u00fdch obvodoch ur\u010duje, \u017ee\r\nv obci, v ktorej sa m\u00e1 zvoli\u0165 12 alebo menej poslancov obecn\u00e9ho zastupite\u013estva, sa m\u00f4\u017ee utvori\u0165 jeden volebn\u00fd obvod.<\/pre>\n<p>&nbsp;<\/p>\n<pre>T\u00e9ma: Mestsk\u00fd rozpo\u010det\r\n\r\n13. 12. 2017 schv\u00e1lilo MsZ rozpo\u010det Skalice pre rok 2018 a\u00a0 na programe boli aj \u010fal\u0161ie ve\u013emi\r\nzauj\u00edmav\u00e9 veci. Budeme sa im v\u0161etk\u00fdm postupne venova\u0165. Sledujte bud\u00face \u010d\u00edsla Skalick\u00e9ho Obzoru.<\/pre>\n<p>&nbsp;<\/p>\n","protected":false},"excerpt":{"rendered":"<div class=\"mh-excerpt\"><p>Tento rok je zase volebn\u00fd. Pre mesto mo\u017eno zo v\u0161etk\u00fdch ten najd\u00f4le\u017eitej\u0161\u00ed \u2013 budeme si toti\u017e voli\u0165 prim\u00e1tora a\u00a0 19 poslancov mestsk\u00e9ho zastupite\u013estva (pokia\u013e do volieb nepr\u00edde k\u00a0 legislat\u00edvnej zmene). V\u00a0tomto \u010dl\u00e1nku sa venujeme t\u00e9me <a class=\"mh-excerpt-more\" href=\"http:\/\/skalickyobzor.sk\/cms\/kolko-volebnych-obvodov-potrebuje-skalica\/\" title=\"Ko\u013eko volebn\u00fdch obvodov potrebuje Skalica?\">[&#8230;]<\/a><\/p>\n<\/div>","protected":false},"author":1,"featured_media":239,"comment_status":"closed","ping_status":"closed","sticky":false,"template":"","format":"standard","meta":{"footnotes":""},"categories":[5],"tags":[],"class_list":{"0":"post-392","1":"post","2":"type-post","3":"status-publish","4":"format-standard","5":"has-post-thumbnail","7":"category-toto-sa-nas-tyka"},"_links":{"self":[{"href":"http:\/\/skalickyobzor.sk\/cms\/wp-json\/wp\/v2\/posts\/392","targetHints":{"allow":["GET"]}}],"collection":[{"href":"http:\/\/skalickyobzor.sk\/cms\/wp-json\/wp\/v2\/posts"}],"about":[{"href":"http:\/\/skalickyobzor.sk\/cms\/wp-json\/wp\/v2\/types\/post"}],"author":[{"embeddable":true,"href":"http:\/\/skalickyobzor.sk\/cms\/wp-json\/wp\/v2\/users\/1"}],"replies":[{"embeddable":true,"href":"http:\/\/skalickyobzor.sk\/cms\/wp-json\/wp\/v2\/comments?post=392"}],"version-history":[{"count":1,"href":"http:\/\/skalickyobzor.sk\/cms\/wp-json\/wp\/v2\/posts\/392\/revisions"}],"predecessor-version":[{"id":394,"href":"http:\/\/skalickyobzor.sk\/cms\/wp-json\/wp\/v2\/posts\/392\/revisions\/394"}],"wp:featuredmedia":[{"embeddable":true,"href":"http:\/\/skalickyobzor.sk\/cms\/wp-json\/wp\/v2\/media\/239"}],"wp:attachment":[{"href":"http:\/\/skalickyobzor.sk\/cms\/wp-json\/wp\/v2\/media?parent=392"}],"wp:term":[{"taxonomy":"category","embeddable":true,"href":"http:\/\/skalickyobzor.sk\/cms\/wp-json\/wp\/v2\/categories?post=392"},{"taxonomy":"post_tag","embeddable":true,"href":"http:\/\/skalickyobzor.sk\/cms\/wp-json\/wp\/v2\/tags?post=392"}],"curies":[{"name":"wp","href":"https:\/\/api.w.org\/{rel}","templated":true}]}}