{"id":3934,"date":"2020-11-03T17:04:01","date_gmt":"2020-11-03T16:04:01","guid":{"rendered":"http:\/\/skalickyobzor.sk\/cms\/?p=3934"},"modified":"2020-11-03T17:31:37","modified_gmt":"2020-11-03T16:31:37","slug":"tonek-dinka-to-zaokruhlil-na-80","status":"publish","type":"post","link":"http:\/\/skalickyobzor.sk\/cms\/tonek-dinka-to-zaokruhlil-na-80\/","title":{"rendered":"Tonek Dinka to zaokr\u00fahlil na 80"},"content":{"rendered":"<p><em><strong>30. apr\u00edla tohto roku, presne v\u00a0de\u0148 jeho jubilea, sa mala kona\u0165 v\u00a0skalickom kult\u00farnom dome ve\u013ek\u00e1 sl\u00e1va. Kv\u00f4li pand\u00e9mii bola odlo\u017een\u00e1 na 15. november, no pravdepodobne kv\u00f4li druhej vlne nebude plati\u0165 ani tento term\u00edn. Raz v\u0161ak bude, preto\u017ee to jubileum patr\u00ed k\u00a0ve\u013ekej postave skalick\u00e9ho \u017eivota a\u00a0predov\u0161etk\u00fdm kult\u00fary. Je \u0165a\u017eko nap\u00edsa\u0165 nie\u010do, \u010do e\u0161te nebolo zverejnen\u00e9 a\u00a0tak sme sa rozhodli nep\u00edsa\u0165 o\u00a0\u0148om, ale po\u017eiadali sme jubilanta a\u00a0osl\u00e1venca Tonka Dinku o\u00a0rozhovor.<\/strong><\/em><\/p>\n<p><strong>Po\u010das svojho \u017eivota ste boli, a\u00a0v\u00a0mnohom e\u0161te st\u00e1le ste, pedag\u00f3g, spev\u00e1k, tane\u010dn\u00edk, moder\u00e1tor, \u013eudov\u00fd rozpr\u00e1va\u010d, riadite\u013e folkl\u00f3rneho s\u00faboru, spisovate\u013e, ryb\u00e1r, po\u013eovn\u00edk, &#8230; V\u00a0ktorej \u00falohe ste sa c\u00edtili najlep\u0161ie?<\/strong><br \/>\nOd svojich dvan\u00e1stich rokov spievam a v s\u00fabore Skali\u010dan som \u010dlenom od roku 1958. Bol som spev\u00e1k, tane\u010dn\u00edk, choreograf, umeleck\u00fd ved\u00faci, riadite\u013e s\u00faboru a teraz som jeho st\u00e1ly obdivovate\u013e. Folkl\u00f3r ma bav\u00ed st\u00e1le. U\u010dite\u013estvo ma bavilo 44 rokov. Za\u010dal som ako u\u010dite\u013e fyziky a technick\u00fdch pr\u00e1c na z\u00e1kladnej \u0161kole, na ktorej som ako \u00f4smak v roku 1954 skon\u010dil. Triedny u\u010dite\u013e mi bol p\u00e1n Furstenzeller a potom v roku 1962 bol aj m\u00f4j kolega. Zap\u00edsal som sa na dia\u013ekov\u00e9 \u0161t\u00fadium na PdF v Trnave, odbor matematika fyzika. V roku 1966 som za\u010dal u\u010di\u0165 na SZ\u0160 v Skalici a pokra\u010doval v \u0161t\u00fadiu na MFF UK v Bratislave, kde som z\u00edskal titul RNDr. Chv\u00ed\u013eu som z organiza\u010dn\u00fdch d\u00f4vodov p\u00f4sobil ako riadite\u013e na II. ZD\u0160 v Skalici a v roku 1993 som bol vymenovan\u00fd za riadite\u013ea SZ\u0160, odkia\u013e som v roku 2006 odi\u0161iel do d\u00f4chodku. Najkraj\u0161ie u\u010dite\u013esk\u00e9 roky som str\u00e1vil pr\u00e1ve na SZ\u0160 a\u00a0dodnes m\u00e1m s\u00a0\u0148ou ve\u013emi dobr\u00e9 vz\u0165ahy.<\/p>\n<p><strong>\u010coho z\u00a0toho v\u0161etk\u00e9ho, \u010do ste dosiahli, si pova\u017eujete najviac?<\/strong><br \/>\nN\u00e1ro\u010dn\u00e9 bolo vysoko\u0161kolsk\u00e9 \u0161t\u00fadium popri zamestnan\u00ed a\u00a0starostlivos\u0165 o\u00a0rodinu. Vtedy mi najviac pom\u00e1hala man\u017eelka. Najviac si cen\u00edm to, \u017ee aj po rokoch sa ku mne s\u00a0\u00factou hl\u00e1sia b\u00fdval\u00e9 \u0161tudentky a\u00a0\u017eiaci. Hovoria, \u017ee som bol dobr\u00fd, spravodliv\u00fd a\u00a0ob\u013e\u00faben\u00fd u\u010dite\u013e. Podarili sa mi ako choreografovi \u201epostavi\u0165\u201c pekn\u00e9 tance v\u00a0s\u00fabore Skali\u010dan. Hlavne som spokojn\u00fd s\u00a0t\u00fdm, \u017ee som vychoval s\u00a0man\u017eelkou deti a\u00a0m\u00e1m perfektn\u00fa rodinu.<\/p>\n<figure id=\"attachment_3938\" aria-describedby=\"caption-attachment-3938\" style=\"width: 552px\" class=\"wp-caption aligncenter\"><img loading=\"lazy\" decoding=\"async\" class=\"size-full wp-image-3938\" src=\"http:\/\/skalickyobzor.sk\/cms\/wp-content\/uploads\/2020\/11\/Tatko-6-folklor.jpg\" alt=\"\" width=\"552\" height=\"767\" srcset=\"http:\/\/skalickyobzor.sk\/cms\/wp-content\/uploads\/2020\/11\/Tatko-6-folklor.jpg 552w, http:\/\/skalickyobzor.sk\/cms\/wp-content\/uploads\/2020\/11\/Tatko-6-folklor-216x300.jpg 216w\" sizes=\"auto, (max-width: 552px) 100vw, 552px\" \/><figcaption id=\"caption-attachment-3938\" class=\"wp-caption-text\">Arch\u00edv: Anton Dinka<\/figcaption><\/figure>\n<p><strong>\u010co ste e\u0161te chceli niekedy robi\u0165 a\u00a0nikdy k\u00a0tomu nedo\u0161lo? Chceli by ste by\u0165 e\u0161te nie\u010d\u00edm?<\/strong><br \/>\nOd mali\u010dka ma fascinovali lietadl\u00e1 a\u00a0lietanie. Ako mal\u00fd chlapec som na bicykli chodil na letisko do Hol\u00ed\u010da. Chcel som sa venova\u0165 letectvu ako sk\u00fa\u0161obn\u00fd pilot. Bol som aj prihl\u00e1sen\u00fd na vojensk\u00fa akad\u00e9miu, leteck\u00fa fakultu, ale to mi vtedy z\u00a0politick\u00fdch d\u00f4vodov nevy\u0161lo a\u00a0tak som sa po maturite obr\u00e1til in\u00fdm smerom, ale nebanujem.<\/p>\n<p><strong>Zmenili by ste nie\u010do na svojom \u017eivote, keby ste mali druh\u00fa \u0161ancu?<\/strong><br \/>\nAsi nie. Som spokojn\u00fd s\u00a0t\u00fdm, \u010do mi \u017eivot doprial. Mo\u017eno, \u017ee som sa mohol pok\u00fasi\u0165 o\u00a0amat\u00e9rske lietanie, ale moje z\u00e1ujmy a\u00a0z\u00e1\u013euby mi to vynahradili. Po\u013eovn\u00edctvo, ryb\u00e1rstvo, po\u013eovn\u00edcka kynol\u00f3gia. Viac ako 40 rokov rob\u00edm kynologick\u00e9ho rozhodcu pre v\u00fdkon po\u013eovn\u00edckych psov aj na medzin\u00e1rodnej \u00farovni.<\/p>\n<p><strong>\u010co m\u00e1te st\u00e1le e\u0161te v\u00a0pl\u00e1ne?<\/strong><br \/>\nV\u00a0mojom veku u\u017e nem\u00e1m pl\u00e1ny, ale chcel by som do\u017ei\u0165 tak, aby som nebol nikomu na pr\u00ed\u0165a\u017e. Podarilo sa mi nap\u00edsa\u0165 a\u00a0vyda\u0165 \u0161tyri kni\u017eky o\u00a0\u017eivote v\u00a0Skalici a\u00a0o\u00a0Skali\u010danoch v\u00a0skalickej mestskej re\u010di a\u00a0ak by som mal e\u0161te chu\u0165 a\u00a0zdrav\u00fd rozum, mo\u017eno by som sa pok\u00fasil e\u0161te nie\u010do nap\u00edsa\u0165. Okrem toho ma bav\u00ed vyrez\u00e1va\u0165 do dreva a\u00a0v\u00f4\u0148a dreva mi st\u00e1le chut\u00ed.<\/p>\n<p><strong>Je mo\u017en\u00e9 v\u0161etko, \u010do ste za\u017eili, videli a\u00a0vykonali zhrn\u00fa\u0165 do jedin\u00e9ho odkazu, pou\u010denia, \u010di \u017eivotnej m\u00fadrosti?<\/strong><br \/>\nS \u00fasmevom, pozdravom a \u201eklob\u00fakom pod pazuchou\u201c prejde\u0161 cel\u00fd svet.<\/p>\n<figure id=\"attachment_3940\" aria-describedby=\"caption-attachment-3940\" style=\"width: 521px\" class=\"wp-caption aligncenter\"><img loading=\"lazy\" decoding=\"async\" class=\"size-full wp-image-3940\" src=\"http:\/\/skalickyobzor.sk\/cms\/wp-content\/uploads\/2020\/11\/Tatko-4b-8.jpg\" alt=\"\" width=\"521\" height=\"768\" srcset=\"http:\/\/skalickyobzor.sk\/cms\/wp-content\/uploads\/2020\/11\/Tatko-4b-8.jpg 521w, http:\/\/skalickyobzor.sk\/cms\/wp-content\/uploads\/2020\/11\/Tatko-4b-8-204x300.jpg 204w\" sizes=\"auto, (max-width: 521px) 100vw, 521px\" \/><figcaption id=\"caption-attachment-3940\" class=\"wp-caption-text\">Arch\u00edv: Anton Dinka<\/figcaption><\/figure>\n<h3>TIS\u00cdCE N\u00c1VRATOV DOMOV<\/h3>\n<p><em><strong>Napriek zanepr\u00e1zdnenosti je najv\u00e4\u010d\u0161ou l\u00e1skou Tonka Dinku jeho rodina. Samozrejme, \u017ee sme sa pop\u00fdtali aj na t\u00fato \u010das\u0165 jeho \u017eivota, no ot\u00e1zky u\u017e smerovali aj k\u00a0jeho man\u017eelke Ter\u00e9zie Dinkovej.<\/strong> <\/em><\/p>\n<p><strong>Ako sa d\u00e1 pri to\u013ekej \u010dinnosti venova\u0165 rodine?<\/strong><br \/>\nAD: Rodina bola v\u017edy na prvom mieste. S\u00a0pomocou man\u017eelky som to zvl\u00e1dal v\u0161etko. Okrem z\u00e1\u013eub a\u00a0povinnost\u00ed v\u00a0zamestnan\u00ed sme obr\u00e1bali vinicu, chovali sme dom\u00e1ce zvierat\u00e1 a\u00a0vlastne cel\u00fd \u017eivot sme venovali pr\u00e1ci pre deti a\u00a0teraz aj pre ich rodiny.<br \/>\n<em>TD: Ke\u010f sme spolu chodili, Tonko \u017eil v\u00a0Bratislave a\u00a0ja som sa te\u0161ila na soboty, kedy budeme spolu. Neb\u00fdvalo to moc \u010dasto, lebo on tr\u00e1vil ve\u013ea \u010dasu v\u00a0s\u00faboroch a\u00a0niekedy aj na svadb\u00e1ch ako dru\u017eba. Od septembra 1962 bol ved\u00faci tanca v\u00a0s\u00fabore Skali\u010dan, u\u010dil na z\u00e1kladnej \u0161kole a\u00a0tak som dos\u0165 \u010dasto bola doma sama. Nesk\u00f4r man\u017eel \u0161tudoval dia\u013ekovo na vysok\u00fdch \u0161kol\u00e1ch a\u00a0starostlivos\u0165 o\u00a0deti bola hlavne na mne. Av\u0161ak on mi pom\u00e1hal ako sa dalo a\u00a0bol ve\u013emi pozorn\u00fd a\u00a0pracovit\u00fd, e\u0161te aj vo vinohrade.<\/em><\/p>\n<figure id=\"attachment_3941\" aria-describedby=\"caption-attachment-3941\" style=\"width: 528px\" class=\"wp-caption aligncenter\"><img loading=\"lazy\" decoding=\"async\" class=\"size-full wp-image-3941\" src=\"http:\/\/skalickyobzor.sk\/cms\/wp-content\/uploads\/2020\/11\/Tatko-7-poslanec.jpg\" alt=\"\" width=\"528\" height=\"757\" srcset=\"http:\/\/skalickyobzor.sk\/cms\/wp-content\/uploads\/2020\/11\/Tatko-7-poslanec.jpg 528w, http:\/\/skalickyobzor.sk\/cms\/wp-content\/uploads\/2020\/11\/Tatko-7-poslanec-209x300.jpg 209w\" sizes=\"auto, (max-width: 528px) 100vw, 528px\" \/><figcaption id=\"caption-attachment-3941\" class=\"wp-caption-text\">Arch\u00edv: Anton Dinka<\/figcaption><\/figure>\n<p><strong>Bl\u00ed\u017ei sa v\u00e1m \u010fal\u0161ie spolo\u010dn\u00e9 gu\u013eat\u00e9 v\u00fdro\u010die svadby. Spom\u00ednate na to ako ste sa zozn\u00e1mili?<\/strong><br \/>\nAD: Spoznali sme sa asi 4. septembra 1961, ke\u010f som pri\u0161iel zo z\u00e1kladnej vojenskej slu\u017eby.<br \/>\n<em>TD: Ja som sa narodila a\u00a0aj pre\u017eila detstvo v\u00a0malej dedinke B\u00ed\u0148ovce, 17 km od Trnavy. Stretli sme sa prv\u00fdkr\u00e1t na tane\u010dnom ve\u010dierku v\u00a0hoteli Tatran v\u00a0Skalici. Bola som tam s\u00a0kamar\u00e1tkami z\u00a0nemocnice a\u00a0zo \u0161koly. On pri\u0161iel pre m\u0148a tancova\u0165 a\u00a0po viacer\u00fdch tan\u010dekoch ma vyprevadil do ubytovne a\u00a0dohodli sme si stretnutie. Pozval ma na prv\u00e9 rande v\u00a0nede\u013eu o\u00a0piatej pred nemocnicou a\u00a0ke\u010f sme sa stretli, tak ma nepoznal. Ja som sa mu prihovorila a\u00a0tak to vlastne pred takmer \u0161es\u0165desiatimi rokmi za\u010dalo. Neviem, \u010di som sa za\u013e\u00fabila, ale iste mi bol sympatick\u00fd.<\/em><br \/>\nAD: Man\u017eelia sme od apr\u00edla 1963, teda 57 rokov.<br \/>\n<em>TD: Zosob\u00e1\u0161ili sme sa na M\u00da v\u00a0Skalici a\u00a0v\u00a0lete sme mali sob\u00e1\u0161 v\u00a0kostole na Dobrej Vode, tajne, lebo man\u017eel, ako u\u010dite\u013e, sa nemohol verejne sob\u00e1\u0161i\u0165 v\u00a0kostole.<\/em><br \/>\nAD: Asi sme sa mali radi od za\u010diatku, lebo n\u00e1m to vydr\u017ealo. Aj napriek tomu, \u017ee som bol neust\u00e1le niekde pre\u010d, d\u00f4vera a l\u00e1ska n\u00e1m vydr\u017eala.<\/p>\n<p><strong>Dnes sa ka\u017ed\u00e9 druh\u00e9 man\u017eelstvo rozv\u00e1dza. \u010co by ste poradili mlad\u00fdm man\u017eelstv\u00e1m?<\/strong><br \/>\n<em>TD: Prech\u00e1dza\u0165 \u017eivotom ako v\u00a0ru\u017eovom sade sa d\u00e1 iba v\u00a0rozpr\u00e1vkach. \u017divot je in\u00fd a\u00a0zlo\u017eit\u00fd. Kr\u00edzu v\u00a0man\u017eelstve sme v\u0161ak nikdy nemali, nebol d\u00f4vod. Recept na to nie je. Recepty s\u00fa dobr\u00e9 v\u00a0kuchyni.<\/em><br \/>\nAD: Samozrejme, \u017ee boli aj problematick\u00e9 dni. Nie vo vz\u0165ahu, ale niekedy materi\u00e1lne, existen\u010dn\u00e9. V\u010faka l\u00e1ske a\u00a0porozumeniu sme v\u0161ak nikdy nemali kr\u00edzu. Mnoh\u00e9 p\u00e1ry okolo n\u00e1s sa aj pri mal\u00fdch probl\u00e9moch neudr\u017eali, rozchod, ne\u0161\u0165astie, nepochopenie det\u00ed \u017eivot komplikoval. Mlad\u00ed \u013eudia by sa mali nau\u010di\u0165 vn\u00edma\u0165 toho druh\u00e9ho a\u00a0hlavne si vedie\u0165 aj odpusti\u0165, ke\u010f je treba.<br \/>\n<em>TD: Za dlh\u00e9 roky spolo\u010dn\u00e9ho \u017eivota som nespozorovala tak\u00e9 rozdiely, ktor\u00e9 by n\u00e1s odde\u013eovali. Aj na\u0161e povahy s\u00fa odli\u0161n\u00e9, no ak je vz\u0165ah tolerantn\u00fd, tak to nevad\u00ed. Tonko je vesel\u00fd, optimistick\u00fd, takmer v\u017edy dobre naladen\u00fd. Ja som tich\u0161ia, niekedy si v hlave rie\u0161im svoje probl\u00e9my, navonok ich ned\u00e1vam. Sp\u00e1ja n\u00e1s asi l\u00e1ska, porozumenie a\u00a0trpezlivos\u0165.<\/em><\/p>\n<figure id=\"attachment_3942\" aria-describedby=\"caption-attachment-3942\" style=\"width: 496px\" class=\"wp-caption aligncenter\"><img loading=\"lazy\" decoding=\"async\" class=\"size-full wp-image-3942\" src=\"http:\/\/skalickyobzor.sk\/cms\/wp-content\/uploads\/2020\/11\/1b-rodina.jpg\" alt=\"\" width=\"496\" height=\"571\" srcset=\"http:\/\/skalickyobzor.sk\/cms\/wp-content\/uploads\/2020\/11\/1b-rodina.jpg 496w, http:\/\/skalickyobzor.sk\/cms\/wp-content\/uploads\/2020\/11\/1b-rodina-261x300.jpg 261w\" sizes=\"auto, (max-width: 496px) 100vw, 496px\" \/><figcaption id=\"caption-attachment-3942\" class=\"wp-caption-text\">Arch\u00edv: Anton Dinka<\/figcaption><\/figure>\n<p><strong>Tonku, ste to, \u010domu sa hovor\u00ed verejne zn\u00e1ma a\u00a0\u010dinn\u00e1 osobnos\u0165. Pani Dinkov\u00e1, vy ste akoby v\u00a0pozad\u00ed. Ako zapadaj\u00fa do seba va\u0161e svety?<\/strong><br \/>\nAD: Man\u017eelka cel\u00fd \u017eivot pracovala ako sestra v\u00a0nemocnici, bola aj vrchn\u00e1 sestra a\u00a0in\u0161trument\u00e1rka na o\u010dnom oddelen\u00ed. Bola poctiv\u00e1, pracovit\u00e1 a\u00a0v\u00a0rodine nezastupite\u013en\u00e1. Nemala potrebu sa verejne anga\u017eova\u0165 a\u00a0sk\u00f4r podporovala m\u0148a.<br \/>\n<em>TD: To sa iba zd\u00e1, \u017ee som dom\u00e1ci typ, lebo sa neanga\u017eujem na verejnosti, ale m\u00e1m rada spolo\u010dnos\u0165, rada si zaspievam a\u00a0s\u00a0priate\u013emi posed\u00edm. Kedysi d\u00e1vno som tancovala v\u00a0s\u00fabore Skali\u010dan, teraz nevystupujem na verejnosti, ale rada chod\u00edm s\u00a0man\u017eelom na podujatia. Man\u017eel je zase tak spolo\u010densk\u00fd typ, \u017ee v\u0161ade, kde pr\u00edde je ako doma. Spolu sme zohrali jednu rolu na cel\u00fd \u017eivot, a\u00a0to je starostlivos\u0165 o\u00a0deti, vn\u00fa\u010dat\u00e1 a\u00a0rodinu. To bolo v\u017edy pre m\u0148a na prvom mieste. <\/em><\/p>\n<p><strong>Ak\u00e9 je Tonkove ob\u013e\u00faben\u00e9 jedlo?<\/strong><br \/>\n<em>TD: Od jeho maminky je nau\u010den\u00fd jes\u0165 v\u0161etko. Mne pochv\u00e1li v\u017edy, \u010do mu navar\u00edm, ale ve\u013emi miluje plnen\u00fa papriku s\u00a0paradajkovou om\u00e1\u010dkou a\u00a0varen\u00fa ry\u017eu v\u00a0mlieku posypan\u00fa kakaom.<\/em><br \/>\nAD: E\u0161te sa mi nestalo, aby som jej jedlo nepochv\u00e1lil a\u00a0je, teda pravda, \u017ee skuto\u010dne m\u00e1m r\u00e1d paradajkov\u00fa polievku, plnen\u00fa papriku. Man\u017eelka je v\u00fdborn\u00e1 kuch\u00e1rka, ve\u013ea sa nau\u010dila od mojej mamy, a\u00a0tak som sa nemusel u\u010di\u0165 na in\u00e9 jedl\u00e1.<\/p>\n<figure id=\"attachment_3943\" aria-describedby=\"caption-attachment-3943\" style=\"width: 655px\" class=\"wp-caption aligncenter\"><img loading=\"lazy\" decoding=\"async\" class=\"size-full wp-image-3943\" src=\"http:\/\/skalickyobzor.sk\/cms\/wp-content\/uploads\/2020\/11\/1a-rodina.jpg\" alt=\"\" width=\"655\" height=\"777\" srcset=\"http:\/\/skalickyobzor.sk\/cms\/wp-content\/uploads\/2020\/11\/1a-rodina.jpg 655w, http:\/\/skalickyobzor.sk\/cms\/wp-content\/uploads\/2020\/11\/1a-rodina-253x300.jpg 253w\" sizes=\"auto, (max-width: 655px) 100vw, 655px\" \/><figcaption id=\"caption-attachment-3943\" class=\"wp-caption-text\">Anton Dinka s\u00a0rodinou, z\u013eava: syn Anton, man\u017eelka Ter\u00e9zia, A. Dinka, dc\u00e9ra Bibiana<br \/>Arch\u00edv: Anton Dinka<\/figcaption><\/figure>\n<p><strong>Je nie\u010do, \u010d\u00edm dok\u00e1\u017eete man\u017eelke v\u017edy urobi\u0165 rados\u0165?<\/strong><br \/>\nAD: Ka\u017ed\u00e9 r\u00e1no ju pozdrav\u00edm, pohlad\u00edm a rados\u0165 m\u00e1me na stole. Som presved\u010den\u00fd o tom, \u017ee si dok\u00e1\u017eeme aj s mali\u010dkos\u0165ami vo vz\u0165ahu urobi\u0165 rados\u0165, ak s\u00fa v prav\u00fa chv\u00ed\u013eu a \u00faprimne.<\/p>\n<p><strong>\u010co m\u00e1te na sebe navz\u00e1jom radi a\u00a0za \u010do si jeden druh\u00e9ho v\u00e1\u017eite?<\/strong><br \/>\nAD: Man\u017eelku som si v\u017edy v\u00e1\u017eil. Jej z\u00e1sadov\u00fd pr\u00edstup k\u00a0\u017eivotu, k\u00a0rodine, nikdy som nezbadal, \u017ee by ona vo svojej l\u00e1ske ku mne zapochybovala.<br \/>\n<em>TD: On ma m\u00e1 r\u00e1d asi cel\u00fa, av\u0161ak je r\u00e1d, ke\u010f je upratan\u00e9, uvaren\u00e9, oprane, v\u0161ade \u010disto a\u00a0to sa mu sna\u017e\u00edm splni\u0165. M\u00e1m ho ve\u013emi rada. Je to pozorn\u00fd, oh\u013eadupln\u00fd, starostliv\u00fd mu\u017e a\u00a0nad nikoho sa nepovy\u0161uje.<\/em><\/p>\n<p><strong>Ak\u00e9 s\u00fa va\u0161e spolo\u010dn\u00e9 ob\u013e\u00faben\u00e9 \u010dinnosti?<\/strong><br \/>\nAD: Vych\u00e1dzky do pr\u00edrody, po\u013eovn\u00edctvo, l\u00e1ska k\u00a0zvierat\u00e1m a\u00a0hlavne k\u00a0ps\u00edkom.<br \/>\n<em>TD: Ve\u013emi rada chod\u00edm s\u00a0Tonkom na po\u013eovn\u00edcke a\u00a0kynologick\u00e9 akcie.<\/em><\/p>\n<figure id=\"attachment_3944\" aria-describedby=\"caption-attachment-3944\" style=\"width: 1040px\" class=\"wp-caption aligncenter\"><img loading=\"lazy\" decoding=\"async\" class=\"size-full wp-image-3944\" src=\"http:\/\/skalickyobzor.sk\/cms\/wp-content\/uploads\/2020\/11\/Tatko-4a.jpg\" alt=\"\" width=\"1040\" height=\"737\" srcset=\"http:\/\/skalickyobzor.sk\/cms\/wp-content\/uploads\/2020\/11\/Tatko-4a.jpg 1040w, http:\/\/skalickyobzor.sk\/cms\/wp-content\/uploads\/2020\/11\/Tatko-4a-300x213.jpg 300w, http:\/\/skalickyobzor.sk\/cms\/wp-content\/uploads\/2020\/11\/Tatko-4a-1024x726.jpg 1024w, http:\/\/skalickyobzor.sk\/cms\/wp-content\/uploads\/2020\/11\/Tatko-4a-768x544.jpg 768w\" sizes=\"auto, (max-width: 1040px) 100vw, 1040px\" \/><figcaption id=\"caption-attachment-3944\" class=\"wp-caption-text\">Arch\u00edv: Anton Dinka<\/figcaption><\/figure>\n<p><strong>Ako sa pozer\u00e1te na in\u0161tit\u00faciu man\u017eelstva a\u00a0jej d\u00f4le\u017eitos\u0165?<\/strong><br \/>\nAD: D\u00e1 sa mo\u017eno \u017ei\u0165 aj bez man\u017eelstva, ale to je u\u017e modernej\u0161\u00ed pr\u00edstup k\u00a0\u017eivotu, ja to neuzn\u00e1vam. Man\u017eelstvo je z\u00e1klad rodiny a\u00a0\u0161t\u00e1tu a\u00a0to nie je fr\u00e1za, to je fakt. Pre m\u0148a je man\u017eelstvo mu\u017ea a\u00a0\u017eeny kr\u00e1sny v\u00fddobytok civilizovanej spolo\u010dnosti.<br \/>\n<em>TD: Man\u017eelsk\u00fd \u017eivot je celo\u017eivotn\u00e1 sk\u00fa\u0161ka vz\u0165ahu, l\u00e1sky, tolerancie a\u00a0re\u0161pektovania jeden druh\u00e9ho. P\u00e4\u0165desiatsedem rokov nie je a\u017e tak ve\u013ea. Mysl\u00edm si, \u017ee ak je \u010dlovek zdrav\u00fd, tak sa to d\u00e1 dosiahnu\u0165.<\/em><\/p>\n<p><strong>\u010eakujeme v\u00e1m obom za rozhovor a\u00a0\u00faprimn\u00e9 otvorenie svojej du\u0161e. Prajeme v\u00e1m obom ve\u013ea zdravia a\u00a0V\u00e1m, Tonku, e\u0161te st\u00e1le mnoho pr\u00edle\u017eitost\u00ed pote\u0161i\u0165 nielen spoluob\u010danov v\u00a0Skalici.<\/strong><\/p>\n<p><em>\u017delm\u00edra Mach\u00e1\u010dkov\u00e1<\/em><br \/>\n<em>a\u00a0redakcia<\/em><\/p>\n","protected":false},"excerpt":{"rendered":"<div class=\"mh-excerpt\"><p>30. apr\u00edla tohto roku, presne v\u00a0de\u0148 jeho jubilea, sa mala kona\u0165 v\u00a0skalickom kult\u00farnom dome ve\u013ek\u00e1 sl\u00e1va. Kv\u00f4li pand\u00e9mii bola odlo\u017een\u00e1 na 15. november, no pravdepodobne kv\u00f4li druhej vlne nebude plati\u0165 ani tento term\u00edn. Raz v\u0161ak <a class=\"mh-excerpt-more\" href=\"http:\/\/skalickyobzor.sk\/cms\/tonek-dinka-to-zaokruhlil-na-80\/\" title=\"Tonek Dinka to zaokr\u00fahlil na 80\">[&#8230;]<\/a><\/p>\n<\/div>","protected":false},"author":1,"featured_media":3937,"comment_status":"closed","ping_status":"closed","sticky":false,"template":"","format":"standard","meta":{"footnotes":""},"categories":[10],"tags":[],"class_list":{"0":"post-3934","1":"post","2":"type-post","3":"status-publish","4":"format-standard","5":"has-post-thumbnail","7":"category-zaujalo-nas"},"_links":{"self":[{"href":"http:\/\/skalickyobzor.sk\/cms\/wp-json\/wp\/v2\/posts\/3934","targetHints":{"allow":["GET"]}}],"collection":[{"href":"http:\/\/skalickyobzor.sk\/cms\/wp-json\/wp\/v2\/posts"}],"about":[{"href":"http:\/\/skalickyobzor.sk\/cms\/wp-json\/wp\/v2\/types\/post"}],"author":[{"embeddable":true,"href":"http:\/\/skalickyobzor.sk\/cms\/wp-json\/wp\/v2\/users\/1"}],"replies":[{"embeddable":true,"href":"http:\/\/skalickyobzor.sk\/cms\/wp-json\/wp\/v2\/comments?post=3934"}],"version-history":[{"count":4,"href":"http:\/\/skalickyobzor.sk\/cms\/wp-json\/wp\/v2\/posts\/3934\/revisions"}],"predecessor-version":[{"id":3945,"href":"http:\/\/skalickyobzor.sk\/cms\/wp-json\/wp\/v2\/posts\/3934\/revisions\/3945"}],"wp:featuredmedia":[{"embeddable":true,"href":"http:\/\/skalickyobzor.sk\/cms\/wp-json\/wp\/v2\/media\/3937"}],"wp:attachment":[{"href":"http:\/\/skalickyobzor.sk\/cms\/wp-json\/wp\/v2\/media?parent=3934"}],"wp:term":[{"taxonomy":"category","embeddable":true,"href":"http:\/\/skalickyobzor.sk\/cms\/wp-json\/wp\/v2\/categories?post=3934"},{"taxonomy":"post_tag","embeddable":true,"href":"http:\/\/skalickyobzor.sk\/cms\/wp-json\/wp\/v2\/tags?post=3934"}],"curies":[{"name":"wp","href":"https:\/\/api.w.org\/{rel}","templated":true}]}}