{"id":3946,"date":"2020-11-03T17:09:43","date_gmt":"2020-11-03T16:09:43","guid":{"rendered":"http:\/\/skalickyobzor.sk\/cms\/?p=3946"},"modified":"2020-11-03T17:32:02","modified_gmt":"2020-11-03T16:32:02","slug":"energia-lasky","status":"publish","type":"post","link":"http:\/\/skalickyobzor.sk\/cms\/energia-lasky\/","title":{"rendered":"Energia l\u00e1sky"},"content":{"rendered":"<p>Mus\u00edme sa u\u010di\u0165 myslie\u0165 in\u00fdm sp\u00f4sobom! U\u017e dlho poci\u0165ujeme, \u017ee cel\u00fd n\u00e1\u0161 \u013eudsk\u00fd priestor sa st\u00e1va st\u00e1le akoby hustej\u0161\u00ed, nabit\u00fd, ned\u00fdchate\u013en\u00fd. A to v rovnakej miere priestor fyzik\u00e1lny \u2013 aj du\u0161evn\u00fd. Akoby sme naplnili ist\u00fa hranicu a\u017e po okraj. A tlak st\u00e1le st\u00fapa, no rie\u0161enie na jeho uvo\u013enenie nenach\u00e1dzame. \u010cak\u00e1 n\u00e1s nevyhnutnos\u0165 prekro\u010di\u0165 hranicu n\u00e1\u0161ho doteraj\u0161ieho ch\u00e1pania sveta. \u201e<em>Jestvuje len jeden probl\u00e9m<\/em>\u201c \u2013 nap\u00edsal Antoine de Saint-Exup\u00e9ry: \u201e<em>Objavi\u0165 nanovo jestvovanie duchovn\u00e9ho \u017eivota, ktor\u00fd je \u010d\u00edmsi v\u00e4\u010d\u0161\u00ed ne\u017e inteligencia, a\u00a0len tento duchovn\u00fd \u017eivot je schopn\u00fd uspokoji\u0165 \u010dloveka.<\/em>\u201c<\/p>\n<p>\u010ci\u017ee, myslie\u0165 inak. Len\u017ee nielen myslie\u0165, ale aj c\u00edti\u0165. U\u017e sme si takmer na dno vy\u010derpali energetick\u00e9 zdroje v pr\u00edrode, av\u0161ak a\u017e smrte\u013ene hrie\u0161ne zanedb\u00e1vame energetick\u00fd zdroj v n\u00e1s. Ide o zdroj, ktor\u00fd sa m\u00f4\u017ee sta\u0165 rozhoduj\u00facim \u010dinite\u013eom pri rie\u0161en\u00ed uvo\u013enenia a\u017e neznesite\u013en\u00e9ho tlaku, vyvol\u00e1vaj\u00faceho bezn\u00e1dej a strach. Teilhard de Chardin vyslovil zauj\u00edmav\u00fa my\u0161lienku: \u201e<em>Ke\u010f raz budeme ovl\u00e1da\u0165 vetern\u00e9 \u017eivly, vlny a\u00a0pr\u00fady a\u00a0silu \u0165a\u017ekost\u00ed, potom skrot\u00edme aj energiu l\u00e1sky, potom \u010dlovek druh\u00fd raz v\u00a0hist\u00f3rii objav\u00ed ohe\u0148.<\/em>\u201c<\/p>\n<p>Teda, energia l\u00e1sky by sa mala sta\u0165 energiou bud\u00facnosti. \u0147ou skuto\u010dne \u010dlovek objav\u00ed ohe\u0148 \u2013 tento raz ohe\u0148 duchovn\u00fd. Len\u017ee, aj skroteniu tejto energie sa mus\u00edme nau\u010di\u0165. Franc\u00fazsky kres\u0165ansk\u00fd myslite\u013e Fran\u00e7ois Mauriac upozor\u0148uje: \u201e<em>Aby sme mohli zv\u00ed\u0165azi\u0165 nad vrtkavos\u0165ou \u013eud\u00ed, nad ich chybami a\u00a0najm\u00e4 nad ich hl\u00fapos\u0165ou, je potrebn\u00e9 pochopi\u0165 tajomstvo l\u00e1sky, ktor\u00e9 dne\u0161n\u00fd svet nepozn\u00e1. Pokia\u013e ho nen\u00e1jdeme, zbyto\u010dne sa budeme usilova\u0165 zmeni\u0165 \u013eudsk\u00e9 osudy.<\/em>\u201c<\/p>\n<p>L\u00e1ska je prejav prebudenia na\u0161ej vn\u00fatornej energie ako s\u00fa\u010dasti univerz\u00e1lnej energie \u2013 Boha. Boh je v\u0161etko obj\u00edmaj\u00faca a\u00a0prenikaj\u00faca l\u00e1ska. A\u00a0n\u00e1s \u010dak\u00e1 nau\u010di\u0165 sa ju vedome prij\u00edma\u0165 a\u00a0potom pretransportova\u0165 do svojho okolia \u2013 do \u013eud\u00ed, do cel\u00e9ho tvorstva, do pr\u00edrody. Mus\u00edme sa nau\u010di\u0165 prosi\u0165 ako sv\u00e4t\u00e1 Terezka Je\u017ei\u0161kova: \u201e<em>Nekone\u010dn\u00fd Bo\u017ee, nau\u010d ma povolaniu l\u00e1sky! Moje<\/em><br \/>\n<em>my\u0161lienky, moje modlitby, moje utrpenie, moja pokora a\u00a0sebazapieranie nech je l\u00e1skou, cel\u00fd m\u00f4j \u017eivot nech je l\u00e1skou! M\u00f4j Bo\u017ee, preme\u0148 ma cel\u00fa v\u00a0l\u00e1sku!<\/em>\u201c<\/p>\n<p>\u00c1no, mus\u00edme t\u00fa\u017ei\u0165 zmeni\u0165 cel\u00fa kvalitu svojho \u201eja\u201c na univerz\u00e1lnu kvalitu l\u00e1sky. \u201c<em>T\u00ed, ktor\u00ed \u017eij\u00fa l\u00e1skou, vidia v\u0161etko v\u00a0inom svetle.<\/em>\u201c (Lothar Zenetti) K\u00a0tomuto \u201ein\u00e9mu svetlu\u201c mus\u00edme vykro\u010di\u0165 cez hranice egoizmu za z\u00e1chranou.<\/p>\n","protected":false},"excerpt":{"rendered":"<div class=\"mh-excerpt\"><p>Mus\u00edme sa u\u010di\u0165 myslie\u0165 in\u00fdm sp\u00f4sobom! U\u017e dlho poci\u0165ujeme, \u017ee cel\u00fd n\u00e1\u0161 \u013eudsk\u00fd priestor sa st\u00e1va st\u00e1le akoby hustej\u0161\u00ed, nabit\u00fd, ned\u00fdchate\u013en\u00fd. A to v rovnakej miere priestor fyzik\u00e1lny \u2013 aj du\u0161evn\u00fd. Akoby sme naplnili ist\u00fa <a class=\"mh-excerpt-more\" href=\"http:\/\/skalickyobzor.sk\/cms\/energia-lasky\/\" title=\"Energia l\u00e1sky\">[&#8230;]<\/a><\/p>\n<\/div>","protected":false},"author":10,"featured_media":916,"comment_status":"closed","ping_status":"closed","sticky":false,"template":"","format":"standard","meta":{"footnotes":""},"categories":[8],"tags":[],"class_list":{"0":"post-3946","1":"post","2":"type-post","3":"status-publish","4":"format-standard","5":"has-post-thumbnail","7":"category-obzor-seniorov"},"_links":{"self":[{"href":"http:\/\/skalickyobzor.sk\/cms\/wp-json\/wp\/v2\/posts\/3946","targetHints":{"allow":["GET"]}}],"collection":[{"href":"http:\/\/skalickyobzor.sk\/cms\/wp-json\/wp\/v2\/posts"}],"about":[{"href":"http:\/\/skalickyobzor.sk\/cms\/wp-json\/wp\/v2\/types\/post"}],"author":[{"embeddable":true,"href":"http:\/\/skalickyobzor.sk\/cms\/wp-json\/wp\/v2\/users\/10"}],"replies":[{"embeddable":true,"href":"http:\/\/skalickyobzor.sk\/cms\/wp-json\/wp\/v2\/comments?post=3946"}],"version-history":[{"count":1,"href":"http:\/\/skalickyobzor.sk\/cms\/wp-json\/wp\/v2\/posts\/3946\/revisions"}],"predecessor-version":[{"id":3947,"href":"http:\/\/skalickyobzor.sk\/cms\/wp-json\/wp\/v2\/posts\/3946\/revisions\/3947"}],"wp:featuredmedia":[{"embeddable":true,"href":"http:\/\/skalickyobzor.sk\/cms\/wp-json\/wp\/v2\/media\/916"}],"wp:attachment":[{"href":"http:\/\/skalickyobzor.sk\/cms\/wp-json\/wp\/v2\/media?parent=3946"}],"wp:term":[{"taxonomy":"category","embeddable":true,"href":"http:\/\/skalickyobzor.sk\/cms\/wp-json\/wp\/v2\/categories?post=3946"},{"taxonomy":"post_tag","embeddable":true,"href":"http:\/\/skalickyobzor.sk\/cms\/wp-json\/wp\/v2\/tags?post=3946"}],"curies":[{"name":"wp","href":"https:\/\/api.w.org\/{rel}","templated":true}]}}