{"id":3995,"date":"2020-11-04T18:14:19","date_gmt":"2020-11-04T17:14:19","guid":{"rendered":"http:\/\/skalickyobzor.sk\/cms\/?p=3995"},"modified":"2020-11-04T18:14:19","modified_gmt":"2020-11-04T17:14:19","slug":"pjekne-dekuju","status":"publish","type":"post","link":"http:\/\/skalickyobzor.sk\/cms\/pjekne-dekuju\/","title":{"rendered":"Pjek\u0148e \u010fekuju"},"content":{"rendered":"<p>Skalica je pjekn\u00e9 mjesto, Skalica je Kr\u00e1lovsk\u00e9 mjesto a Skalica je aj moje mjesto, f ker\u00e9m sem teho hod\u0148e za\u017eil, \u010dul a vi\u010fel. Mnoh\u00e9 z teho sem v\u00e1m na temto m\u00eds\u0165e povikl\u00e1dal.<\/p>\n<p>Skalick\u00e9mu Obzoru sa chcu po\u010fekovat za to, \u017ee sem sa mohel z\u00a0moj\u00edma z\u00e1\u017eitkama po\u010felit s\u00a0vama, jeho \u010ditatelama. R\u00e1t sem tak trochu o\u017eivil skalick\u00fa mjestsk\u00fa re\u010d a\u00a0mohel sem pospom\u00ednat na to, co bilo a\u00a0u\u0161 ne\u0148i. R\u00e1t bi sem poprosil Skali\u010dan\u00fa, abi prevzali t\u00fato \u0161tafetu, abi spom\u00ednali a\u00a0p\u00edsali, nech zostane Skalick\u00fd Obzor na\u0161\u00fa \u0161perkov\u0148ic\u00fa pro dal\u0161\u00ed gener\u00e1cie.<\/p>\n<p><em>Miloslav Tom\u0161ej, st.<\/em><br \/>\n<em>P. S.: Komu sa moje pr\u00edspjevki dobre \u010d\u00edtali, tak su r\u00e1t a\u00a0komu sa nel\u00fabili, nech mi je otpus\u0165en\u00e9.<\/em><\/p>\n<p>&nbsp;<\/p>\n<h4>AJ MI PJEK\u0147E \u010eEKUJEME<\/h4>\n<p>P\u00edsat ka\u017ed\u00ed mjes\u00edc pravidel\u0148e a\u00a0pod tlakem term\u00ednu ne\u0148i \u0148ic lachk\u00e9ho, sama o\u00a0tem neco dobre v\u00edm. T\u00e9\u0161 otevr\u00edt sa a\u00a0po\u010felit sa ze svoj\u00edma z\u00e1\u017eitkama, \u010di mi\u0161lenkama s\u00a0verejnos\u0165\u00fa, teda, s\u00a0cuz\u00edma \u013eu\u010fma, o\u00a0tem t\u00e9\u0161 neco v\u00edm. \u0160ecko je o\u00a0to \u0165a\u0161\u0161\u00ed, ket \u010dlovjek ne\u0148i profesion\u00e1l, ale len tak\u00ed p\u00edsac\u00ed lajk, jak\u00e1 je n\u00e1s vje\u010dina co do Obzoru prisp\u00edv\u00e1me.<\/p>\n<p>Proto bi sem r\u00e1da srde\u010d\u0148e po\u010fekovala Milanovi Tom\u0161ejovi za jeho mil\u00e9 pr\u00edspevki, ker\u00e9, vjer\u00edm, \u017ee n\u00e9 len m\u0148a, ale aj n\u00e1s \u0161eck\u00fdch, pravidel\u0148e pren\u00e9sli do vlas\u0148\u00edch pjekn\u00edch spom\u00ednek. D\u00faf\u00e1m, \u017ee nejde \u00fapl\u0148e do p\u00edsac\u00edho d\u00fachodku a ob\u010das sa s nama e\u0161\u0165e o neco zaj\u00edmav\u00e9ho po\u010fel\u00ed. \u010eekuju mu za na\u0161u redakciu a dovol\u00edm si po\u010fekovat aj za v\u00e1s \u010ditatel\u00fa.<\/p>\n<p>\u0164e\u0161\u00edm sa na dal\u0161\u00ed pr\u00edspjevki n\u00e9 enom od Milana, ale aj ot dal\u0161\u00edch ob\u010dan\u00fa na\u0161eho mjesta. Jak je vi\u010fet, nem\u00e1te sa \u010deho b\u00e1t, na\u0161a redakcia s\u00a0odborn\u00edkama \u0161eck\u00edm r\u00e1da pomo\u017ee a\u00a0\u010ditatel\u00e9 u\u017e zvjedavo \u010dekaj\u00fa.<\/p>\n<p><em>\u017delm\u00edra Mach\u00e1\u010dkov\u00e1<\/em><\/p>\n","protected":false},"excerpt":{"rendered":"<div class=\"mh-excerpt\"><p>Skalica je pjekn\u00e9 mjesto, Skalica je Kr\u00e1lovsk\u00e9 mjesto a Skalica je aj moje mjesto, f ker\u00e9m sem teho hod\u0148e za\u017eil, \u010dul a vi\u010fel. Mnoh\u00e9 z teho sem v\u00e1m na temto m\u00eds\u0165e povikl\u00e1dal. Skalick\u00e9mu Obzoru sa <a class=\"mh-excerpt-more\" href=\"http:\/\/skalickyobzor.sk\/cms\/pjekne-dekuju\/\" title=\"Pjek\u0148e \u010fekuju\">[&#8230;]<\/a><\/p>\n<\/div>","protected":false},"author":2,"featured_media":17,"comment_status":"closed","ping_status":"closed","sticky":false,"template":"","format":"standard","meta":{"footnotes":""},"categories":[4],"tags":[],"class_list":{"0":"post-3995","1":"post","2":"type-post","3":"status-publish","4":"format-standard","5":"has-post-thumbnail","7":"category-ja-su-ze-skalice"},"_links":{"self":[{"href":"http:\/\/skalickyobzor.sk\/cms\/wp-json\/wp\/v2\/posts\/3995","targetHints":{"allow":["GET"]}}],"collection":[{"href":"http:\/\/skalickyobzor.sk\/cms\/wp-json\/wp\/v2\/posts"}],"about":[{"href":"http:\/\/skalickyobzor.sk\/cms\/wp-json\/wp\/v2\/types\/post"}],"author":[{"embeddable":true,"href":"http:\/\/skalickyobzor.sk\/cms\/wp-json\/wp\/v2\/users\/2"}],"replies":[{"embeddable":true,"href":"http:\/\/skalickyobzor.sk\/cms\/wp-json\/wp\/v2\/comments?post=3995"}],"version-history":[{"count":1,"href":"http:\/\/skalickyobzor.sk\/cms\/wp-json\/wp\/v2\/posts\/3995\/revisions"}],"predecessor-version":[{"id":3996,"href":"http:\/\/skalickyobzor.sk\/cms\/wp-json\/wp\/v2\/posts\/3995\/revisions\/3996"}],"wp:featuredmedia":[{"embeddable":true,"href":"http:\/\/skalickyobzor.sk\/cms\/wp-json\/wp\/v2\/media\/17"}],"wp:attachment":[{"href":"http:\/\/skalickyobzor.sk\/cms\/wp-json\/wp\/v2\/media?parent=3995"}],"wp:term":[{"taxonomy":"category","embeddable":true,"href":"http:\/\/skalickyobzor.sk\/cms\/wp-json\/wp\/v2\/categories?post=3995"},{"taxonomy":"post_tag","embeddable":true,"href":"http:\/\/skalickyobzor.sk\/cms\/wp-json\/wp\/v2\/tags?post=3995"}],"curies":[{"name":"wp","href":"https:\/\/api.w.org\/{rel}","templated":true}]}}