{"id":401,"date":"2018-01-12T11:23:04","date_gmt":"2018-01-12T10:23:04","guid":{"rendered":"http:\/\/skalickyobzor.sk\/cms\/?p=401"},"modified":"2018-01-12T11:23:04","modified_gmt":"2018-01-12T10:23:04","slug":"ako-sa-ozivuje-minulost","status":"publish","type":"post","link":"http:\/\/skalickyobzor.sk\/cms\/ako-sa-ozivuje-minulost\/","title":{"rendered":"Ako sa o\u017eivuje minulos\u0165"},"content":{"rendered":"<p><strong>Reminiscencie po latinsky znamenaj\u00fa d\u00e1vne spomienky. Je to z\u00e1rove\u0148 aj n\u00e1zov na Slovensku ojedinel\u00e9ho s\u00faboru, ktor\u00fd navy\u0161e p\u00f4sob\u00ed v\u00a0 Skalici. Venuje sa baroku a\u00a0 mot\u00edvom z\u00a0 tridsiatych rokov minul\u00e9ho storo\u010dia, pri\u010dom aktu\u00e1lne si pripom\u00edna u\u017e p\u00e4tn\u00e1s\u0165 rokov od zalo\u017eenia. Porozpr\u00e1vali sme sa s\u00a0Radovanom Timkom, zakladate\u013eom tohto s\u00faboru historick\u00e9ho tanca a\u00a0hudby.<\/strong><\/p>\n<h4>Skalica je mal\u00e9 mesto, no r\u00f4znych kult\u00farnych zoskupen\u00ed je tu pomerne dos\u0165. Ako vznikli Reminiscencie?<\/h4>\n<p>V roku 2000 a\u00a02001 sme s\u00a0kolegom, dnes u\u017e neboh\u00fdm \u0160tefanom Filick\u00fdm, viedli nieko\u013eko nekone\u010dn\u00fdch deb\u00e1t na t\u00e9mu starod\u00e1vnej\u00a0 \u2013\u00a0 v\u00e1\u017enej hudby. Vych\u00e1dzali sme z\u00a0 reperto\u00e1ru sl\u00e1\u010dikov\u00e9ho kvarteta, ktor\u00e9 v\u00a0 Skalici sporadicky p\u00f4sobilo u\u017e viac ako desa\u0165 rokov pri ZU\u0160. Spolo\u010dn\u00e9 hudobno-tane\u010dn\u00e9 teleso vzniklo tak, \u017ee sme sa so \u0160tevom rozhodli, \u017ee ak on d\u00e1 dohromady tane\u010dn\u00fa hudbu, ja vytvor\u00edm tane\u010dn\u00fd s\u00fabor. D\u00f4le\u017eit\u00fd bol hudobn\u00fd materi\u00e1l a\u00a0 tane\u010dn\u00fd, choreologick\u00fd podklad a\u00a0samozrejme v\u00fdber&#8230;<\/p>\n<h4>\u010co v\u00e1s viedlo k takejto nev\u0161ednej t\u00e9me?<\/h4>\n<p>Od mala m\u00e1m r\u00e1d sfilmovan\u00e9 rozpr\u00e1vky a\u00a0 v\u00f4bec hist\u00f3riu, a\u00a0 mo\u017eno preto som doteraj\u0161\u00ed \u017eivot pretancoval v\u00a0 s\u00faboroch, ktor\u00e9 sa etnofondu venuj\u00fa. No a\u00a0 \u0160tevo ako hr\u00e1\u010d v\u00a0 sl\u00e1\u010dikovom kvartete mal k\u00a0 tejto t\u00e9me ve\u013emi bl\u00edzko. Boli sme jednoducho nadchnut\u00ed my\u0161lienkou sk\u00fasi\u0165 urobi\u0165 program a o\u017eivi\u0165 d\u00e1vno zabudnut\u00e9 tance a\u00a0hudbu.<\/p>\n<h4>Ak\u00e9 boli za\u010diatky, prv\u00e9 predstavenie?<\/h4>\n<p>V roku 2002 sme spolo\u010dne poskladali na\u0161e predstavy do komorn\u00e9ho hudobno-tane\u010dn\u00e9ho programu pod n\u00e1zvom Reminiscencie. Prv\u00e9 predstavenie programu bolo v\u00a0 Kokave nad Rimavicou na festivale Koliesko 2002 v\u00a0 miestnej synag\u00f3ge. Program bol vy\u00fasten\u00edm teoretickej pr\u00edpravy do praktickej podoby. Tancovali vtedy e\u0161te \u010dlenovia FS Skali\u010dan a\u00a0hralo Skalick\u00e9 kvarteto. Predstavenie sa stretlo s\u00a0 ve\u013ek\u00fdm \u00faspechom. Prizn\u00e1vam sa, \u017ee sme to vtedy v\u00f4bec ne\u010dakali. Publikum bolo jednoducho nad\u0161en\u00e9.<\/p>\n<figure id=\"attachment_341\" aria-describedby=\"caption-attachment-341\" style=\"width: 355px\" class=\"wp-caption aligncenter\"><img loading=\"lazy\" decoding=\"async\" class=\"size-full wp-image-341\" src=\"http:\/\/skalickyobzor.sk\/cms\/wp-content\/uploads\/2018\/01\/obzor_1_2018_korek5-065.jpg\" alt=\"\" width=\"355\" height=\"563\" srcset=\"http:\/\/skalickyobzor.sk\/cms\/wp-content\/uploads\/2018\/01\/obzor_1_2018_korek5-065.jpg 355w, http:\/\/skalickyobzor.sk\/cms\/wp-content\/uploads\/2018\/01\/obzor_1_2018_korek5-065-189x300.jpg 189w\" sizes=\"auto, (max-width: 355px) 100vw, 355px\" \/><figcaption id=\"caption-attachment-341\" class=\"wp-caption-text\">Foto: Eduard Timko<\/figcaption><\/figure>\n<h4>Ktor\u00fd bol prv\u00fd tanec, \u010do ste pre program urobili?<\/h4>\n<p>Prv\u00fd bol MENUETTO na hudbu J.\u00a0Haydna a\u00a0postupne sme sk\u00fasili roz\u0161irova\u0165 reperto\u00e1r o\u00a0star\u00e9 dvorn\u00e9 spolo\u010densk\u00e9 tance, ako s\u00fa br\u00e1nle a\u00a0kontratance. Probl\u00e9m bol s\u00a0 kost\u00fdmami, ktor\u00e9 sme mali nakoniec zapo\u017ei\u010dan\u00e9 z\u00a0 DAB Nitra. Nebolo jednoduch\u00e9 obliec\u0165 v\u0161etk\u00fdch \u00fa\u010dinkuj\u00facich. Ako odborn\u00ed konzultanti n\u00e1m pomohli J\u00e1n Blaho (m\u00f4j profesor z\u00a0V\u0160) a Marcela Grecmanov\u00e1 (V\u0160M\u00da Bratislava).<\/p>\n<h4>Mali ste program. \u010co bolo potom?<\/h4>\n<p>Mali sme teda na svete my\u0161lienku, \u013eud\u00ed a\u00a0 hlavne chu\u0165 nie\u010do tak vz\u00e1cne pestova\u0165. Nemali sme v\u0161ak vlastn\u00e9 kost\u00fdmy, a\u00a0tak sme za\u010dali prem\u00fd\u0161\u013ea\u0165, ako sa k\u00a0 nim dopracova\u0165. V\u00a0 roku 2003 sme zalo\u017eili Ob\u010dianske zdru\u017eenie\u00a0\u2013\u00a0Reminiscencie a\u00a0n\u00e1zov p\u00f4vodn\u00e9ho programu sa stal n\u00e1zvom n\u00e1\u0161ho novozalo\u017een\u00e9ho s\u00faboru. Bolo treba nejako zofici\u00e1lni\u0165 n\u00e1\u0161 kolekt\u00edv a\u00a0vo\u013eba OZ sa n\u00e1m zdala asi najschodnej\u0161ia pre amat\u00e9rsky s\u00fabor. H\u013eadali sme finan\u010dn\u00e9 zdroje na kost\u00fdmov\u00e9 vybavenie, priestor na potrebn\u00e9 nacvi\u010dovanie at\u010f. Postupne sme roz\u0161irovali program a\u00a0 person\u00e1l a\u00a0 po po\u010diato\u010dn\u00fdch finan\u010dn\u00fdch probl\u00e9moch sme pre\u017eili kr\u00e1snych 15 rokov v\u00a0 tvorivej atmosf\u00e9re medzi priate\u013emi.<\/p>\n<h4>Beriete dnes s\u00fabor ako pr\u00e1cu alebo odpo\u010dinok?<\/h4>\n<p>Ako zodpovedn\u00fd oddych v\u00a0 spolo\u010dnosti priate\u013eov, ktor\u00fdch sp\u00e1ja nev\u0161edn\u00e9 hobby. Dnes je vcelku probl\u00e9m pestova\u0165 s\u00fabor v\u00a0 zlo\u017een\u00ed dospel\u00fdch a\u00a0zna\u010dne vy\u0165a\u017een\u00fdch \u013eud\u00ed, \u010di u\u017e pracovne alebo inak. Napriek tomu sa dok\u00e1\u017eeme zos\u00faladi\u0165.<\/p>\n<h4>V novembri ste osl\u00e1vili 15.\u00a0v\u00fdro\u010die Reminiscenci\u00ed. Ako vn\u00edmate t\u00fdch 15 rokov?<\/h4>\n<p>Za ten \u010das od zalo\u017eenia sme, mysl\u00edm, dozreli v\u00a0 ucelen\u00fd s\u00fabor so svojimi rados\u0165ami aj staros\u0165ami. Absolvovali sme 90 predstaven\u00ed po celom Slovensku aj za hranicami a\u00a0spolupracujeme s\u00a0 r\u00f4znymi eventov\u00fdmi agent\u00farami a\u00a0 kult\u00farnymi in\u0161tit\u00faciami. A\u00a0 m\u00e1m ve\u013ek\u00fa rados\u0165, ke\u010f sa n\u00e1m predstavenie podar\u00ed. V\u017edy je to aj trochu o\u00a0 zodpovednosti vo\u010di div\u00e1kom, aj trochu adrenal\u00edn.<\/p>\n<h4>Ak\u00fd je v\u00e1\u0161 najv\u00e4\u010d\u0161\u00ed \u00faspech?<\/h4>\n<p>Z \u00faspechov stoj\u00ed za zmienku s\u00fa\u0165a\u017e O\u00a0 J\u00edlovsk\u00e9 zlato 2007 s\u00a0 medzin\u00e1rodnou \u00fa\u010das\u0165ou v\u00a0 J\u00edlov\u00e9m u\u00a0 Prahy. Z\u00edskali sme vtedy 1.\u00a0 miesto v\u00a0 kateg\u00f3rii\u00a0barokn\u00ed \u0161lechtick\u00e9 tance\u00a0\u2013\u00a0sc\u00e9nick\u00e9 variace a\u00a02.\u00a0miesto v\u00a0kateg\u00f3rii barokn\u00ed \u0161lechtick\u00e9 tance\u00a0 \u2013\u00a0 rekonstrukce. Bol to nev\u0161edn\u00fd \u00faspech najm\u00e4 preto, \u017ee v\u00a0\u010cech\u00e1ch sa venuje historick\u00fdm tancom ove\u013ea viac kolekt\u00edvov ako u\u00a0n\u00e1s na Slovensku.<\/p>\n<h4>A \u010do in\u00e9 \u017e\u00e1nre ako dvorn\u00e9 tance?<\/h4>\n<p>Nebr\u00e1nime sa,\u00a0v\u00fdro\u010dn\u00fd program sme po\u0148ali viac\u017e\u00e1nrovo a\u00a0predstavenie sa stretlo tie\u017e s\u00a0ve\u013emi kladn\u00fdm ohlasom. Pozvali sme kapelu Funny Fellows a\u00a0s\u00a0nimi sme pripravili\u00a0tane\u010dn\u00e9 uk\u00e1\u017eky z\u00a030.\u00a0rokov, a\u00a0v\u00f4bec, ten program bol postaven\u00fd na teles\u00e1ch, s\u00a0ktor\u00fdmi sme sa po\u010das na\u0161ej existencie stretli na r\u00f4znych podujatiach. Vyst\u00fapili aj Flauteto s\u00a0 preceptorom Miroslavom \u0160tef\u00edkom, s\u00a0ktor\u00fdm sme spravili tie\u017e zauj\u00edmav\u00fa rozpr\u00e1vkov\u00fa t\u00e9mu, a\u00a0RK\u00a0\u2013\u00a0Quartet. Ke\u010f\u017ee na\u0161e 15.\u00a0v\u00fdro\u010die pripadlo na\u00a0 rok 800.\u00a0 v\u00fdro\u010dia prvej p\u00edsomnej zmienky o\u00a0 Skalici, do v\u00fdro\u010dn\u00e9ho programu sme zaradili aj hereck\u00fa sc\u00e9nku kr\u00e1\u013ea \u013dudov\u00edta, aj kr\u00e1\u013eovn\u00fa s\u00a0fragmentom vzniku mestsk\u00fdch hradieb v\u00a0Skalici v\u00a0podan\u00ed man\u017eelov \u017d\u00e1kov\u00fdch z\u00a0 ochotn\u00edckeho divadla v\u00a0Hlbokom.<\/p>\n<h4>\u010co pl\u00e1nuj\u00fa Reminiscencie do bud\u00facnosti?<\/h4>\n<p>Bud\u00facnos\u0165, d\u00fafam, bude, m\u00e1me to fajn zabehnut\u00e9, no bude ve\u013emi z\u00e1le\u017ea\u0165 na tom, \u010di n\u00e1jdeme priaznivcov a\u00a0 \u010di do s\u00faboru bud\u00fa prich\u00e1dza\u0165 \u0161ikovn\u00ed \u013eudia, tane\u010dn\u00edci alebo muzikanti. Zi\u0161la by sa aj v\u00e4\u010d\u0161ia finan\u010dn\u00e1 odmena za anga\u017eovan\u00e9 predstavenia. Dnes je doba zlo\u017eit\u00e1 a\u00a0 kult\u00fara to v\u00a0 dne\u0161nej spolo\u010dnosti nem\u00e1 veru jednoduch\u00e9. Pr\u00edle\u017eitost\u00ed m\u00e1me rozhodne menej ako predt\u00fdm. Uvid\u00edme.<\/p>\n<p><img loading=\"lazy\" decoding=\"async\" class=\"aligncenter size-thumbnail wp-image-340\" src=\"http:\/\/skalickyobzor.sk\/cms\/wp-content\/uploads\/2018\/01\/obzor_1_2018_korek5-066-150x150.png\" alt=\"\" width=\"150\" height=\"150\" \/><\/p>\n<p>Nasn\u00edmajte si QR do mobilu a vychutnajte si na videu umenie s\u00faboru Reminiscencie.<\/p>\n<p>&nbsp;<\/p>\n<pre><strong>Radovan Timko, zak\u013eadate\u013e s\u00faboru Reminiscencie<\/strong>\r\n\r\n<img loading=\"lazy\" decoding=\"async\" class=\"size-full wp-image-342 alignleft\" src=\"http:\/\/skalickyobzor.sk\/cms\/wp-content\/uploads\/2018\/01\/obzor_1_2018_korek5-064.jpg\" alt=\"\" width=\"234\" height=\"318\" srcset=\"http:\/\/skalickyobzor.sk\/cms\/wp-content\/uploads\/2018\/01\/obzor_1_2018_korek5-064.jpg 234w, http:\/\/skalickyobzor.sk\/cms\/wp-content\/uploads\/2018\/01\/obzor_1_2018_korek5-064-221x300.jpg 221w\" sizes=\"auto, (max-width: 234px) 100vw, 234px\" \/>R. Timko je absolventom UKF v\u00a0Nitre na Filozofickej fakulte, katedra etnol\u00f3gie. Poch\u00e1dza zo Skalice, kde aj dodnes \u017eije. Od \u0161tudentsk\u00fdch stredo\u0161kolsk\u00fdch rokov sa venuje tane\u010dn\u00e9mu umeniu\u00a0\u2013\u00a0spo\u010diatku ako tane\u010dn\u00edk vo FS Skali\u010dan, nesk\u00f4r vo vysoko\u0161kolskom s\u00fabore Ponitran v\u00a0Nitre a\u00a0Divadle Andreja Bagara v\u00a0Nitre. Po\u010das vojen\u010diny p\u00f4sobil v\u00a0Arm\u00e1dnom umeleckom s\u00fabore v\u00a0Bratislave, odkia\u013e sa po skon\u010den\u00ed z\u00e1kladnej vojenskej slu\u017eby vr\u00e1til do rodnej Skalice, kde p\u00f4sob\u00ed ako pedag\u00f3g \u013eudov\u00e9ho tanca v\u00a0DFS Skali\u010d\u00e1nek pri ZU\u0160 Dr.\u00a0Janka Blaha \u00a0v\u00a0Skalici. V\u00a0roku 2002 zalo\u017eil Reminiscencie\u00a0\u2013\u00a0s\u00fabor historick\u00e9ho tanca a\u00a0hudby.\r\n\r\n<strong>Kto s\u00fa Reminiscencie<\/strong>\r\n\r\nKvarteto: Tom\u00e1\u0161 Tom\u010dala\u00a0 \u2013\u00a0 1.\u00a0 husle, Du\u0161an Ond\u00edrko\u00a0 \u2013\u00a0 2.\u00a0 husle, Ivo Horsk\u00fd\u00a0\u2013\u00a0viola, Margita Jurigov\u00e1\u00a0\u2013\u00a0violon\u010delo, Roman Blaha\u00a0\u2013\u00a0spinet. \r\nTane\u010dn\u00edci: Romana Jur\u00edkov\u00e1, Bibiana Budinsk\u00e1, Darina Ger\u017eov\u00e1, Dominika H\u00e1dl\u00edkov\u00e1, Simona Miku\u0161ov\u00e1, Miroslav Turkovi\u010d, Peter Jur\u00ed\u010dek, Jozef Pukan\u010d\u00edk, Richard Jankovi\u010d, Radovan Timko.<\/pre>\n","protected":false},"excerpt":{"rendered":"<div class=\"mh-excerpt\"><p>Reminiscencie po latinsky znamenaj\u00fa d\u00e1vne spomienky. Je to z\u00e1rove\u0148 aj n\u00e1zov na Slovensku ojedinel\u00e9ho s\u00faboru, ktor\u00fd navy\u0161e p\u00f4sob\u00ed v\u00a0 Skalici. Venuje sa baroku a\u00a0 mot\u00edvom z\u00a0 tridsiatych rokov minul\u00e9ho storo\u010dia, pri\u010dom aktu\u00e1lne si pripom\u00edna u\u017e <a class=\"mh-excerpt-more\" href=\"http:\/\/skalickyobzor.sk\/cms\/ako-sa-ozivuje-minulost\/\" title=\"Ako sa o\u017eivuje minulos\u0165\">[&#8230;]<\/a><\/p>\n<\/div>","protected":false},"author":2,"featured_media":343,"comment_status":"closed","ping_status":"closed","sticky":false,"template":"","format":"standard","meta":{"footnotes":""},"categories":[10],"tags":[],"class_list":{"0":"post-401","1":"post","2":"type-post","3":"status-publish","4":"format-standard","5":"has-post-thumbnail","7":"category-zaujalo-nas"},"_links":{"self":[{"href":"http:\/\/skalickyobzor.sk\/cms\/wp-json\/wp\/v2\/posts\/401","targetHints":{"allow":["GET"]}}],"collection":[{"href":"http:\/\/skalickyobzor.sk\/cms\/wp-json\/wp\/v2\/posts"}],"about":[{"href":"http:\/\/skalickyobzor.sk\/cms\/wp-json\/wp\/v2\/types\/post"}],"author":[{"embeddable":true,"href":"http:\/\/skalickyobzor.sk\/cms\/wp-json\/wp\/v2\/users\/2"}],"replies":[{"embeddable":true,"href":"http:\/\/skalickyobzor.sk\/cms\/wp-json\/wp\/v2\/comments?post=401"}],"version-history":[{"count":1,"href":"http:\/\/skalickyobzor.sk\/cms\/wp-json\/wp\/v2\/posts\/401\/revisions"}],"predecessor-version":[{"id":402,"href":"http:\/\/skalickyobzor.sk\/cms\/wp-json\/wp\/v2\/posts\/401\/revisions\/402"}],"wp:featuredmedia":[{"embeddable":true,"href":"http:\/\/skalickyobzor.sk\/cms\/wp-json\/wp\/v2\/media\/343"}],"wp:attachment":[{"href":"http:\/\/skalickyobzor.sk\/cms\/wp-json\/wp\/v2\/media?parent=401"}],"wp:term":[{"taxonomy":"category","embeddable":true,"href":"http:\/\/skalickyobzor.sk\/cms\/wp-json\/wp\/v2\/categories?post=401"},{"taxonomy":"post_tag","embeddable":true,"href":"http:\/\/skalickyobzor.sk\/cms\/wp-json\/wp\/v2\/tags?post=401"}],"curies":[{"name":"wp","href":"https:\/\/api.w.org\/{rel}","templated":true}]}}