{"id":4020,"date":"2020-12-10T12:04:28","date_gmt":"2020-12-10T11:04:28","guid":{"rendered":"http:\/\/skalickyobzor.sk\/cms\/?p=4020"},"modified":"2020-12-10T12:35:27","modified_gmt":"2020-12-10T11:35:27","slug":"dom-tulakov-a-tulenia","status":"publish","type":"post","link":"http:\/\/skalickyobzor.sk\/cms\/dom-tulakov-a-tulenia\/","title":{"rendered":"Dom tul\u00e1kov a t\u00falenia"},"content":{"rendered":"<p><em><strong>Ka\u017ed\u00fd potrebuje prit\u00fali\u0165. Ka\u017ed\u00fd \u017eiv\u00fd tvor, nielen \u013eudia. \u00datulok pre zvierat\u00e1 bez domova m\u00e1 \u0161irok\u00fa n\u00e1ru\u010d, ale aj ve\u013ek\u00e9 starosti zabezpe\u010di\u0165 dobr\u00fd \u017eivot, pok\u00fdm si t\u00fdch \u0161\u0165astnej\u0161\u00edch niekto neodnesie do nov\u00fdch rod\u00edn. O\u00a0skalickom \u00fatulku sme u\u017e p\u00edsali v\u00a0Skalickom Obzore v\u00a0j\u00fani 2018.<\/strong><\/em><\/p>\n<p>Koniec roka n\u00e1s rob\u00ed citlivej\u0161\u00edmi, sviato\u010dn\u00e1 atmosf\u00e9ra sa sp\u00e1ja s\u00a0pomocou t\u00fdm, ktor\u00ed ju skuto\u010dne potrebuj\u00fa. A\u00a0nemusia to by\u0165 len \u013eudia. Napriek dobe, n\u00e1ro\u010dnej na \u017eivot n\u00e1s samotn\u00fdch, je d\u00f4le\u017eit\u00e9 zachova\u0165 si \u013eudskos\u0165. O\u00a0\u017eivote a\u00a0\u00faloh\u00e1ch \u00fatulku sme sa rozpr\u00e1vali s\u00a0jeho podpredsedn\u00ed\u010dkou Lenkou Pappovou.<\/p>\n<p><strong>Za\u010dnime od po\u010diatku. Ako \u00fatulok vznikol?<\/strong><br \/>\n\u00datulok v\u00a0Skalici zalo\u017eilo mesto v\u00a0roku 1997. Za tie roky pre\u0161iel mnoh\u00fdmi zmenami. Do dne\u0161nej podoby sa zmenil v\u00a0roku 2013, kedy sa ofici\u00e1lne stal ob\u010dianskym zdru\u017een\u00edm. Ka\u017ed\u00fd rok sa udeje v\u00a0\u00fatulku mnoho zmien, opr\u00e1v a\u00a0nov\u00fdch vec\u00ed. O\u00a0\u00fatulok pre ps\u00edkov sa aktu\u00e1lne akt\u00edvne star\u00e1 p\u00e4\u0165 dobrovo\u013en\u00ed\u010dok a\u00a0ma\u010di\u010dky maj\u00fa u\u00a0seba na\u0161e tri dlhoro\u010dn\u00e9 \u201edo\u010dask\u00e1rky\u201c.<\/p>\n<p><strong>Ako sa k\u00a0v\u00e1m naj\u010dastej\u0161ie zvierat\u00e1 dostan\u00fa?<\/strong><br \/>\nRo\u010dne prejde br\u00e1nami \u00fatulku pribli\u017ene 150 psov a 100 ma\u010diek. Kolobeh pr\u00edjmov a adopci\u00ed je nekone\u010dn\u00fd. Prij\u00edmame zvieratk\u00e1 v ka\u017edom veku a umiest\u0148ujeme do \u00fatulku alebo do\u010dasnej opatery pod\u013ea potreby a mo\u017enost\u00ed. Najdlh\u0161ie, tri a pol roka, je v \u00fatulku ps\u00edk Bady, a ma\u010di\u010dka Vara \u0161tyri a pol roka. Vekom najstar\u0161\u00ed je takmer slep\u00fd Ell, ktor\u00fd k n\u00e1m pri\u0161iel po smrti majite\u013ea a po tom, \u010do ho pozostal\u00ed chceli da\u0165 utrati\u0165. Najmlad\u0161\u00ed vekom, aj pobytom je ps\u00edk Deryl, ktor\u00fd m\u00e1 tri mesiace, no v \u010dase, kedy bude tento \u010dl\u00e1nok na svete, bude to u\u017e zase niekto \u010fal\u0161\u00ed. Mal\u00e9 \u0161teniatka si r\u00fdchlo nach\u00e1dzaj\u00fa domov a sn\u00e1\u010f Deryl nebude v\u00fdnimkou. Najmlad\u0161\u00edm ma\u010diatkom je Kiki, ktor\u00e1 je v\u00a0do\u010dasnej opatere v\u00a0Gbeloch.<\/p>\n<p><strong>V\u00a0\u010dom je rozdiel k\u00fapi\u0165 si zvieratko od chovate\u013ea a\u00a0osvoji\u0165 si ho od v\u00e1s?<\/strong><br \/>\nRozdiel je aj k\u00fapi\u0165 si zvieratko od chovate\u013ea alebo od mno\u017eite\u013ea, pr\u00edpadne adoptova\u0165 od n\u00e1s.<\/p>\n<p>Chovate\u013e pred\u00e1va zvieratk\u00e1 s preukazom p\u00f4vodu, \u010dipovan\u00e9, testovan\u00e9, o\u010dkovan\u00e9, od\u010derven\u00e9 a po r\u00f4znych in\u00fdch vy\u0161etreniach. Kv\u00f4li tomuto v\u0161etk\u00e9mu je aj cena tak\u00e9hoto zvieratka v\u00fdrazne vy\u0161\u0161ia. Mno\u017eite\u013e pon\u00faka zvieratka bez v\u0161etk\u00e9ho, za cenu prijate\u013en\u00fa be\u017en\u00e9mu \u201ekonzumentovi&#8220; a\u00a0\u010dasto pred\u00e1va zvierat\u00e1 v\u00a0zlom zdravotnom aj psychickom stave. Rodi\u010dia tak\u00fdchto \u0161teniatok \u010dasto \u017eij\u00fa v\u00a0katastrof\u00e1lnych podmienkach.<\/p>\n<p>Zvieratk\u00e1 z n\u00e1\u0161ho \u00fatulku d\u00e1vame na adopciu od\u010derven\u00e9, o\u010dkovan\u00e9, ka\u017ed\u00e9 pre\u0161lo veterin\u00e1rnym vy\u0161etren\u00edm. O pr\u00edpadn\u00fdch ochoreniach je z\u00e1ujemca informovan\u00fd pred adopciou a v pr\u00edpade komplik\u00e1cii majite\u013e m\u00f4\u017ee kontaktova\u0165, vieme poradi\u0165 a pom\u00f4c\u0165. Niektor\u00e9 zvieratk\u00e1 prijat\u00e9 do n\u00e1\u0161ho \u00fatulku si u\u017e za\u017eili to \u0161kared\u00e9 \u2013 re\u0165az, nez\u00e1ujem, \u017eivot na studenom dvore, pr\u00edpadne bitky, kopance aj psychick\u00e9 t\u00fdranie. Preto m\u00e1 n\u00e1\u0161 \u00fatulok svoje adop\u010dn\u00e9 podmienky a ned\u00e1va zvieratk\u00e1 ka\u017ed\u00e9mu, kto do \u00fatulku pr\u00edde. Tak ako vyber\u00e1me, komu zvieratko d\u00e1me, tak isto aj h\u013ead\u00e1me to spr\u00e1vne zvieratko pre ur\u010dit\u00e9ho \u010dloveka. Adop\u010dn\u00fdm procesom sa sna\u017e\u00edme vyl\u00fa\u010di\u0165 op\u00e4tovn\u00e9 t\u00fdranie a\u00a0ne\u0161\u0165astn\u00fd \u017eivot zvieratka.<\/p>\n<figure id=\"attachment_4022\" aria-describedby=\"caption-attachment-4022\" style=\"width: 514px\" class=\"wp-caption aligncenter\"><img loading=\"lazy\" decoding=\"async\" class=\"size-full wp-image-4022\" src=\"http:\/\/skalickyobzor.sk\/cms\/wp-content\/uploads\/2020\/12\/IMG_20201015_110922_1.jpg\" alt=\"\" width=\"514\" height=\"685\" srcset=\"http:\/\/skalickyobzor.sk\/cms\/wp-content\/uploads\/2020\/12\/IMG_20201015_110922_1.jpg 514w, http:\/\/skalickyobzor.sk\/cms\/wp-content\/uploads\/2020\/12\/IMG_20201015_110922_1-225x300.jpg 225w\" sizes=\"auto, (max-width: 514px) 100vw, 514px\" \/><figcaption id=\"caption-attachment-4022\" class=\"wp-caption-text\">Irina a\u00a0u\u017e adoptovan\u00fd \u010dierny Slash<\/figcaption><\/figure>\n<p><strong>Ako m\u00e1 by\u0165 pripraven\u00fd nov\u00fd majite\u013e?<\/strong><br \/>\nNe\u017e sa \u010dlovek rozhodne pre adopciu, mus\u00ed zv\u00e1\u017ei\u0165, \u010di dok\u00e1\u017ee splni\u0165 adop\u010dn\u00e9 podmienky stanoven\u00e9 \u00fatulkom, \u010di bude ma\u0165 na zvieratko dostatok \u010dasu a\u00a0energie, tie\u017e financi\u00ed na z\u00e1kladn\u00e9 o\u010dkovania a\u00a0nesk\u00f4r, vo vy\u0161\u0161om veku ps\u00edka, aj na \u010fal\u0161ie potrebn\u00e9 o\u0161etrenia alebo lieky. Z\u00e1kladom adopcie je l\u00e1ska k\u00a0zvierat\u00e1m, tolerancia k\u00a0\u017eiv\u00fdm bytostiam s\u00a0n\u00fadzou a\u00a0uspokojenie ich potrieb a\u00a0bezpe\u010dn\u00e9ho \u017eivota. Plat\u00ed to pre adopcie ps\u00edkov aj ma\u010diek. Ke\u010f si \u010dlovek zvieratko adoptuje, zachr\u00e1ni t\u00fdm rovno dva \u017eivoty. Jeden zvieratku, ktor\u00e9 v\u00a0\u00fatulku na\u0161lo \u00fato\u010disko a\u00a0bezpe\u010die, a\u00a0pokra\u010duje do all inclusive domova, a\u00a0druh\u00fd zvieratku, ktor\u00e9 \u010dak\u00e1 na ulici na z\u00e1chranu a\u00a0pomoc \u00fatulku.<\/p>\n<figure id=\"attachment_4027\" aria-describedby=\"caption-attachment-4027\" style=\"width: 493px\" class=\"wp-caption aligncenter\"><img loading=\"lazy\" decoding=\"async\" class=\"size-full wp-image-4027\" src=\"http:\/\/skalickyobzor.sk\/cms\/wp-content\/uploads\/2020\/12\/kocurik.jpg\" alt=\"\" width=\"493\" height=\"672\" srcset=\"http:\/\/skalickyobzor.sk\/cms\/wp-content\/uploads\/2020\/12\/kocurik.jpg 493w, http:\/\/skalickyobzor.sk\/cms\/wp-content\/uploads\/2020\/12\/kocurik-220x300.jpg 220w\" sizes=\"auto, (max-width: 493px) 100vw, 493px\" \/><figcaption id=\"caption-attachment-4027\" class=\"wp-caption-text\">Koc\u00farik Julianko, ktor\u00fd zv\u00ed\u0165azil nad z\u00e1kernou chorobou panleukop\u00e9nia<\/figcaption><\/figure>\n<p><strong>Kedy sa k\u00a0v\u00e1m m\u00f4\u017ee ob\u010dan pr\u00eds\u0165 pozrie\u0165, pr\u00edpadne ven\u010di\u0165?<\/strong><br \/>\nDo \u00fatulku m\u00f4\u017ee pr\u00eds\u0165 ka\u017ed\u00fd, kto nos\u00ed chlpy pod srdcom \u263a.<\/p>\n<blockquote>\n<p style=\"text-align: center;\"><strong>De\u0148 a\u00a0\u010das sa d\u00e1 dohodn\u00fa\u0165 prostredn\u00edctvom e-mailu utuloksi@gmail.com, na Facebooku OZ \u00datulok Skalica alebo telefonicky, formou SMS na 0904 249 756. Spravidla sa ven\u010d\u00ed v\u00a0sobotu a\u00a0nede\u013eu medzi<\/strong><br \/>\n<strong>11-tou a\u017e 14-tou hodinou.<\/strong><\/p>\n<\/blockquote>\n<p><strong>\u010co v\u00e1s najviac tr\u00e1pi, okrem nedostatku financi\u00ed?<\/strong><br \/>\nNajviac n\u00e1s tr\u00e1pi \u013eudsk\u00e1 arogancia a odmietanie kastr\u00e1cie zvierat \u2013 ma\u010diek, ktor\u00e9 behaj\u00fa po dvore, \u010di psov a su\u010diek so zle zabezpe\u010den\u00fdm oploten\u00edm. Pre tie zvierat\u00e1 nie je ani zdrav\u00e9 prech\u00e1dza\u0165 ka\u017ed\u00fd rok, \u010di viackr\u00e1t ro\u010dne, rujou, h\u00e1ran\u00edm a\u00a0neust\u00e1lym roden\u00edm. Nechcen\u00e9 zvierat\u00e1 kon\u010dia v\u00a0lep\u0161om pr\u00edpade v\u00a0\u00fatulku, v\u00a0hor\u0161om v\u00a0potokoch, kontajneroch, pochovan\u00e9 za\u017eiva, ci ubit\u00e9 lopatou &#8230;<\/p>\n<p><strong>\u010c\u00edm m\u00f4\u017eeme pom\u00f4c\u0165?<\/strong><br \/>\n\u00datulky nie s\u00fa nafukovacie a\u00a0nedok\u00e1\u017eu prija\u0165 v\u0161etky nechcen\u00e9 zvierat\u00e1. Z\u00e1klad slu\u0161nej existencie je kastr\u00e1cia zvierat, ktor\u00e9 nepotrebuj\u00fa rodi\u0165 a\u00a0mno\u017ei\u0165 sa. Z\u00a0n\u00e1\u0161ho poh\u013eadu s\u00fa to v\u0161etky, ktor\u00e9 nie s\u00fa ur\u010den\u00e9 na chov, s\u00a0papiermi p\u00f4vodu. V\u00a0tomto smere uv\u00edtame najv\u00e4\u010d\u0161iu pomoc \u00fatulku v\u00a0zmene postoja \u013eud\u00ed a\u00a0tak, pros\u00edm, kastrujte svoje zvierat\u00e1.<\/p>\n","protected":false},"excerpt":{"rendered":"<div class=\"mh-excerpt\"><p>Ka\u017ed\u00fd potrebuje prit\u00fali\u0165. Ka\u017ed\u00fd \u017eiv\u00fd tvor, nielen \u013eudia. \u00datulok pre zvierat\u00e1 bez domova m\u00e1 \u0161irok\u00fa n\u00e1ru\u010d, ale aj ve\u013ek\u00e9 starosti zabezpe\u010di\u0165 dobr\u00fd \u017eivot, pok\u00fdm si t\u00fdch \u0161\u0165astnej\u0161\u00edch niekto neodnesie do nov\u00fdch rod\u00edn. O\u00a0skalickom \u00fatulku sme <a class=\"mh-excerpt-more\" href=\"http:\/\/skalickyobzor.sk\/cms\/dom-tulakov-a-tulenia\/\" title=\"Dom tul\u00e1kov a t\u00falenia\">[&#8230;]<\/a><\/p>\n<\/div>","protected":false},"author":1,"featured_media":4021,"comment_status":"closed","ping_status":"closed","sticky":false,"template":"","format":"standard","meta":{"footnotes":""},"categories":[10],"tags":[],"class_list":{"0":"post-4020","1":"post","2":"type-post","3":"status-publish","4":"format-standard","5":"has-post-thumbnail","7":"category-zaujalo-nas"},"_links":{"self":[{"href":"http:\/\/skalickyobzor.sk\/cms\/wp-json\/wp\/v2\/posts\/4020","targetHints":{"allow":["GET"]}}],"collection":[{"href":"http:\/\/skalickyobzor.sk\/cms\/wp-json\/wp\/v2\/posts"}],"about":[{"href":"http:\/\/skalickyobzor.sk\/cms\/wp-json\/wp\/v2\/types\/post"}],"author":[{"embeddable":true,"href":"http:\/\/skalickyobzor.sk\/cms\/wp-json\/wp\/v2\/users\/1"}],"replies":[{"embeddable":true,"href":"http:\/\/skalickyobzor.sk\/cms\/wp-json\/wp\/v2\/comments?post=4020"}],"version-history":[{"count":5,"href":"http:\/\/skalickyobzor.sk\/cms\/wp-json\/wp\/v2\/posts\/4020\/revisions"}],"predecessor-version":[{"id":4029,"href":"http:\/\/skalickyobzor.sk\/cms\/wp-json\/wp\/v2\/posts\/4020\/revisions\/4029"}],"wp:featuredmedia":[{"embeddable":true,"href":"http:\/\/skalickyobzor.sk\/cms\/wp-json\/wp\/v2\/media\/4021"}],"wp:attachment":[{"href":"http:\/\/skalickyobzor.sk\/cms\/wp-json\/wp\/v2\/media?parent=4020"}],"wp:term":[{"taxonomy":"category","embeddable":true,"href":"http:\/\/skalickyobzor.sk\/cms\/wp-json\/wp\/v2\/categories?post=4020"},{"taxonomy":"post_tag","embeddable":true,"href":"http:\/\/skalickyobzor.sk\/cms\/wp-json\/wp\/v2\/tags?post=4020"}],"curies":[{"name":"wp","href":"https:\/\/api.w.org\/{rel}","templated":true}]}}